{"id":10671,"date":"2013-11-08T18:26:44","date_gmt":"2013-11-08T18:26:44","guid":{"rendered":"https:\/\/gilfuentes.com.br\/novo\/?p=10671"},"modified":"2013-11-08T18:26:44","modified_gmt":"2013-11-08T18:26:44","slug":"monica-parade-movimenta-sao-paulo-e-comeca-neste-final-de-semana","status":"publish","type":"post","link":"https:\/\/gilfuentes.com.br\/novo\/monica-parade-movimenta-sao-paulo-e-comeca-neste-final-de-semana","title":{"rendered":"&#8220;M\u00f4nica Parade&#8221; movimenta S\u00e3o Paulo e come\u00e7a neste final de semana"},"content":{"rendered":"<p>Como uma das a\u00e7\u00f5es promovidas por Maur\u00edcio de Sousa, para comemorar os 50 anos da dentu\u00e7a mais famosa do Brasil, bonecas da M\u00f4nica com diferentes t\u00e9cnicas art\u00edsticas poder\u00e3o ser vistas em todos cantos da cidade por um m\u00eas, em lugares como parques e pontos tur\u00edsticos. Depois disso, algumas ser\u00e3o leiloadas com rendas revertidas para a UNICEF. A M\u00f4nica estilizada pelo pr\u00f3prio<strong><em>\u00a0Maur\u00edcio de Sousa\u00a0<\/em><\/strong>homenageia justamente a organiza\u00e7\u00e3o, que preserva os direitos das crian\u00e7as.<\/p>\n<p>&nbsp;<\/p>\n<p>Haver\u00e3o vers\u00f5es inspiradas em Pop Art e\u00a0Belle \u00c9poque, M\u00f4nicas estampadas, uma boneca inspirada na\u00a0Frida Kahlo e outra com desenho de esqueleto, M\u00f4nica roqueira e muito mais.<\/p>\n<p>&nbsp;<\/p>\n<p><a href=\"https:\/\/gilfuentes.com.br\/novo\/wp-content\/uploads\/2013\/11\/Monica-Parade.jpg\"><img loading=\"lazy\" decoding=\"async\" class=\"alignnone size-full wp-image-10672\" title=\"Monica Parade\" src=\"https:\/\/gilfuentes.com.br\/novo\/wp-content\/uploads\/2013\/11\/Monica-Parade.jpg\" alt=\"\" width=\"600\" height=\"429\" srcset=\"https:\/\/gilfuentes.com.br\/novo\/wp-content\/uploads\/2013\/11\/Monica-Parade.jpg 600w, https:\/\/gilfuentes.com.br\/novo\/wp-content\/uploads\/2013\/11\/Monica-Parade-349x250.jpg 349w\" sizes=\"auto, (max-width: 600px) 100vw, 600px\" \/><\/a><\/p>\n<p>&nbsp;<\/p>\n<p><a href=\"https:\/\/gilfuentes.com.br\/novo\/wp-content\/uploads\/2013\/11\/Monica-Parade1.jpg\"><img loading=\"lazy\" decoding=\"async\" class=\"alignnone size-full wp-image-10674\" title=\"Monica Parade1\" src=\"https:\/\/gilfuentes.com.br\/novo\/wp-content\/uploads\/2013\/11\/Monica-Parade1.jpg\" alt=\"\" width=\"580\" height=\"290\" srcset=\"https:\/\/gilfuentes.com.br\/novo\/wp-content\/uploads\/2013\/11\/Monica-Parade1.jpg 580w, https:\/\/gilfuentes.com.br\/novo\/wp-content\/uploads\/2013\/11\/Monica-Parade1-499x250.jpg 499w\" sizes=\"auto, (max-width: 580px) 100vw, 580px\" \/><\/a><\/p>\n<p>&nbsp;<\/p>\n<p><a href=\"https:\/\/gilfuentes.com.br\/novo\/wp-content\/uploads\/2013\/11\/Monica-Parade_.jpg\"><img loading=\"lazy\" decoding=\"async\" class=\"alignnone size-full wp-image-10673\" title=\"Monica Parade_\" src=\"https:\/\/gilfuentes.com.br\/novo\/wp-content\/uploads\/2013\/11\/Monica-Parade_.jpg\" alt=\"\" width=\"600\" height=\"429\" srcset=\"https:\/\/gilfuentes.com.br\/novo\/wp-content\/uploads\/2013\/11\/Monica-Parade_.jpg 600w, https:\/\/gilfuentes.com.br\/novo\/wp-content\/uploads\/2013\/11\/Monica-Parade_-349x250.jpg 349w\" sizes=\"auto, (max-width: 600px) 100vw, 600px\" \/><\/a><\/p>\n<p>&nbsp;<\/p>\n<p>.<\/p>\n","protected":false},"excerpt":{"rendered":"<p>Como uma das a\u00e7\u00f5es promovidas por Maur\u00edcio de Sousa, para comemorar os 50 anos da dentu\u00e7a mais famosa do Brasil, [&hellip;]<\/p>\n","protected":false},"author":1,"featured_media":10675,"comment_status":"closed","ping_status":"closed","sticky":false,"template":"","format":"standard","meta":{"footnotes":""},"categories":[5,8],"tags":[],"class_list":["post-10671","post","type-post","status-publish","format-standard","has-post-thumbnail","hentry","category-coluna","category-noticias"],"_links":{"self":[{"href":"https:\/\/gilfuentes.com.br\/novo\/wp-json\/wp\/v2\/posts\/10671","targetHints":{"allow":["GET"]}}],"collection":[{"href":"https:\/\/gilfuentes.com.br\/novo\/wp-json\/wp\/v2\/posts"}],"about":[{"href":"https:\/\/gilfuentes.com.br\/novo\/wp-json\/wp\/v2\/types\/post"}],"author":[{"embeddable":true,"href":"https:\/\/gilfuentes.com.br\/novo\/wp-json\/wp\/v2\/users\/1"}],"replies":[{"embeddable":true,"href":"https:\/\/gilfuentes.com.br\/novo\/wp-json\/wp\/v2\/comments?post=10671"}],"version-history":[{"count":2,"href":"https:\/\/gilfuentes.com.br\/novo\/wp-json\/wp\/v2\/posts\/10671\/revisions"}],"predecessor-version":[{"id":10677,"href":"https:\/\/gilfuentes.com.br\/novo\/wp-json\/wp\/v2\/posts\/10671\/revisions\/10677"}],"wp:featuredmedia":[{"embeddable":true,"href":"https:\/\/gilfuentes.com.br\/novo\/wp-json\/wp\/v2\/media\/10675"}],"wp:attachment":[{"href":"https:\/\/gilfuentes.com.br\/novo\/wp-json\/wp\/v2\/media?parent=10671"}],"wp:term":[{"taxonomy":"category","embeddable":true,"href":"https:\/\/gilfuentes.com.br\/novo\/wp-json\/wp\/v2\/categories?post=10671"},{"taxonomy":"post_tag","embeddable":true,"href":"https:\/\/gilfuentes.com.br\/novo\/wp-json\/wp\/v2\/tags?post=10671"}],"curies":[{"name":"wp","href":"https:\/\/api.w.org\/{rel}","templated":true}]}}