{"id":10693,"date":"2013-11-10T14:54:00","date_gmt":"2013-11-10T14:54:00","guid":{"rendered":"https:\/\/gilfuentes.com.br\/novo\/?p=10693"},"modified":"2013-11-10T14:54:00","modified_gmt":"2013-11-10T14:54:00","slug":"festival-planeta-terra-agita-sao-paulo-com-artistas-internacionais","status":"publish","type":"post","link":"https:\/\/gilfuentes.com.br\/novo\/festival-planeta-terra-agita-sao-paulo-com-artistas-internacionais","title":{"rendered":"Festival Planeta Terra agita S\u00e3o Paulo com artistas internacionais"},"content":{"rendered":"<p>A edi\u00e7\u00e3o 2013 do festival Planeta Terra, realizada na noite deste s\u00e1bado (9), no Campo de Marte, em S\u00e3o Paulo, foi marcada por encontros longamente esperados. Com estilos e trajet\u00f3rias bastante diferentes, as duas principais atra\u00e7\u00f5es da noite, Blur e Lana Del Rey, atra\u00edram a maior parte do p\u00fablico, que, segundo a organiza\u00e7\u00e3o do evento, foi de 27 mil pessoas.<\/p>\n<p>&nbsp;<\/p>\n<p><img loading=\"lazy\" decoding=\"async\" class=\"alignnone size-full wp-image-10694\" title=\"Lana Del Rey\" src=\"https:\/\/gilfuentes.com.br\/novo\/wp-content\/uploads\/2013\/11\/Lana-Del-Rey.jpg\" alt=\"\" width=\"697\" height=\"460\" srcset=\"https:\/\/gilfuentes.com.br\/novo\/wp-content\/uploads\/2013\/11\/Lana-Del-Rey.jpg 697w, https:\/\/gilfuentes.com.br\/novo\/wp-content\/uploads\/2013\/11\/Lana-Del-Rey-378x250.jpg 378w\" sizes=\"auto, (max-width: 697px) 100vw, 697px\" \/><\/p>\n<p>&nbsp;<\/p>\n<p>&nbsp;<\/p>\n<p>\u201cSei que voc\u00eas est\u00e3o comigo desde o come\u00e7o. Obrigada por fazer eu me lembrar por que amo tanto cantar\u201d, Lana Del Rey agradeceu, em uma das v\u00e1rias vezes em que disse ser \u201cuma loucura\u201d estar no Brasil. \u201cVoc\u00eas n\u00e3o acreditam o quanto esperamos para vir pra c\u00e1. N\u00e3o quero esperar mais dois anos para voltar\u201d, refor\u00e7ou, antes de comentar que \u201cconversa com muitos brasileiros\u201d.<\/p>\n<p>&nbsp;<\/p>\n<p>Al\u00e9m de Lana,\u00a0Clarice Falc\u00e3o,\u00a0BNeg\u00e3o, Palma Violets, Travis, Beck e Blur tamb\u00e9m subiram ao palco do Festival.<\/p>\n<p>&nbsp;<\/p>\n<p>.<\/p>\n","protected":false},"excerpt":{"rendered":"<p>A edi\u00e7\u00e3o 2013 do festival Planeta Terra, realizada na noite deste s\u00e1bado (9), no Campo de Marte, em S\u00e3o Paulo, [&hellip;]<\/p>\n","protected":false},"author":1,"featured_media":10695,"comment_status":"closed","ping_status":"closed","sticky":false,"template":"","format":"standard","meta":{"footnotes":""},"categories":[5,8],"tags":[],"class_list":["post-10693","post","type-post","status-publish","format-standard","has-post-thumbnail","hentry","category-coluna","category-noticias"],"_links":{"self":[{"href":"https:\/\/gilfuentes.com.br\/novo\/wp-json\/wp\/v2\/posts\/10693","targetHints":{"allow":["GET"]}}],"collection":[{"href":"https:\/\/gilfuentes.com.br\/novo\/wp-json\/wp\/v2\/posts"}],"about":[{"href":"https:\/\/gilfuentes.com.br\/novo\/wp-json\/wp\/v2\/types\/post"}],"author":[{"embeddable":true,"href":"https:\/\/gilfuentes.com.br\/novo\/wp-json\/wp\/v2\/users\/1"}],"replies":[{"embeddable":true,"href":"https:\/\/gilfuentes.com.br\/novo\/wp-json\/wp\/v2\/comments?post=10693"}],"version-history":[{"count":2,"href":"https:\/\/gilfuentes.com.br\/novo\/wp-json\/wp\/v2\/posts\/10693\/revisions"}],"predecessor-version":[{"id":10697,"href":"https:\/\/gilfuentes.com.br\/novo\/wp-json\/wp\/v2\/posts\/10693\/revisions\/10697"}],"wp:featuredmedia":[{"embeddable":true,"href":"https:\/\/gilfuentes.com.br\/novo\/wp-json\/wp\/v2\/media\/10695"}],"wp:attachment":[{"href":"https:\/\/gilfuentes.com.br\/novo\/wp-json\/wp\/v2\/media?parent=10693"}],"wp:term":[{"taxonomy":"category","embeddable":true,"href":"https:\/\/gilfuentes.com.br\/novo\/wp-json\/wp\/v2\/categories?post=10693"},{"taxonomy":"post_tag","embeddable":true,"href":"https:\/\/gilfuentes.com.br\/novo\/wp-json\/wp\/v2\/tags?post=10693"}],"curies":[{"name":"wp","href":"https:\/\/api.w.org\/{rel}","templated":true}]}}