{"id":11040,"date":"2013-11-24T01:00:17","date_gmt":"2013-11-24T01:00:17","guid":{"rendered":"https:\/\/gilfuentes.com.br\/novo\/?p=11040"},"modified":"2013-11-24T12:21:22","modified_gmt":"2013-11-24T12:21:22","slug":"wilson-farias-nascimento-e-o-entrevistado-deste-domingo","status":"publish","type":"post","link":"https:\/\/gilfuentes.com.br\/novo\/wilson-farias-nascimento-e-o-entrevistado-deste-domingo","title":{"rendered":"Wilson Farias Nascimento \u00e9 o entrevistado deste domingo"},"content":{"rendered":"<p>&nbsp;<\/p>\n<p><em>Seu sonho de crian\u00e7a era trabalhar de palet\u00f3 e gravata e viajar pelo mundo. Hoje Wilson Farias Nascimento \u00e9 mestre em Coaching e administrador de empresas, s\u00f3cio e diretor do Instituto Evolutivo, com foco em desenvolvimento de lideran\u00e7as e forma\u00e7\u00f5es em Coaching e PNL, professor universit\u00e1rio e co-autor dos livros \u201cEquipes de alto desempenho\u201d, \u201cFelicidade 360\u00ba\u201d e \u201cTreinadores Comportamentais\u201d.<\/em><\/p>\n<p>&nbsp;<\/p>\n<p><a href=\"https:\/\/gilfuentes.com.br\/novo\/wp-content\/uploads\/2013\/11\/Fam6_12.jpg\"><img loading=\"lazy\" decoding=\"async\" class=\"alignnone  wp-image-11041\" title=\"Fam6_1\" alt=\"\" src=\"https:\/\/gilfuentes.com.br\/novo\/wp-content\/uploads\/2013\/11\/Fam6_12-780x1024.jpg\" width=\"468\" height=\"614\" srcset=\"https:\/\/gilfuentes.com.br\/novo\/wp-content\/uploads\/2013\/11\/Fam6_12-780x1024.jpg 780w, https:\/\/gilfuentes.com.br\/novo\/wp-content\/uploads\/2013\/11\/Fam6_12-190x250.jpg 190w, https:\/\/gilfuentes.com.br\/novo\/wp-content\/uploads\/2013\/11\/Fam6_12.jpg 800w\" sizes=\"auto, (max-width: 468px) 100vw, 468px\" \/><\/a><\/p>\n<p>&nbsp;<\/p>\n<p>&nbsp;<\/p>\n<p><strong>Voc\u00ea foi\u00a0<\/strong><strong>Policial Militar. Porque deixou a farda?<\/strong><\/p>\n<p><strong>Wilson Farias Nascimento &#8211;<\/strong> Depois de nove meses na Aeron\u00e1utica fiquei desempregado. Acostumado ao modelo militar prestei o concurso e passei. Fui o segundo colocado entre 600 alunos. Por mais de quinze anos trabalhei na \u00e1rea operacional. Em 1996 conheci minha esposa, que tinha um pequeno com\u00e9rcio e juntos chegamos a cinco supermercados. Minha vida era dividida entre noites de flagrantes em delegacias e negocia\u00e7\u00f5es com vendedores e colaboradores durante o dia, o que me for\u00e7ou a sair e me dedicar \u00e0 empresa. Convivi em ambientes que algumas pessoas nem sonham que existam, presenciei v\u00e1rias fam\u00edlias destru\u00eddas e muito preconceito. Acompanhei por quatro anos o ex-prefeito de S\u00e3o Paulo, Celso Pitta, e vi neste momento o meu sonho de crian\u00e7a come\u00e7ando a se concretizar, pois trabalhava de terno e gravata ao lado da pessoa mais importante do munic\u00edpio de S\u00e3o Paulo naquela \u00e9poca.<\/p>\n<p>&nbsp;<\/p>\n<p><strong>Atuou como administrador de empresas?<\/strong><\/p>\n<p><strong>Wilson &#8211;<\/strong> Sim, fui buscar a forma\u00e7\u00e3o por conta dos desafios do supermercado. Alguns amigos donos de supermercados come\u00e7aram a pedir ajuda. Abri uma pequena consultoria em planejamento estrat\u00e9gico. Fiz parte de um projeto do Sebrae. Fui presidente do n\u00facleo de mercados da regi\u00e3o de Ferraz de Vasconcelos, com enfoque no associativismo e desenvolvimento de gest\u00e3o.<\/p>\n<p>&nbsp;<\/p>\n<p><strong>Como descobriu o Coaching?<\/strong><\/p>\n<p><strong>Wilson &#8211;<\/strong> Com o crescimento das lojas e o quadro de colaboradores, deparei com o maior desafio das empresas: pessoas, como motivar? Fui ent\u00e3o fazer um curso de T\u00e9cnicas de Coaching para gest\u00e3o de equipes. Apaixonei-me por essa \u00e1rea e nunca mais parei de estudar. Fiz todas as forma\u00e7\u00f5es no Brasil na \u00e1rea de Coaching e PNL e atualmente estou finalizando meu Mestrado em Coaching nos Estados Unidos. Posso assegurar que o Coaching acelera resultados, afinal a minha pr\u00f3pria hist\u00f3ria \u00e9 exemplo disso.<\/p>\n<p>&nbsp;<\/p>\n<p><strong>Como s\u00e3o os treinamentos atrav\u00e9s do Instituto Evolutivo?<\/strong><\/p>\n<p><strong>Wilson &#8211;<\/strong> Identificamos a necessidade da empresa e formatamos o treinamento de acordo com a particularidade da organiza\u00e7\u00e3o. Neste ano de 2013 fizemos muitos treinamentos de desenvolvimento de lideran\u00e7a e trabalho de equipes de alto desempenho. Existe uma grande demanda por conta do desafio de motivar pessoas. Fora isso, oferecemos a forma\u00e7\u00e3o em Coaching e PNL com certifica\u00e7\u00e3o internacional.<\/p>\n<p>&nbsp;<\/p>\n<p><img loading=\"lazy\" decoding=\"async\" class=\"alignnone  wp-image-11073\" alt=\"Wilson Farias Nascimento\" src=\"https:\/\/gilfuentes.com.br\/novo\/wp-content\/uploads\/2013\/11\/Wilson-Farias-Nascimento.jpg\" width=\"480\" height=\"515\" srcset=\"https:\/\/gilfuentes.com.br\/novo\/wp-content\/uploads\/2013\/11\/Wilson-Farias-Nascimento.jpg 800w, https:\/\/gilfuentes.com.br\/novo\/wp-content\/uploads\/2013\/11\/Wilson-Farias-Nascimento-232x250.jpg 232w\" sizes=\"auto, (max-width: 480px) 100vw, 480px\" \/><\/p>\n<p>&nbsp;<\/p>\n<p><strong>D<\/strong><strong>\u00e1\u00a0<\/strong><strong>aul<\/strong><strong>as aos s\u00e1bados no Rio de Janeiro e t<\/strong><strong>amb\u00e9m na Fl\u00f3rida. E o ingl\u00eas?<\/strong><\/p>\n<p><strong>Wilson &#8211;<\/strong> Fui convidado a fazer parte do\u00a0departamento de Coaching da Florida Cristian University, que tem um campus na cidade de Petr\u00f3polis \u2013 RJ onde dou aula no curso de Mestrado em Coaching. L\u00e1 os alunos falam portugu\u00eas. O desafio \u00e9 quando vou para Fl\u00f3rida. Talvez essa seja a hist\u00f3ria mais fant\u00e1stica da minha vida e do meu amigo e s\u00f3cio Douglas de Matteu. Iniciamos o Mestrado em Coaching e tempos depois descobrimos que o reitor da universidade americana viria ao Brasil. Descobrimos onde ele estaria e fomos com a cara e a coragem conhec\u00ea-lo, em Campo Limpo Paulista. Ensaiamos nosso ingl\u00eas &#8211; que n\u00e3o era dos melhores &#8211; e para nossa surpresa ele falava portugu\u00eas. Entregamos nossos curr\u00edculos e em trinta dias fomos convidados a ir para os EUA para lecionar sobre Coaching, como professores convidados.\u00a0 E o melhor, com tradu\u00e7\u00e3o para espanhol e ingl\u00eas. Algum tempo depois o reitor disse que a nossa atitude de ir ao encontro dele foi o maior indicador de garra e comprometimento, sendo um fator decisivo na nossa contrata\u00e7\u00e3o como professores. Quanto ao ingl\u00eas, tenho estudado bastante.<\/p>\n<p>&nbsp;<\/p>\n<p><strong>Quando embarca para os<\/strong><strong>\u00a0EUA para concluir seu mestrado?<\/strong><\/p>\n<p><strong>Wilson &#8211;<\/strong> Embarco dia 27 de novembro. Vou trabalhar em um congresso de Coaching. Dia 6 de dezembro defendo a minha tese com o tema \u201cOs benef\u00edcios do Coaching no desenvolvimento organizacional\u201d. Meus filhos estar\u00e3o presentes, pois eles precisam entender que \u00e9 poss\u00edvel realizar sonhos, mas que o processo nem sempre \u00e9 simples e confort\u00e1vel. Eles acompanharam os muitos finais de semana que passei estudando at\u00e9 altas horas.<\/p>\n<p>&nbsp;<\/p>\n<p><strong>Sofreu algum tipo de preconceito?<\/strong><\/p>\n<p><strong>Wilson &#8211;<\/strong> Sim, v\u00e1rias vezes. Acredito que duas marcaram mais. Uma aconteceu em um hotel no interior de Minas Gerais, chegando ao ponto de ter que fechar a conta e ir embora, pois a situa\u00e7\u00e3o foi horr\u00edvel. Outra em uma lanchonete com meus filhos. Sou casado com uma japonesa e meus filhos t\u00eam tra\u00e7os orientais e a minha cor de pele. Ouvimos o seguinte coment\u00e1rio de uma fam\u00edlia a nossa frente: \u201cNossa que estranho, nunca tinha visto japon\u00eas preto\u201d. Mas nada disso tirou a minha garra e disposi\u00e7\u00e3o em buscar novos desafios. \u00c9 isso que ensino aos meus filhos.<\/p>\n<p>&nbsp;<\/p>\n<p><strong>Acredita que \u00e9 mais respeitado por estar sempre de terno e gravata?<\/strong><\/p>\n<p><strong>Wilson \u2013<\/strong> Sim. A forma como voc\u00ea se apresenta facilita o primeiro contato, ainda mais no mundo corporativo que estou inserido. O terno e gravata s\u00e3o como uniforme e fazem parte do cart\u00e3o de visita. \u00c9 muito importante lembrar que nossa postura vai sustentar as rela\u00e7\u00f5es comerciais, sendo congruente sua fala com o seu comportamento.<\/p>\n<p>&nbsp;<\/p>\n<p><strong>O fato de ser casado com uma descendente de orientais foi um problema?<\/strong><\/p>\n<p><strong>Wilson &#8211;<\/strong> Para a fam\u00edlia n\u00e3o. Os orientais gostam de pessoas que trabalham, logo conquistei a todos.<\/p>\n<p>&nbsp;<\/p>\n<p><strong>Qual a sua opini\u00e3o sobre o sistema de cotas para negros?<\/strong><\/p>\n<p><strong>Wilson &#8211;<\/strong> Entendo que \u00e9 um movimento do Estado para assegurar alguns direitos, por\u00e9m acredito que n\u00f3s negros somos capazes de entrar em qualquer universidade e atuar em qualquer \u00e1rea profissional. Ao longo da hist\u00f3ria estamos sempre nos destacando. Lembro que em v\u00e1rios cursos que frequentei pelo Brasil, sempre observei que os negros eram minorias. Em alguns momentos era somente eu e sempre me questionei o por que. Eu estou aqui porque n\u00e3o existem outros? Portanto merecemos sim ser vencedores e nos tornar pessoas bem sucedidas, s\u00f3 precisamos acreditar em nossos sonhos e entrar em a\u00e7\u00e3o, isso \u00e9 superior a qualquer pr\u00e9-conceito.<\/p>\n<p>&nbsp;<\/p>\n<p><strong>JOGO R\u00c1PIDO<\/strong><\/p>\n<p>&nbsp;<\/p>\n<p><strong>Um lugar<\/strong><strong><br \/>\n<\/strong>Campo<\/p>\n<p>&nbsp;<\/p>\n<p><strong>Um cheiro<\/strong><br \/>\nO da minha V\u00f3<\/p>\n<p>&nbsp;<\/p>\n<p><strong>Uma cor<\/strong><br \/>\nAzul<\/p>\n<p>&nbsp;<\/p>\n<p><strong>Um livro<\/strong><br \/>\nQual \u00e9 a tua Obra?<\/p>\n<p>&nbsp;<\/p>\n<p><strong>Um filme<\/strong><br \/>\nCoach Carter<\/p>\n<p>&nbsp;<\/p>\n<p><strong>Uma m\u00fasica<\/strong><br \/>\nTempos modernos<\/p>\n<p>&nbsp;<\/p>\n<p><strong>Um momento<\/strong><br \/>\nCasamento<\/p>\n<p>&nbsp;<\/p>\n<p><strong>Um homem<\/strong><br \/>\nMeu pai<\/p>\n<p>&nbsp;<\/p>\n<p><strong>Uma mulher<\/strong><br \/>\nMinha esposa<\/p>\n<p>&nbsp;<\/p>\n<p><strong>Deus<\/strong><br \/>\nRefer\u00eancia<\/p>\n","protected":false},"excerpt":{"rendered":"<p>&nbsp; Seu sonho de crian\u00e7a era trabalhar de palet\u00f3 e gravata e viajar pelo mundo. Hoje Wilson Farias Nascimento \u00e9 [&hellip;]<\/p>\n","protected":false},"author":1,"featured_media":11073,"comment_status":"closed","ping_status":"closed","sticky":false,"template":"","format":"standard","meta":{"footnotes":""},"categories":[5,8],"tags":[],"class_list":["post-11040","post","type-post","status-publish","format-standard","has-post-thumbnail","hentry","category-coluna","category-noticias"],"_links":{"self":[{"href":"https:\/\/gilfuentes.com.br\/novo\/wp-json\/wp\/v2\/posts\/11040","targetHints":{"allow":["GET"]}}],"collection":[{"href":"https:\/\/gilfuentes.com.br\/novo\/wp-json\/wp\/v2\/posts"}],"about":[{"href":"https:\/\/gilfuentes.com.br\/novo\/wp-json\/wp\/v2\/types\/post"}],"author":[{"embeddable":true,"href":"https:\/\/gilfuentes.com.br\/novo\/wp-json\/wp\/v2\/users\/1"}],"replies":[{"embeddable":true,"href":"https:\/\/gilfuentes.com.br\/novo\/wp-json\/wp\/v2\/comments?post=11040"}],"version-history":[{"count":6,"href":"https:\/\/gilfuentes.com.br\/novo\/wp-json\/wp\/v2\/posts\/11040\/revisions"}],"predecessor-version":[{"id":11076,"href":"https:\/\/gilfuentes.com.br\/novo\/wp-json\/wp\/v2\/posts\/11040\/revisions\/11076"}],"wp:featuredmedia":[{"embeddable":true,"href":"https:\/\/gilfuentes.com.br\/novo\/wp-json\/wp\/v2\/media\/11073"}],"wp:attachment":[{"href":"https:\/\/gilfuentes.com.br\/novo\/wp-json\/wp\/v2\/media?parent=11040"}],"wp:term":[{"taxonomy":"category","embeddable":true,"href":"https:\/\/gilfuentes.com.br\/novo\/wp-json\/wp\/v2\/categories?post=11040"},{"taxonomy":"post_tag","embeddable":true,"href":"https:\/\/gilfuentes.com.br\/novo\/wp-json\/wp\/v2\/tags?post=11040"}],"curies":[{"name":"wp","href":"https:\/\/api.w.org\/{rel}","templated":true}]}}