{"id":11156,"date":"2013-11-27T02:00:42","date_gmt":"2013-11-27T02:00:42","guid":{"rendered":"https:\/\/gilfuentes.com.br\/novo\/?p=11156"},"modified":"2013-11-26T14:02:36","modified_gmt":"2013-11-26T14:02:36","slug":"sebah-vieira-e-destaque-no-especial-consciencia-negra","status":"publish","type":"post","link":"https:\/\/gilfuentes.com.br\/novo\/sebah-vieira-e-destaque-no-especial-consciencia-negra","title":{"rendered":"Sebah Vieira \u00e9 destaque no especial Consci\u00eancia Negra"},"content":{"rendered":"<p><a href=\"https:\/\/gilfuentes.com.br\/novo\/wp-content\/uploads\/2013\/11\/testa.jpg\"><img loading=\"lazy\" decoding=\"async\" class=\"alignnone  wp-image-11161\" alt=\"testa\" src=\"https:\/\/gilfuentes.com.br\/novo\/wp-content\/uploads\/2013\/11\/testa.jpg\" width=\"346\" height=\"259\" srcset=\"https:\/\/gilfuentes.com.br\/novo\/wp-content\/uploads\/2013\/11\/testa.jpg 960w, https:\/\/gilfuentes.com.br\/novo\/wp-content\/uploads\/2013\/11\/testa-333x250.jpg 333w\" sizes=\"auto, (max-width: 346px) 100vw, 346px\" \/><\/a><\/p>\n<p>&nbsp;<\/p>\n<p>&nbsp;<\/p>\n<p>Sebah Vieira queria ser artista e foi o filme Lua de Cristal da Xuxa que o motivou a acreditar em seu sonho. \u00c9 formado em artes ela UniRio e cursou a Escola de Teatro Novi\u00e7o, tamb\u00e9m no Rio de Janeiro; a Escola de Cinema de Eduardo Paredes, al\u00e9m de cursos paralelos, como produ\u00e7\u00e3o e dire\u00e7\u00e3o teatral na Oswald de Andrade, C\u00e9lia Helena, F\u00e1tima Toledo, entre outros cursos decisivos. Nasceu no Rio de Janeiro e mudou-se para Santa Catarina com os pais, onde come\u00e7ou a fazer teatro. Sua origem humilde n\u00e3o o impediu de chegar \u00e0 Rede Globo. Fez um teste e foi aprovado. De l\u00e1 para c\u00e1 decidiu correr atr\u00e1s. De ator acabou virando diretor e produtor teatral. Est\u00e1 a espera de convites para que possa voltar aos palcos atuando em 2014, quando ter\u00e1 tamb\u00e9m quatro espet\u00e1culos em cena com sua dire\u00e7\u00e3o. Sebah recorda com carinho das novelas que participou: O Fim do Mundo, Vira Lata, Salsa e Merengue, Chiquinha Gonzaga, e Tititi na TV Globo. Na TV Cultura fez A Marquesa de Santos e a Princesa Isabel e ainda apresentou o programa Central de Cultura na CNT durante dois anos. No teatro atuou como ator em D&#8217; Olho no Brasil, Transpar\u00eancia, Salom\u00e9, A Casa da M\u00e3e Joana, 7 gatinhos, Senzala entre outros. No cinema fez Maior amor de Todos, de Alexandre Novaski e a Curra, de Gladston Ramos. Como diretor assinou os musicais Garotos Noturno; Quem \u00e9 Osmar Navarro, Quem \u00e9?; Jair em Disparada e; Um brinde a solid\u00e3o a dois. Sebah vem se destacando pelo trabalho de resgate da m\u00fasica popular brasileira. Recebeu recentemente um pr\u00eamio no Rio Grande do Sul por este trabalho e tamb\u00e9m pela festa que organizou em comemora\u00e7\u00e3o aos 60 anos de carreira de Angela Maria. Ele diz que tem orgulho de sua ra\u00e7a e que s\u00f3 no in\u00edcio da carreira sofreu discrimina\u00e7\u00e3o. Hoje n\u00e3o sente mais isso e sente tamb\u00e9m que as pessoas respeitam mais os negros por saberem da hist\u00f3ria de luta. Quando indagado sobre a cota para negros nas universidades diz o seguinte: \u201c<em>Muita gente fala que isso \u00e9 uma forma de preconceito, mas eu n\u00e3o acredito nisso. Acho que apenas \u00e9 uma forma de ajudar a formar muita gente que n\u00e3o teve uma boa escola para prestar vestibular. Ent\u00e3o acredito que precisamos ter oportunidades sempre. Igualmente na TV que hoje em dia existem cotas para atores, pois antigamente n\u00e3o existia bons pap\u00e9is para os atores negros.<\/em>\u201d<\/p>\n<p>&nbsp;<\/p>\n<p>Fotos: Arquivo pessoal<\/p>\n<p>&nbsp;<\/p>\n<p>&nbsp;<\/p>\n<p><a href=\"https:\/\/gilfuentes.com.br\/novo\/wp-content\/uploads\/2013\/11\/d4_4.jpg\"><img loading=\"lazy\" decoding=\"async\" class=\"alignnone  wp-image-11160\" alt=\"d4_4\" src=\"https:\/\/gilfuentes.com.br\/novo\/wp-content\/uploads\/2013\/11\/d4_4-685x1024.jpg\" width=\"247\" height=\"368\" srcset=\"https:\/\/gilfuentes.com.br\/novo\/wp-content\/uploads\/2013\/11\/d4_4-685x1024.jpg 685w, https:\/\/gilfuentes.com.br\/novo\/wp-content\/uploads\/2013\/11\/d4_4-167x250.jpg 167w\" sizes=\"auto, (max-width: 247px) 100vw, 247px\" \/><\/a> <a href=\"https:\/\/gilfuentes.com.br\/novo\/wp-content\/uploads\/2013\/11\/d4_3.jpg\"><img loading=\"lazy\" decoding=\"async\" class=\"alignnone  wp-image-11159\" alt=\"d4_3\" src=\"https:\/\/gilfuentes.com.br\/novo\/wp-content\/uploads\/2013\/11\/d4_3.jpg\" width=\"377\" height=\"343\" srcset=\"https:\/\/gilfuentes.com.br\/novo\/wp-content\/uploads\/2013\/11\/d4_3.jpg 628w, https:\/\/gilfuentes.com.br\/novo\/wp-content\/uploads\/2013\/11\/d4_3-274x250.jpg 274w\" sizes=\"auto, (max-width: 377px) 100vw, 377px\" \/><\/a> <a href=\"https:\/\/gilfuentes.com.br\/novo\/wp-content\/uploads\/2013\/11\/d4_2.jpg\"><img loading=\"lazy\" decoding=\"async\" class=\"alignnone  wp-image-11158\" alt=\"d4_2\" src=\"https:\/\/gilfuentes.com.br\/novo\/wp-content\/uploads\/2013\/11\/d4_2-685x1024.jpg\" width=\"247\" height=\"368\" srcset=\"https:\/\/gilfuentes.com.br\/novo\/wp-content\/uploads\/2013\/11\/d4_2-685x1024.jpg 685w, https:\/\/gilfuentes.com.br\/novo\/wp-content\/uploads\/2013\/11\/d4_2-167x250.jpg 167w\" sizes=\"auto, (max-width: 247px) 100vw, 247px\" \/><\/a> <a href=\"https:\/\/gilfuentes.com.br\/novo\/wp-content\/uploads\/2013\/11\/d4_1.jpg\"><img loading=\"lazy\" decoding=\"async\" class=\"alignnone  wp-image-11157\" alt=\"d4_1\" src=\"https:\/\/gilfuentes.com.br\/novo\/wp-content\/uploads\/2013\/11\/d4_1-685x1024.jpg\" width=\"247\" height=\"368\" srcset=\"https:\/\/gilfuentes.com.br\/novo\/wp-content\/uploads\/2013\/11\/d4_1-685x1024.jpg 685w, https:\/\/gilfuentes.com.br\/novo\/wp-content\/uploads\/2013\/11\/d4_1-167x250.jpg 167w\" sizes=\"auto, (max-width: 247px) 100vw, 247px\" \/><\/a><\/p>\n<p>&nbsp;<\/p>\n","protected":false},"excerpt":{"rendered":"<p>&nbsp; &nbsp; Sebah Vieira queria ser artista e foi o filme Lua de Cristal da Xuxa que o motivou a [&hellip;]<\/p>\n","protected":false},"author":1,"featured_media":11159,"comment_status":"closed","ping_status":"closed","sticky":false,"template":"","format":"standard","meta":{"footnotes":""},"categories":[5,8],"tags":[],"class_list":["post-11156","post","type-post","status-publish","format-standard","has-post-thumbnail","hentry","category-coluna","category-noticias"],"_links":{"self":[{"href":"https:\/\/gilfuentes.com.br\/novo\/wp-json\/wp\/v2\/posts\/11156","targetHints":{"allow":["GET"]}}],"collection":[{"href":"https:\/\/gilfuentes.com.br\/novo\/wp-json\/wp\/v2\/posts"}],"about":[{"href":"https:\/\/gilfuentes.com.br\/novo\/wp-json\/wp\/v2\/types\/post"}],"author":[{"embeddable":true,"href":"https:\/\/gilfuentes.com.br\/novo\/wp-json\/wp\/v2\/users\/1"}],"replies":[{"embeddable":true,"href":"https:\/\/gilfuentes.com.br\/novo\/wp-json\/wp\/v2\/comments?post=11156"}],"version-history":[{"count":1,"href":"https:\/\/gilfuentes.com.br\/novo\/wp-json\/wp\/v2\/posts\/11156\/revisions"}],"predecessor-version":[{"id":11162,"href":"https:\/\/gilfuentes.com.br\/novo\/wp-json\/wp\/v2\/posts\/11156\/revisions\/11162"}],"wp:featuredmedia":[{"embeddable":true,"href":"https:\/\/gilfuentes.com.br\/novo\/wp-json\/wp\/v2\/media\/11159"}],"wp:attachment":[{"href":"https:\/\/gilfuentes.com.br\/novo\/wp-json\/wp\/v2\/media?parent=11156"}],"wp:term":[{"taxonomy":"category","embeddable":true,"href":"https:\/\/gilfuentes.com.br\/novo\/wp-json\/wp\/v2\/categories?post=11156"},{"taxonomy":"post_tag","embeddable":true,"href":"https:\/\/gilfuentes.com.br\/novo\/wp-json\/wp\/v2\/tags?post=11156"}],"curies":[{"name":"wp","href":"https:\/\/api.w.org\/{rel}","templated":true}]}}