{"id":11243,"date":"2013-12-01T02:00:29","date_gmt":"2013-12-01T02:00:29","guid":{"rendered":"https:\/\/gilfuentes.com.br\/novo\/?p=11243"},"modified":"2013-12-01T13:10:28","modified_gmt":"2013-12-01T13:10:28","slug":"viviane-galvao-e-a-entrevistada-deste-domingo-2","status":"publish","type":"post","link":"https:\/\/gilfuentes.com.br\/novo\/viviane-galvao-e-a-entrevistada-deste-domingo-2","title":{"rendered":"Viviane Galv\u00e3o \u00e9 a entrevistada deste domingo"},"content":{"rendered":"<p>&nbsp;<\/p>\n<p>&nbsp;<\/p>\n<p><em>Ela \u00e9 uma mulher determinada e ativa. Professora, esposa, m\u00e3e e av\u00f3 dedicada. Gosta de ler e viajar. Viviane Galv\u00e3o \u00e9 vice-prefeita de Suzano e entra definitivamente para a hist\u00f3ria pol\u00edtica da cidade como a primeira mulher a ocupar o cargo de prefeita interinamente, durante a licen\u00e7a de 15 dias do prefeito Paulo Tokuzumi. Paralelamente Viviane \u00e9 dirigente do Servi\u00e7o de A\u00e7\u00e3o Social e Projetos Especiais &#8211; Saspe. Esposa do deputado estadual Estevam Galv\u00e3o, esteve \u00e0 frente do Fundo de Promo\u00e7\u00e3o Social durante quatro gest\u00f5es, enquanto ele ocupava o cargo de prefeito. Uma mulher admir\u00e1vel!<\/em><\/p>\n<p>&nbsp;<\/p>\n<p>&nbsp;<\/p>\n<p>&nbsp;<\/p>\n<p><a href=\"https:\/\/gilfuentes.com.br\/novo\/wp-content\/uploads\/2013\/11\/Fam6_2-Viviane-Galv\u00e3o.jpg\"><img loading=\"lazy\" decoding=\"async\" class=\"alignnone  wp-image-11249\" alt=\"Fam6_2-Viviane Galv\u00e3o\" src=\"https:\/\/gilfuentes.com.br\/novo\/wp-content\/uploads\/2013\/11\/Fam6_2-Viviane-Galv\u00e3o-1024x222.jpg\" width=\"717\" height=\"155\" srcset=\"https:\/\/gilfuentes.com.br\/novo\/wp-content\/uploads\/2013\/11\/Fam6_2-Viviane-Galv\u00e3o-1024x222.jpg 1024w, https:\/\/gilfuentes.com.br\/novo\/wp-content\/uploads\/2013\/11\/Fam6_2-Viviane-Galv\u00e3o-1150x250.jpg 1150w\" sizes=\"auto, (max-width: 717px) 100vw, 717px\" \/><\/a><\/p>\n<p>&nbsp;<\/p>\n<p>&nbsp;<\/p>\n<p>Fotos Eduardo Romano<\/p>\n<p>&nbsp;<\/p>\n<p>&nbsp;<\/p>\n<p><strong>Foi professora por quantos anos?<\/strong><\/p>\n<p><strong>Viviane Galv\u00e3o &#8211; <\/strong>Eu posso dizer o seguinte: eu n\u00e3o fui professora, eu sou professora. Professora \u00e9 o meu t\u00edtulo. Eu me formei em 1964 e trabalhei at\u00e9 1997, quando me aposentei. Por\u00e9m, serei professora at\u00e9 morrer. Fui professora de escola fundamental, durante sete anos. Depois, fui diretora de escola at\u00e9 1997. Sendo que, durante o tempo que Estevam era prefeito eu, muitas vezes, acumulei as duas fun\u00e7\u00f5es: presidente da Promo\u00e7\u00e3o Social e professora. Outras vezes, tirei licen\u00e7a do Estado, sempre sem qualquer remunera\u00e7\u00e3o.<\/p>\n<p>&nbsp;<\/p>\n<p>&nbsp;<\/p>\n<p><strong>Como foi estar \u00e0 frente do Fundo Social de Solidariedade por quatro gest\u00f5es?<\/strong><\/p>\n<p><strong>Viviane &#8211;<\/strong> Olha, 1976 foi um ano muito peculiar na minha vida. Eu tive a minha primeira filha, a Daniella, isso foi uma novidad\u00edssima na minha vida, porque eu j\u00e1 estava casada h\u00e1 oito anos, era diretora de escola e foi quando Estevam ganhou a sua primeira elei\u00e7\u00e3o para prefeito. Quando chegou no come\u00e7o de 1977, resolvi que eu n\u00e3o iria ficar apenas nos \u201cchazinhos\u201d. Eu nunca fui mulher de \u201cchazinho\u201d. At\u00e9 ent\u00e3o, as primeiras damas apenas ocupavam representativamente o cargo, iam \u00e0s solenidades e faziam ch\u00e1s. Eu n\u00e3o sabia fazer isso. Eu j\u00e1 era profissional, trabalhava com a comunidade e j\u00e1 sabia dos problemas dessas pessoas.\u00a0Nesse per\u00edodo, ainda dava aula no Raul Brasil. Ent\u00e3o, era muito trabalho. Falei para o Estevam: \u201cJ\u00e1 que \u00e9 para trabalhar, vou fazer direito\u201d. Nessa \u00e9poca, eu j\u00e1 contava com a ajuda da Regina Slupko (que me auxilia at\u00e9 hoje), que ia escrevendo \u00e0 m\u00e1quina dentro de um carro com motorista. Essa era a minha equipe. Tive a felicidade de ter uma grande professora: Lila Martins, a primeira dama do Estado de S\u00e3o Paulo, esposa do governador Paulo Eg\u00eddio Martins. Logo em fevereiro, aconteceu um congresso em Praia Grande. Fui com a Dulce Leite Lima, a ent\u00e3o secret\u00e1ria de Educa\u00e7\u00e3o.\u00a0 A gente ia e voltava todos os dias. Fiz todos os cursos. L\u00e1 aprendi uma coisa: promover a\u00e7\u00f5es para aglutinar toda a sociedade. Ent\u00e3o, comecei o meu trabalho como primeira dama fazendo a primeira campanha do agasalho de toda a minha vida. Foi uma campanha para ningu\u00e9m botar defeito. Depois disso, aumentamos a equipe, montamos um pr\u00e9dio e muitas a\u00e7\u00f5es positivas foram realizadas. Por\u00e9m, posso dizer que tr\u00eas, em particular, marcaram tanto a minha vida pessoal quanto a minha gest\u00e3o: a cria\u00e7\u00e3o da Apae, da Guarda Mirim e o Programa da Boa Vis\u00e3o.<\/p>\n<p>&nbsp;<\/p>\n<p>&nbsp;<\/p>\n<p><a href=\"https:\/\/gilfuentes.com.br\/novo\/wp-content\/uploads\/2013\/12\/Viviane-Galv\u00e3o.jpg\"><img loading=\"lazy\" decoding=\"async\" class=\"alignnone  wp-image-11309\" alt=\"Viviane Galv\u00e3o\" src=\"https:\/\/gilfuentes.com.br\/novo\/wp-content\/uploads\/2013\/12\/Viviane-Galv\u00e3o.jpg\" width=\"360\" height=\"343\" srcset=\"https:\/\/gilfuentes.com.br\/novo\/wp-content\/uploads\/2013\/12\/Viviane-Galv\u00e3o.jpg 1000w, https:\/\/gilfuentes.com.br\/novo\/wp-content\/uploads\/2013\/12\/Viviane-Galv\u00e3o-262x250.jpg 262w\" sizes=\"auto, (max-width: 360px) 100vw, 360px\" \/><\/a><\/p>\n<p>&nbsp;<\/p>\n<p>&nbsp;<\/p>\n<p>&nbsp;<\/p>\n<p><strong>\u00c9 m\u00e3e de duas mulheres e av\u00f3 de dois meninos. Fale desta experi\u00eancia<\/strong><\/p>\n<p><strong>Viviane &#8211;<\/strong> Sou m\u00e3e da Daniella e da Carolina. A Daniella \u00e9 m\u00e9dica veterin\u00e1ria, casada com o Renato e m\u00e3e do Leonardo e Eduardo. A Carolina \u00e9 psic\u00f3loga e est\u00e1 noiva. O amor de av\u00f3 \u00e9 um amor de m\u00e3e duplicado, n\u00e3o s\u00f3 para o neto, mas dobrado para o filho. Se meus netos est\u00e3o bem, minhas filhas est\u00e3o e eu tamb\u00e9m.<\/p>\n<p>&nbsp;<\/p>\n<p>&nbsp;<\/p>\n<p><strong>Voc\u00ea foi uma das pe\u00e7as fundamentais na elei\u00e7\u00e3o de Paulo Tokuzumi \u00e0 prefeito de Suzano. Imaginava que tinha esta for\u00e7a?<\/strong><\/p>\n<p><strong>Viviane &#8211; <\/strong>N\u00e3o. Eu resolvi ser a vice do Paulo porque percebi a ang\u00fastia dele e do Estevam por n\u00e3o conseguirem achar uma pessoa para isso. A situa\u00e7\u00e3o estava complicada. N\u00e3o era apenas a busca do voto. Era uma luta judicial (quest\u00e3o de dois candidatos do mesmo partido). Quero crer que o fator que mais ajudou foi o meu sobrenome: Galv\u00e3o. Isso que pesou. Por mais que eu n\u00e3o tenha falsa mod\u00e9stia em dizer que eu tenho o meu valor, certamente quando eu sa\u00ed \u00e0 candidata a vice, eu carreguei n\u00e3o s\u00f3 o meu peso, mas tamb\u00e9m a credibilidade do Estevam, que \u00e9 resultado de uma vida inteira dedicada \u00e0 Suzano. Com isso, o Paulo e eu criamos a credibilidade que aquela candidatura iria at\u00e9 o fim. Que Estevam e eu n\u00e3o somos pessoas de brincar.<\/p>\n<p>&nbsp;<\/p>\n<p>&nbsp;<\/p>\n<p>&nbsp;<\/p>\n<p><a href=\"https:\/\/gilfuentes.com.br\/novo\/wp-content\/uploads\/2013\/12\/Viviane-Galv\u00e3o2.jpg\"><img loading=\"lazy\" decoding=\"async\" class=\"alignnone  wp-image-11310\" alt=\"Viviane Galv\u00e3o2\" src=\"https:\/\/gilfuentes.com.br\/novo\/wp-content\/uploads\/2013\/12\/Viviane-Galv\u00e3o2-1024x691.jpg\" width=\"368\" height=\"249\" srcset=\"https:\/\/gilfuentes.com.br\/novo\/wp-content\/uploads\/2013\/12\/Viviane-Galv\u00e3o2-1024x691.jpg 1024w, https:\/\/gilfuentes.com.br\/novo\/wp-content\/uploads\/2013\/12\/Viviane-Galv\u00e3o2-370x250.jpg 370w, https:\/\/gilfuentes.com.br\/novo\/wp-content\/uploads\/2013\/12\/Viviane-Galv\u00e3o2.jpg 1458w\" sizes=\"auto, (max-width: 368px) 100vw, 368px\" \/><\/a><\/p>\n<p>&nbsp;<\/p>\n<p>&nbsp;<\/p>\n<p><strong>Entrar\u00e1 definitivamente para a hist\u00f3ria da cidade como a primeira mulher a ocupar o cargo de prefeita interinamente. Qual a sensa\u00e7\u00e3o?<\/strong><\/p>\n<p><strong>Viviane &#8211; <\/strong>Uma sensa\u00e7\u00e3o de emo\u00e7\u00e3o, de responsabilidade, de que estou realmente vivendo um momento hist\u00f3rico. O fato \u00e9 que as fun\u00e7\u00f5es que desempenharei ser\u00e3o fundamentalmente de dar andamento administrativo \u00e0s a\u00e7\u00f5es da prefeitura. Assumo o cargo e serei prefeita com a tarefa de encaminhar o expediente di\u00e1rio, mas as grandes decis\u00f5es ser\u00e3o tomadas pelo senhor prefeito, a quem eu respeito e admiro, no seu retorno, a n\u00e3o ser aquelas que necessitarem de interven\u00e7\u00f5es imediatas e intransfer\u00edveis.<\/p>\n<p>&nbsp;<\/p>\n<p>&nbsp;<\/p>\n<p><strong>Deseja um dia ser candidata a prefeita ou a outro cargo p\u00fablico?<\/strong><\/p>\n<p><strong>Viviane &#8211; <\/strong>N\u00e3o posso responder isso agora. Tenho desejo de continuar como vice-prefeita, o que estou gostando muito de ser. Minhas filhas j\u00e1 est\u00e3o criadas, meus netos est\u00e3o no caminho certo, ent\u00e3o, a minha vida \u00e9 o Estevam &#8211; ao qual sempre vou me dedicar &#8211; e o Saspe. Minha primeira obriga\u00e7\u00e3o \u00e9 com o povo. A segunda \u00e9 com o Paulo. Enquanto ele for candidato, eu jamais serei. Isso est\u00e1 totalmente descartado. Quanto ao cargo de deputada, o candidato \u00e9 Estevam. Como eu sempre digo: \u201ca cada dia, a sua agonia\u201d. Falando em outros tempos, vamos esperar para ver.\u00ad\u00ad<\/p>\n<p>&nbsp;<\/p>\n<p>&nbsp;<\/p>\n<p>&nbsp;<\/p>\n<p><a href=\"https:\/\/gilfuentes.com.br\/novo\/wp-content\/uploads\/2013\/12\/Viviane-Galv\u00e3o31.jpg\"><img loading=\"lazy\" decoding=\"async\" class=\"alignnone  wp-image-11311\" alt=\"Viviane Galv\u00e3o3\" src=\"https:\/\/gilfuentes.com.br\/novo\/wp-content\/uploads\/2013\/12\/Viviane-Galv\u00e3o31-1024x621.jpg\" width=\"368\" height=\"224\" srcset=\"https:\/\/gilfuentes.com.br\/novo\/wp-content\/uploads\/2013\/12\/Viviane-Galv\u00e3o31-1024x621.jpg 1024w, https:\/\/gilfuentes.com.br\/novo\/wp-content\/uploads\/2013\/12\/Viviane-Galv\u00e3o31-411x250.jpg 411w, https:\/\/gilfuentes.com.br\/novo\/wp-content\/uploads\/2013\/12\/Viviane-Galv\u00e3o31.jpg 1620w\" sizes=\"auto, (max-width: 368px) 100vw, 368px\" \/><\/a><\/p>\n<p>&nbsp;<\/p>\n<p>&nbsp;<\/p>\n<p>&nbsp;<\/p>\n<p><span style=\"text-decoration: underline;\"><strong>JOGO R\u00c1PIDO<\/strong><\/span><\/p>\n<p>&nbsp;<\/p>\n<p><strong>Um lugar<\/strong><\/p>\n<p>Paris<\/p>\n<p>&nbsp;<\/p>\n<p>&nbsp;<\/p>\n<p><strong>Um cheiro<\/strong><\/p>\n<p>Dos meus netos<\/p>\n<p>&nbsp;<\/p>\n<p>&nbsp;<\/p>\n<p><strong>Uma cor<\/strong><\/p>\n<p>Azul<\/p>\n<p>&nbsp;<\/p>\n<p>&nbsp;<\/p>\n<p><strong>Um livro<\/strong><\/p>\n<p>1808 (Celestino Gomes)<\/p>\n<p>&nbsp;<\/p>\n<p>&nbsp;<\/p>\n<p><strong>Um filme<\/strong><\/p>\n<p>E o vento levou&#8230;<\/p>\n<p>&nbsp;<\/p>\n<p>&nbsp;<\/p>\n<p><strong>Uma m\u00fasica<\/strong><\/p>\n<p>Se todos fossem iguais a voc\u00ea<\/p>\n<p>&nbsp;<\/p>\n<p>&nbsp;<\/p>\n<p><strong>Um m<\/strong><strong>omento<\/strong><\/p>\n<p>Meu casamento<\/p>\n<p>&nbsp;<\/p>\n<p>&nbsp;<\/p>\n<p><strong>Um homem<\/strong><\/p>\n<p>Estevam<\/p>\n<p>&nbsp;<\/p>\n<p>&nbsp;<\/p>\n<p><strong>Uma mulher<\/strong><\/p>\n<p>Margareth Thatcher<\/p>\n<p>&nbsp;<\/p>\n<p>&nbsp;<\/p>\n<p><strong>Deus<\/strong><\/p>\n<p>Tudo<\/p>\n","protected":false},"excerpt":{"rendered":"<p>&nbsp; &nbsp; Ela \u00e9 uma mulher determinada e ativa. Professora, esposa, m\u00e3e e av\u00f3 dedicada. Gosta de ler e viajar. [&hellip;]<\/p>\n","protected":false},"author":1,"featured_media":11308,"comment_status":"closed","ping_status":"closed","sticky":false,"template":"","format":"standard","meta":{"footnotes":""},"categories":[5,8],"tags":[],"class_list":["post-11243","post","type-post","status-publish","format-standard","has-post-thumbnail","hentry","category-coluna","category-noticias"],"_links":{"self":[{"href":"https:\/\/gilfuentes.com.br\/novo\/wp-json\/wp\/v2\/posts\/11243","targetHints":{"allow":["GET"]}}],"collection":[{"href":"https:\/\/gilfuentes.com.br\/novo\/wp-json\/wp\/v2\/posts"}],"about":[{"href":"https:\/\/gilfuentes.com.br\/novo\/wp-json\/wp\/v2\/types\/post"}],"author":[{"embeddable":true,"href":"https:\/\/gilfuentes.com.br\/novo\/wp-json\/wp\/v2\/users\/1"}],"replies":[{"embeddable":true,"href":"https:\/\/gilfuentes.com.br\/novo\/wp-json\/wp\/v2\/comments?post=11243"}],"version-history":[{"count":3,"href":"https:\/\/gilfuentes.com.br\/novo\/wp-json\/wp\/v2\/posts\/11243\/revisions"}],"predecessor-version":[{"id":11312,"href":"https:\/\/gilfuentes.com.br\/novo\/wp-json\/wp\/v2\/posts\/11243\/revisions\/11312"}],"wp:featuredmedia":[{"embeddable":true,"href":"https:\/\/gilfuentes.com.br\/novo\/wp-json\/wp\/v2\/media\/11308"}],"wp:attachment":[{"href":"https:\/\/gilfuentes.com.br\/novo\/wp-json\/wp\/v2\/media?parent=11243"}],"wp:term":[{"taxonomy":"category","embeddable":true,"href":"https:\/\/gilfuentes.com.br\/novo\/wp-json\/wp\/v2\/categories?post=11243"},{"taxonomy":"post_tag","embeddable":true,"href":"https:\/\/gilfuentes.com.br\/novo\/wp-json\/wp\/v2\/tags?post=11243"}],"curies":[{"name":"wp","href":"https:\/\/api.w.org\/{rel}","templated":true}]}}