{"id":11253,"date":"2013-11-29T20:24:12","date_gmt":"2013-11-29T20:24:12","guid":{"rendered":"https:\/\/gilfuentes.com.br\/novo\/?p=11253"},"modified":"2013-11-29T21:08:06","modified_gmt":"2013-11-29T21:08:06","slug":"na-posse-de-viviane-galvao-como-prefeita-de-suzano","status":"publish","type":"post","link":"https:\/\/gilfuentes.com.br\/novo\/na-posse-de-viviane-galvao-como-prefeita-de-suzano","title":{"rendered":"Na posse de Viviane Galv\u00e3o como prefeita de Suzano"},"content":{"rendered":"<p>&nbsp;<\/p>\n<p>&nbsp;<\/p>\n<p>A tarde de hoje foi recheada de emo\u00e7\u00f5es. Paulo Tokuzumi passou o comando da cidade de Suzano para a vice-prefeita Viviane Galv\u00e3o. Ele ir\u00e1 se ausentar por 15 dias, em f\u00e9rias com a fam\u00edlia. O Audit\u00f3rio da Prefeitura Municipal de Suzano ficou pequeno para tanto carinho. Tanto Paulinho &#8211; como \u00e9 chamado carinhosamente &#8211; como Viviane n\u00e3o economizaram no discurso e tamb\u00e9m n\u00e3o pouparam as cr\u00edticas \u00e0 gest\u00e3o anterior. Viviane se emocionou e disse que n\u00e3o poderia fazer muito nestes 15 dias, mas que iria representar o prefeito com dignidade e respeito. Na segunda-feira ela dar\u00e1 uma coletiva para passar a sua agenda durante estes dias de governo.<\/p>\n<p>&nbsp;<\/p>\n<p>Fotos: Eduardo Romano<\/p>\n<p>&nbsp;<\/p>\n<p><a href=\"https:\/\/gilfuentes.com.br\/novo\/wp-content\/uploads\/2013\/11\/2-Paulo-Tokuzumi.jpg\"><img loading=\"lazy\" decoding=\"async\" class=\"alignnone  wp-image-11255\" alt=\"2-Paulo Tokuzumi\" src=\"https:\/\/gilfuentes.com.br\/novo\/wp-content\/uploads\/2013\/11\/2-Paulo-Tokuzumi.jpg\" width=\"288\" height=\"303\" srcset=\"https:\/\/gilfuentes.com.br\/novo\/wp-content\/uploads\/2013\/11\/2-Paulo-Tokuzumi.jpg 800w, https:\/\/gilfuentes.com.br\/novo\/wp-content\/uploads\/2013\/11\/2-Paulo-Tokuzumi-237x250.jpg 237w\" sizes=\"auto, (max-width: 288px) 100vw, 288px\" \/><\/a>\u00a0 \u00a0 \u00a0 \u00a0 \u00a0\u00a0<a href=\"https:\/\/gilfuentes.com.br\/novo\/wp-content\/uploads\/2013\/11\/3-Viviane-Galv\u00e3o.jpg\"><img loading=\"lazy\" decoding=\"async\" class=\"alignnone  wp-image-11256\" alt=\"3-Viviane Galv\u00e3o\" src=\"https:\/\/gilfuentes.com.br\/novo\/wp-content\/uploads\/2013\/11\/3-Viviane-Galv\u00e3o.jpg\" width=\"288\" height=\"316\" srcset=\"https:\/\/gilfuentes.com.br\/novo\/wp-content\/uploads\/2013\/11\/3-Viviane-Galv\u00e3o.jpg 800w, https:\/\/gilfuentes.com.br\/novo\/wp-content\/uploads\/2013\/11\/3-Viviane-Galv\u00e3o-227x250.jpg 227w\" sizes=\"auto, (max-width: 288px) 100vw, 288px\" \/><\/a><\/p>\n<p>&nbsp;<\/p>\n<p><a href=\"https:\/\/gilfuentes.com.br\/novo\/wp-content\/uploads\/2013\/11\/11-Viviane-com-Gil-Fuentes.jpg\"><img loading=\"lazy\" decoding=\"async\" class=\"alignnone  wp-image-11265\" alt=\"11-Viviane com Gil Fuentes\" src=\"https:\/\/gilfuentes.com.br\/novo\/wp-content\/uploads\/2013\/11\/11-Viviane-com-Gil-Fuentes.jpg\" width=\"302\" height=\"242\" srcset=\"https:\/\/gilfuentes.com.br\/novo\/wp-content\/uploads\/2013\/11\/11-Viviane-com-Gil-Fuentes.jpg 800w, https:\/\/gilfuentes.com.br\/novo\/wp-content\/uploads\/2013\/11\/11-Viviane-com-Gil-Fuentes-312x250.jpg 312w\" sizes=\"auto, (max-width: 302px) 100vw, 302px\" \/><\/a>\u00a0 \u00a0 \u00a0<img loading=\"lazy\" decoding=\"async\" class=\"alignnone  wp-image-11264\" alt=\"10-Viviane com a irm\u00e3 Cristiane Domschke Azevedo\" src=\"https:\/\/gilfuentes.com.br\/novo\/wp-content\/uploads\/2013\/11\/10-Viviane-com-a-irm\u00e3-Cristiane-Domschke-Azevedo.jpg\" width=\"282\" height=\"246\" srcset=\"https:\/\/gilfuentes.com.br\/novo\/wp-content\/uploads\/2013\/11\/10-Viviane-com-a-irm\u00e3-Cristiane-Domschke-Azevedo.jpg 800w, https:\/\/gilfuentes.com.br\/novo\/wp-content\/uploads\/2013\/11\/10-Viviane-com-a-irm\u00e3-Cristiane-Domschke-Azevedo-286x250.jpg 286w\" sizes=\"auto, (max-width: 282px) 100vw, 282px\" \/><\/p>\n<p>&nbsp;<\/p>\n<p><img loading=\"lazy\" decoding=\"async\" class=\"alignnone  wp-image-11263\" alt=\"9-Dagmar Barbosa Corato e Juvenal Antonio da Silva\" src=\"https:\/\/gilfuentes.com.br\/novo\/wp-content\/uploads\/2013\/11\/9-Dagmar-Barbosa-Corato-e-Juvenal-Antonio-da-Silva.jpg\" width=\"480\" height=\"364\" srcset=\"https:\/\/gilfuentes.com.br\/novo\/wp-content\/uploads\/2013\/11\/9-Dagmar-Barbosa-Corato-e-Juvenal-Antonio-da-Silva.jpg 800w, https:\/\/gilfuentes.com.br\/novo\/wp-content\/uploads\/2013\/11\/9-Dagmar-Barbosa-Corato-e-Juvenal-Antonio-da-Silva-330x250.jpg 330w\" sizes=\"auto, (max-width: 480px) 100vw, 480px\" \/><\/p>\n<p>&nbsp;<\/p>\n<p><img loading=\"lazy\" decoding=\"async\" class=\"alignnone  wp-image-11262\" alt=\"8-Viviane com Daniella, Eduardo, Leonardo e Renato Oldra\" src=\"https:\/\/gilfuentes.com.br\/novo\/wp-content\/uploads\/2013\/11\/8-Viviane-com-Daniella-Eduardo-Leonardo-e-Renato-Oldra.jpg\" width=\"480\" height=\"350\" srcset=\"https:\/\/gilfuentes.com.br\/novo\/wp-content\/uploads\/2013\/11\/8-Viviane-com-Daniella-Eduardo-Leonardo-e-Renato-Oldra.jpg 800w, https:\/\/gilfuentes.com.br\/novo\/wp-content\/uploads\/2013\/11\/8-Viviane-com-Daniella-Eduardo-Leonardo-e-Renato-Oldra-342x250.jpg 342w\" sizes=\"auto, (max-width: 480px) 100vw, 480px\" \/><\/p>\n<p>&nbsp;<\/p>\n<p><img loading=\"lazy\" decoding=\"async\" class=\"alignnone  wp-image-11261\" alt=\"7-Viviane Galv\u00e3o\" src=\"https:\/\/gilfuentes.com.br\/novo\/wp-content\/uploads\/2013\/11\/7-Viviane-Galv\u00e3o-712x1024.jpg\" width=\"299\" height=\"430\" srcset=\"https:\/\/gilfuentes.com.br\/novo\/wp-content\/uploads\/2013\/11\/7-Viviane-Galv\u00e3o-712x1024.jpg 712w, https:\/\/gilfuentes.com.br\/novo\/wp-content\/uploads\/2013\/11\/7-Viviane-Galv\u00e3o-173x250.jpg 173w, https:\/\/gilfuentes.com.br\/novo\/wp-content\/uploads\/2013\/11\/7-Viviane-Galv\u00e3o.jpg 800w\" sizes=\"auto, (max-width: 299px) 100vw, 299px\" \/><\/p>\n<p>&nbsp;<\/p>\n<p><img loading=\"lazy\" decoding=\"async\" class=\"alignnone  wp-image-11257\" alt=\"4-Estevam Galv\u00e3o\" src=\"https:\/\/gilfuentes.com.br\/novo\/wp-content\/uploads\/2013\/11\/4-Estevam-Galv\u00e3o.jpg\" width=\"336\" height=\"394\" srcset=\"https:\/\/gilfuentes.com.br\/novo\/wp-content\/uploads\/2013\/11\/4-Estevam-Galv\u00e3o.jpg 800w, https:\/\/gilfuentes.com.br\/novo\/wp-content\/uploads\/2013\/11\/4-Estevam-Galv\u00e3o-213x250.jpg 213w\" sizes=\"auto, (max-width: 336px) 100vw, 336px\" \/><\/p>\n<p>&nbsp;<\/p>\n<p><img loading=\"lazy\" decoding=\"async\" class=\"alignnone  wp-image-11260\" alt=\"6-Ros\u00e2ngela Guedes Moraes e Amadeu Guaru Jos\u00e9 de Moraes\" src=\"https:\/\/gilfuentes.com.br\/novo\/wp-content\/uploads\/2013\/11\/6-Ros\u00e2ngela-Guedes-Moraes-e-Amadeu-Guaru-Jos\u00e9-de-Moraes.jpg\" width=\"336\" height=\"265\" srcset=\"https:\/\/gilfuentes.com.br\/novo\/wp-content\/uploads\/2013\/11\/6-Ros\u00e2ngela-Guedes-Moraes-e-Amadeu-Guaru-Jos\u00e9-de-Moraes.jpg 800w, https:\/\/gilfuentes.com.br\/novo\/wp-content\/uploads\/2013\/11\/6-Ros\u00e2ngela-Guedes-Moraes-e-Amadeu-Guaru-Jos\u00e9-de-Moraes-316x250.jpg 316w\" sizes=\"auto, (max-width: 336px) 100vw, 336px\" \/><\/p>\n<p>&nbsp;<\/p>\n<p><a href=\"https:\/\/gilfuentes.com.br\/novo\/wp-content\/uploads\/2013\/11\/1-Paulo-Tokuzumi-e-Viviane-Galv\u00e3o.jpg\"><img loading=\"lazy\" decoding=\"async\" class=\"alignnone  wp-image-11254\" alt=\"1-Paulo Tokuzumi e Viviane Galv\u00e3o\" src=\"https:\/\/gilfuentes.com.br\/novo\/wp-content\/uploads\/2013\/11\/1-Paulo-Tokuzumi-e-Viviane-Galv\u00e3o.jpg\" width=\"480\" height=\"340\" srcset=\"https:\/\/gilfuentes.com.br\/novo\/wp-content\/uploads\/2013\/11\/1-Paulo-Tokuzumi-e-Viviane-Galv\u00e3o.jpg 800w, https:\/\/gilfuentes.com.br\/novo\/wp-content\/uploads\/2013\/11\/1-Paulo-Tokuzumi-e-Viviane-Galv\u00e3o-352x250.jpg 352w\" sizes=\"auto, (max-width: 480px) 100vw, 480px\" \/><\/a><\/p>\n<p>&nbsp;<\/p>\n","protected":false},"excerpt":{"rendered":"<p>&nbsp; &nbsp; A tarde de hoje foi recheada de emo\u00e7\u00f5es. Paulo Tokuzumi passou o comando da cidade de Suzano para [&hellip;]<\/p>\n","protected":false},"author":1,"featured_media":11254,"comment_status":"closed","ping_status":"closed","sticky":false,"template":"","format":"standard","meta":{"footnotes":""},"categories":[5,8],"tags":[],"class_list":["post-11253","post","type-post","status-publish","format-standard","has-post-thumbnail","hentry","category-coluna","category-noticias"],"_links":{"self":[{"href":"https:\/\/gilfuentes.com.br\/novo\/wp-json\/wp\/v2\/posts\/11253","targetHints":{"allow":["GET"]}}],"collection":[{"href":"https:\/\/gilfuentes.com.br\/novo\/wp-json\/wp\/v2\/posts"}],"about":[{"href":"https:\/\/gilfuentes.com.br\/novo\/wp-json\/wp\/v2\/types\/post"}],"author":[{"embeddable":true,"href":"https:\/\/gilfuentes.com.br\/novo\/wp-json\/wp\/v2\/users\/1"}],"replies":[{"embeddable":true,"href":"https:\/\/gilfuentes.com.br\/novo\/wp-json\/wp\/v2\/comments?post=11253"}],"version-history":[{"count":7,"href":"https:\/\/gilfuentes.com.br\/novo\/wp-json\/wp\/v2\/posts\/11253\/revisions"}],"predecessor-version":[{"id":11272,"href":"https:\/\/gilfuentes.com.br\/novo\/wp-json\/wp\/v2\/posts\/11253\/revisions\/11272"}],"wp:featuredmedia":[{"embeddable":true,"href":"https:\/\/gilfuentes.com.br\/novo\/wp-json\/wp\/v2\/media\/11254"}],"wp:attachment":[{"href":"https:\/\/gilfuentes.com.br\/novo\/wp-json\/wp\/v2\/media?parent=11253"}],"wp:term":[{"taxonomy":"category","embeddable":true,"href":"https:\/\/gilfuentes.com.br\/novo\/wp-json\/wp\/v2\/categories?post=11253"},{"taxonomy":"post_tag","embeddable":true,"href":"https:\/\/gilfuentes.com.br\/novo\/wp-json\/wp\/v2\/tags?post=11253"}],"curies":[{"name":"wp","href":"https:\/\/api.w.org\/{rel}","templated":true}]}}