{"id":11293,"date":"2013-11-30T14:44:55","date_gmt":"2013-11-30T14:44:55","guid":{"rendered":"https:\/\/gilfuentes.com.br\/novo\/?p=11293"},"modified":"2013-11-30T14:45:43","modified_gmt":"2013-11-30T14:45:43","slug":"anitta-grava-amor-a-vida","status":"publish","type":"post","link":"https:\/\/gilfuentes.com.br\/novo\/anitta-grava-amor-a-vida","title":{"rendered":"A funkeira Anitta grava Amor \u00e0 Vida"},"content":{"rendered":"<p>Ela vai cantar ao lado de Carlito (Anderson Di Rizzi), Raquel (Carol Rainato) e Noriko (Camila Chiba). Na cena, que vai ao ar no dia 12 de dezembro, a funkeira aparece no bar dos m\u00e9dicos \u2013 point da galera do Hospital San Magno da novela Amor \u00e0 Vida, da Rede Globo \u2013 com um grupo de amigas e senta em uma das mesas. Ao ver a presen\u00e7a da artista, Raquel se aproxima e pede para que ela d\u00ea uma canja. &#8220;Ser\u00e1? Voc\u00eas querem?&#8221;, questiona Anitta.<\/p>\n<p>&nbsp;<\/p>\n<p>&nbsp;<\/p>\n<p><a href=\"https:\/\/gilfuentes.com.br\/novo\/wp-content\/uploads\/2013\/11\/Anitta-2.jpg\"><img loading=\"lazy\" decoding=\"async\" class=\"alignnone size-full wp-image-11295\" alt=\"Anitta 2\" src=\"https:\/\/gilfuentes.com.br\/novo\/wp-content\/uploads\/2013\/11\/Anitta-2.jpg\" width=\"407\" height=\"305\" srcset=\"https:\/\/gilfuentes.com.br\/novo\/wp-content\/uploads\/2013\/11\/Anitta-2.jpg 407w, https:\/\/gilfuentes.com.br\/novo\/wp-content\/uploads\/2013\/11\/Anitta-2-333x250.jpg 333w\" sizes=\"auto, (max-width: 407px) 100vw, 407px\" \/><\/a><\/p>\n<p>&nbsp;<\/p>\n<p>&nbsp;<\/p>\n<p>&#8220;Vai t\u00e1 sendo uma honra cantar depois de voc\u00ea. Quem aqui quer ouvir a Anitta t\u00e1 cantando?&#8221;, grita Carlito (o Palha\u00e7o) para as pessoas que estavam no local. Os frequentadores do bar, claro, aceitam e a funkeira canta o sucesso &#8216;Meiga e Abusada&#8217;, m\u00fasica que \u00e9 tema do casal Michel (Caio Castro) e Patr\u00edcia (Maria Casadevall).<\/p>\n<p>&nbsp;<\/p>\n<p>&nbsp;<\/p>\n<p><a href=\"https:\/\/gilfuentes.com.br\/novo\/wp-content\/uploads\/2013\/11\/Anitta-3.jpg\"><img loading=\"lazy\" decoding=\"async\" class=\"alignnone  wp-image-11296\" alt=\"Anitta 3\" src=\"https:\/\/gilfuentes.com.br\/novo\/wp-content\/uploads\/2013\/11\/Anitta-3.jpg\" width=\"384\" height=\"384\" srcset=\"https:\/\/gilfuentes.com.br\/novo\/wp-content\/uploads\/2013\/11\/Anitta-3.jpg 640w, https:\/\/gilfuentes.com.br\/novo\/wp-content\/uploads\/2013\/11\/Anitta-3-150x150.jpg 150w, https:\/\/gilfuentes.com.br\/novo\/wp-content\/uploads\/2013\/11\/Anitta-3-250x250.jpg 250w\" sizes=\"auto, (max-width: 384px) 100vw, 384px\" \/><\/a><\/p>\n<p>&nbsp;<\/p>\n<p>Enquanto isso, Raquel rasga elogios: &#8220;Nossa, o cabelo dela \u00e9 lindo! Olha s\u00f3 a roupa! E que pern\u00e3o! Ela n\u00e3o \u00e9 o m\u00e1ximo?&#8221;. Como a participa\u00e7\u00e3o de Anitta \u00e9 tamb\u00e9m para divulgar a linha de cal\u00e7ados dela, Noriko fala dos cal\u00e7ados da cantora: &#8220;Eu estou babando \u00e9 com a sand\u00e1lia dela! Olha l\u00e1!&#8221;.<\/p>\n","protected":false},"excerpt":{"rendered":"<p>Ela vai cantar ao lado de Carlito (Anderson Di Rizzi), Raquel (Carol Rainato) e Noriko (Camila Chiba). Na cena, que [&hellip;]<\/p>\n","protected":false},"author":1,"featured_media":11294,"comment_status":"closed","ping_status":"closed","sticky":false,"template":"","format":"standard","meta":{"footnotes":""},"categories":[5,8],"tags":[],"class_list":["post-11293","post","type-post","status-publish","format-standard","has-post-thumbnail","hentry","category-coluna","category-noticias"],"_links":{"self":[{"href":"https:\/\/gilfuentes.com.br\/novo\/wp-json\/wp\/v2\/posts\/11293","targetHints":{"allow":["GET"]}}],"collection":[{"href":"https:\/\/gilfuentes.com.br\/novo\/wp-json\/wp\/v2\/posts"}],"about":[{"href":"https:\/\/gilfuentes.com.br\/novo\/wp-json\/wp\/v2\/types\/post"}],"author":[{"embeddable":true,"href":"https:\/\/gilfuentes.com.br\/novo\/wp-json\/wp\/v2\/users\/1"}],"replies":[{"embeddable":true,"href":"https:\/\/gilfuentes.com.br\/novo\/wp-json\/wp\/v2\/comments?post=11293"}],"version-history":[{"count":2,"href":"https:\/\/gilfuentes.com.br\/novo\/wp-json\/wp\/v2\/posts\/11293\/revisions"}],"predecessor-version":[{"id":11298,"href":"https:\/\/gilfuentes.com.br\/novo\/wp-json\/wp\/v2\/posts\/11293\/revisions\/11298"}],"wp:featuredmedia":[{"embeddable":true,"href":"https:\/\/gilfuentes.com.br\/novo\/wp-json\/wp\/v2\/media\/11294"}],"wp:attachment":[{"href":"https:\/\/gilfuentes.com.br\/novo\/wp-json\/wp\/v2\/media?parent=11293"}],"wp:term":[{"taxonomy":"category","embeddable":true,"href":"https:\/\/gilfuentes.com.br\/novo\/wp-json\/wp\/v2\/categories?post=11293"},{"taxonomy":"post_tag","embeddable":true,"href":"https:\/\/gilfuentes.com.br\/novo\/wp-json\/wp\/v2\/tags?post=11293"}],"curies":[{"name":"wp","href":"https:\/\/api.w.org\/{rel}","templated":true}]}}