{"id":11480,"date":"2013-12-08T13:53:04","date_gmt":"2013-12-08T13:53:04","guid":{"rendered":"https:\/\/gilfuentes.com.br\/novo\/?p=11480"},"modified":"2013-12-08T13:53:04","modified_gmt":"2013-12-08T13:53:04","slug":"dia-do-colunista-social-8-de-dezembro","status":"publish","type":"post","link":"https:\/\/gilfuentes.com.br\/novo\/dia-do-colunista-social-8-de-dezembro","title":{"rendered":"Dia do Colunista Social &#8211; 8 de dezembro"},"content":{"rendered":"<p>Com 23 anos de trabalho na cidade de Suzano, mais especificamente no Di\u00e1rio de Suzano e e hoje tamb\u00e9m escrevendo no Caderno W, na Revista Actual Magazine e como titular deste Portal, me dou ao luxo de entrar em cena ao lado de minha esposa Vera Fuentes e do colunista Willy Damasceno, que al\u00e9m de ser uma refer\u00eancia no Alto Tiet\u00ea \u00e9 um amigo querido. A foto em destaque \u00e9 do impec\u00e1vel Gala que Willy produziu no Clube de Campo de Mogi das Cruzes, para comemorar 38 anos de colunismo social e 6 anos do Caderno W. Vivo intensamente todos os dias dentro desta complexa profiss\u00e3o que foi se moldando atrav\u00e9s das d\u00e9cadas, mas procuro sempre ter integridade e respeito pelo outro. Tento viver com dignidade ao lado da minha fam\u00edlia e trabalhar para poder andar sempre de cabe\u00e7a erguida. Antes de ser colunista social, sou jornalista, ator, cantor, promotor de eventos, pai de fam\u00edlia, av\u00f4 coruja e amigo fiel!<\/p>\n<p>&nbsp;<\/p>\n<p>Foto Eduardo Romano<\/p>\n","protected":false},"excerpt":{"rendered":"<p>Com 23 anos de trabalho na cidade de Suzano, mais especificamente no Di\u00e1rio de Suzano e e hoje tamb\u00e9m escrevendo [&hellip;]<\/p>\n","protected":false},"author":1,"featured_media":11481,"comment_status":"closed","ping_status":"closed","sticky":false,"template":"","format":"standard","meta":{"footnotes":""},"categories":[5,8],"tags":[],"class_list":["post-11480","post","type-post","status-publish","format-standard","has-post-thumbnail","hentry","category-coluna","category-noticias"],"_links":{"self":[{"href":"https:\/\/gilfuentes.com.br\/novo\/wp-json\/wp\/v2\/posts\/11480","targetHints":{"allow":["GET"]}}],"collection":[{"href":"https:\/\/gilfuentes.com.br\/novo\/wp-json\/wp\/v2\/posts"}],"about":[{"href":"https:\/\/gilfuentes.com.br\/novo\/wp-json\/wp\/v2\/types\/post"}],"author":[{"embeddable":true,"href":"https:\/\/gilfuentes.com.br\/novo\/wp-json\/wp\/v2\/users\/1"}],"replies":[{"embeddable":true,"href":"https:\/\/gilfuentes.com.br\/novo\/wp-json\/wp\/v2\/comments?post=11480"}],"version-history":[{"count":1,"href":"https:\/\/gilfuentes.com.br\/novo\/wp-json\/wp\/v2\/posts\/11480\/revisions"}],"predecessor-version":[{"id":11482,"href":"https:\/\/gilfuentes.com.br\/novo\/wp-json\/wp\/v2\/posts\/11480\/revisions\/11482"}],"wp:featuredmedia":[{"embeddable":true,"href":"https:\/\/gilfuentes.com.br\/novo\/wp-json\/wp\/v2\/media\/11481"}],"wp:attachment":[{"href":"https:\/\/gilfuentes.com.br\/novo\/wp-json\/wp\/v2\/media?parent=11480"}],"wp:term":[{"taxonomy":"category","embeddable":true,"href":"https:\/\/gilfuentes.com.br\/novo\/wp-json\/wp\/v2\/categories?post=11480"},{"taxonomy":"post_tag","embeddable":true,"href":"https:\/\/gilfuentes.com.br\/novo\/wp-json\/wp\/v2\/tags?post=11480"}],"curies":[{"name":"wp","href":"https:\/\/api.w.org\/{rel}","templated":true}]}}