{"id":11520,"date":"2013-12-09T23:49:44","date_gmt":"2013-12-09T23:49:44","guid":{"rendered":"https:\/\/gilfuentes.com.br\/novo\/?p=11520"},"modified":"2013-12-09T23:51:19","modified_gmt":"2013-12-09T23:51:19","slug":"pulso-estreia-no-theatro-vasques","status":"publish","type":"post","link":"https:\/\/gilfuentes.com.br\/novo\/pulso-estreia-no-theatro-vasques","title":{"rendered":"Pulso estreia no Theatro Vasques"},"content":{"rendered":"<p>Lilian Gumieiro entra em cena ladeada pelos bailarinos Paloma Souza, Mariana Camargo, Tayna Iban\u00eaz,<\/p>\n<p>Milton Andr\u00e9 Lazari, Lara Marson, Gisele Emiko e Rafael Caristo na noite de apresenta\u00e7\u00e3o da Pulso Cia de Dan\u00e7a, com o espet\u00e1culo Nostalgia, no Theatro Vasques de Mogi das Cruzes, para seleto convidados. Agora os empres\u00e1rios do Alto Tiet\u00ea tamb\u00e9m poder\u00e3o investir em dan\u00e7a dentro de um projeto que envolver\u00e1 crian\u00e7as carentes com a primeira companhia profissional da regi\u00e3o. Vale ressaltar que o estilista Vitor Zerbinato assina os figurinos da companhia, que por sinal ficou um luxo.<\/p>\n<p>&nbsp;<\/p>\n\n\t\t<style type=\"text\/css\">\n\t\t\t#gallery-1 {\n\t\t\t\tmargin: auto;\n\t\t\t}\n\t\t\t#gallery-1 .gallery-item {\n\t\t\t\tfloat: left;\n\t\t\t\tmargin-top: 10px;\n\t\t\t\ttext-align: center;\n\t\t\t\twidth: 33%;\n\t\t\t}\n\t\t\t#gallery-1 img {\n\t\t\t\tborder: 2px solid #cfcfcf;\n\t\t\t}\n\t\t\t#gallery-1 .gallery-caption {\n\t\t\t\tmargin-left: 0;\n\t\t\t}\n\t\t\t\/* see gallery_shortcode() in wp-includes\/media.php *\/\n\t\t<\/style>\n\t\t<div id='gallery-1' class='gallery galleryid-11520 gallery-columns-3 gallery-size-thumbnail'><dl class='gallery-item'>\n\t\t\t<dt class='gallery-icon landscape'>\n\t\t\t\t<a href='https:\/\/gilfuentes.com.br\/novo\/pulso-estreia-no-theatro-vasques\/lilian-gumieiro-e-andre-loducca'><img loading=\"lazy\" decoding=\"async\" width=\"150\" height=\"150\" src=\"https:\/\/gilfuentes.com.br\/novo\/wp-content\/uploads\/2013\/12\/Lilian-Gumieiro-e-Andr\u00e9-Loducca-150x150.jpg\" class=\"attachment-thumbnail size-thumbnail\" alt=\"\" aria-describedby=\"gallery-1-11524\" \/><\/a>\n\t\t\t<\/dt>\n\t\t\t\t<dd class='wp-caption-text gallery-caption' id='gallery-1-11524'>\n\t\t\t\tLilian Gumieiro e Andr\u00e9 Loducca\n\t\t\t\t<\/dd><\/dl><dl class='gallery-item'>\n\t\t\t<dt class='gallery-icon landscape'>\n\t\t\t\t<a href='https:\/\/gilfuentes.com.br\/novo\/pulso-estreia-no-theatro-vasques\/isabelle-e-cuco-pereira'><img loading=\"lazy\" decoding=\"async\" width=\"150\" height=\"150\" src=\"https:\/\/gilfuentes.com.br\/novo\/wp-content\/uploads\/2013\/12\/Isabelle-e-Cuco-Pereira-150x150.jpg\" class=\"attachment-thumbnail size-thumbnail\" alt=\"\" aria-describedby=\"gallery-1-11523\" \/><\/a>\n\t\t\t<\/dt>\n\t\t\t\t<dd class='wp-caption-text gallery-caption' id='gallery-1-11523'>\n\t\t\t\tIsabelle e Cuco Pereira\n\t\t\t\t<\/dd><\/dl><dl class='gallery-item'>\n\t\t\t<dt class='gallery-icon landscape'>\n\t\t\t\t<a href='https:\/\/gilfuentes.com.br\/novo\/pulso-estreia-no-theatro-vasques\/img_5499'><img loading=\"lazy\" decoding=\"async\" width=\"150\" height=\"150\" src=\"https:\/\/gilfuentes.com.br\/novo\/wp-content\/uploads\/2013\/12\/IMG_5499-150x150.jpg\" class=\"attachment-thumbnail size-thumbnail\" alt=\"\" \/><\/a>\n\t\t\t<\/dt><\/dl><br style=\"clear: both\" \/><dl class='gallery-item'>\n\t\t\t<dt class='gallery-icon landscape'>\n\t\t\t\t<a href='https:\/\/gilfuentes.com.br\/novo\/pulso-estreia-no-theatro-vasques\/img_5477'><img loading=\"lazy\" decoding=\"async\" width=\"150\" height=\"150\" src=\"https:\/\/gilfuentes.com.br\/novo\/wp-content\/uploads\/2013\/12\/IMG_5477-150x150.jpg\" class=\"attachment-thumbnail size-thumbnail\" alt=\"\" \/><\/a>\n\t\t\t<\/dt><\/dl>\n\t\t\t<br style='clear: both' \/>\n\t\t<\/div>\n\n","protected":false},"excerpt":{"rendered":"<p>Lilian Gumieiro entra em cena ladeada pelos bailarinos Paloma Souza, Mariana Camargo, Tayna Iban\u00eaz, Milton Andr\u00e9 Lazari, Lara Marson, Gisele [&hellip;]<\/p>\n","protected":false},"author":1,"featured_media":11525,"comment_status":"closed","ping_status":"closed","sticky":false,"template":"","format":"standard","meta":{"footnotes":""},"categories":[5,8],"tags":[],"class_list":["post-11520","post","type-post","status-publish","format-standard","has-post-thumbnail","hentry","category-coluna","category-noticias"],"_links":{"self":[{"href":"https:\/\/gilfuentes.com.br\/novo\/wp-json\/wp\/v2\/posts\/11520","targetHints":{"allow":["GET"]}}],"collection":[{"href":"https:\/\/gilfuentes.com.br\/novo\/wp-json\/wp\/v2\/posts"}],"about":[{"href":"https:\/\/gilfuentes.com.br\/novo\/wp-json\/wp\/v2\/types\/post"}],"author":[{"embeddable":true,"href":"https:\/\/gilfuentes.com.br\/novo\/wp-json\/wp\/v2\/users\/1"}],"replies":[{"embeddable":true,"href":"https:\/\/gilfuentes.com.br\/novo\/wp-json\/wp\/v2\/comments?post=11520"}],"version-history":[{"count":2,"href":"https:\/\/gilfuentes.com.br\/novo\/wp-json\/wp\/v2\/posts\/11520\/revisions"}],"predecessor-version":[{"id":11527,"href":"https:\/\/gilfuentes.com.br\/novo\/wp-json\/wp\/v2\/posts\/11520\/revisions\/11527"}],"wp:featuredmedia":[{"embeddable":true,"href":"https:\/\/gilfuentes.com.br\/novo\/wp-json\/wp\/v2\/media\/11525"}],"wp:attachment":[{"href":"https:\/\/gilfuentes.com.br\/novo\/wp-json\/wp\/v2\/media?parent=11520"}],"wp:term":[{"taxonomy":"category","embeddable":true,"href":"https:\/\/gilfuentes.com.br\/novo\/wp-json\/wp\/v2\/categories?post=11520"},{"taxonomy":"post_tag","embeddable":true,"href":"https:\/\/gilfuentes.com.br\/novo\/wp-json\/wp\/v2\/tags?post=11520"}],"curies":[{"name":"wp","href":"https:\/\/api.w.org\/{rel}","templated":true}]}}