{"id":11658,"date":"2013-12-14T12:16:54","date_gmt":"2013-12-14T12:16:54","guid":{"rendered":"https:\/\/gilfuentes.com.br\/novo\/?p=11658"},"modified":"2013-12-14T14:20:33","modified_gmt":"2013-12-14T14:20:33","slug":"copa-da-paz","status":"publish","type":"post","link":"https:\/\/gilfuentes.com.br\/novo\/copa-da-paz","title":{"rendered":"Copa da Paz"},"content":{"rendered":"<p>O Sal\u00e3o Nobre da C\u00e2mara Municipal de S\u00e3o Paulo foi palco de um evento emocionante na noite do dia 11 de dezembro. Apresentado por Malcolm Forest, a 10\u00b0 Edi\u00e7\u00e3o do \u201cPr\u00eamio Paul Donovan Kigar de Honra ao M\u00e9rito por Realiza\u00e7\u00f5es de Vida\u201d este ano teve como grande destaque a homenagem ao Futebol do Brasil, por sua excel\u00eancia, proje\u00e7\u00e3o do Brasil no mundo, contribui\u00e7\u00e3o para autoestima do povo e promo\u00e7\u00e3o do esporte mundial. Representando a CBF (Confedera\u00e7\u00e3o Brasileira de Futebol), foi homenageado Jos\u00e9 Maria Marin que fez uma declara\u00e7\u00e3o comovente ao receber a l\u00e1urea: \u201cEste pr\u00eamio \u00e9 o mais importante da minha vida\u201d, afirmou o presidente. Durante o evento Marin tamb\u00e9m anunciou uma proposta para a Copa de 2014, a ado\u00e7\u00e3o do tema &#8220;Copa da Paz&#8221;, para que o Brasil e o Mundo se unem em prol da cultura da paz e solidariedade, e da n\u00e3o viol\u00eancia nos grandes eventos esportivos.<\/p>\n<p>&nbsp;<\/p>\n<p>&nbsp;<\/p>\n<p>Foto: Assessoria M\u00e1rcia Stival<\/p>\n<p>&nbsp;<\/p>\n<p>&nbsp;<\/p>\n","protected":false},"excerpt":{"rendered":"<p>O Sal\u00e3o Nobre da C\u00e2mara Municipal de S\u00e3o Paulo foi palco de um evento emocionante na noite do dia 11 [&hellip;]<\/p>\n","protected":false},"author":1,"featured_media":11659,"comment_status":"closed","ping_status":"closed","sticky":false,"template":"","format":"standard","meta":{"footnotes":""},"categories":[5,8],"tags":[],"class_list":["post-11658","post","type-post","status-publish","format-standard","has-post-thumbnail","hentry","category-coluna","category-noticias"],"_links":{"self":[{"href":"https:\/\/gilfuentes.com.br\/novo\/wp-json\/wp\/v2\/posts\/11658","targetHints":{"allow":["GET"]}}],"collection":[{"href":"https:\/\/gilfuentes.com.br\/novo\/wp-json\/wp\/v2\/posts"}],"about":[{"href":"https:\/\/gilfuentes.com.br\/novo\/wp-json\/wp\/v2\/types\/post"}],"author":[{"embeddable":true,"href":"https:\/\/gilfuentes.com.br\/novo\/wp-json\/wp\/v2\/users\/1"}],"replies":[{"embeddable":true,"href":"https:\/\/gilfuentes.com.br\/novo\/wp-json\/wp\/v2\/comments?post=11658"}],"version-history":[{"count":1,"href":"https:\/\/gilfuentes.com.br\/novo\/wp-json\/wp\/v2\/posts\/11658\/revisions"}],"predecessor-version":[{"id":11660,"href":"https:\/\/gilfuentes.com.br\/novo\/wp-json\/wp\/v2\/posts\/11658\/revisions\/11660"}],"wp:featuredmedia":[{"embeddable":true,"href":"https:\/\/gilfuentes.com.br\/novo\/wp-json\/wp\/v2\/media\/11659"}],"wp:attachment":[{"href":"https:\/\/gilfuentes.com.br\/novo\/wp-json\/wp\/v2\/media?parent=11658"}],"wp:term":[{"taxonomy":"category","embeddable":true,"href":"https:\/\/gilfuentes.com.br\/novo\/wp-json\/wp\/v2\/categories?post=11658"},{"taxonomy":"post_tag","embeddable":true,"href":"https:\/\/gilfuentes.com.br\/novo\/wp-json\/wp\/v2\/tags?post=11658"}],"curies":[{"name":"wp","href":"https:\/\/api.w.org\/{rel}","templated":true}]}}