{"id":11669,"date":"2013-12-15T15:41:26","date_gmt":"2013-12-15T15:41:26","guid":{"rendered":"https:\/\/gilfuentes.com.br\/novo\/?p=11669"},"modified":"2013-12-15T16:00:57","modified_gmt":"2013-12-15T16:00:57","slug":"jorge-lordello-e-o-entrevistado-deste-domingo","status":"publish","type":"post","link":"https:\/\/gilfuentes.com.br\/novo\/jorge-lordello-e-o-entrevistado-deste-domingo","title":{"rendered":"Jorge Lordello \u00e9 o entrevistado deste domingo"},"content":{"rendered":"<p>&nbsp;<\/p>\n<p>&nbsp;<\/p>\n<p>Sua trajet\u00f3ria \u00e9 brilhante. Delegado, vereador, escritor de cr\u00f4nicas e livros que falam sobre a viol\u00eancia e enfim, a televis\u00e3o, onde se apresenta com maestria e fala com propriedade. Jorge Lordello \u00e9 um homem determinado, que deixou marcas profundas na cidade de Suzano, onde \u00e9 muito querido e respeitado. Saiu de Suzano para o mundo e hoje fala com exclusividade \u00e0 coluna, das facetas que desempenha t\u00e3o bem e o faz conquistar mais espa\u00e7o neste concorrido mercado. Certamente ele leva uma grande vantagem, que \u00e9 o conhecimento sobre tudo que escreve e fala.<\/p>\n<p>&nbsp;<\/p>\n<p>&nbsp;<\/p>\n<p>Fotos: La\u00e9rcio Di Passos<\/p>\n<p>&nbsp;<\/p>\n<p>&nbsp;<\/p>\n<p><a href=\"https:\/\/gilfuentes.com.br\/novo\/wp-content\/uploads\/2013\/12\/Fam6_3.jpg\"><img loading=\"lazy\" decoding=\"async\" class=\"alignnone  wp-image-11673\" alt=\"Fam6_3\" src=\"https:\/\/gilfuentes.com.br\/novo\/wp-content\/uploads\/2013\/12\/Fam6_3-680x1024.jpg\" width=\"408\" height=\"614\" srcset=\"https:\/\/gilfuentes.com.br\/novo\/wp-content\/uploads\/2013\/12\/Fam6_3-680x1024.jpg 680w, https:\/\/gilfuentes.com.br\/novo\/wp-content\/uploads\/2013\/12\/Fam6_3-166x250.jpg 166w\" sizes=\"auto, (max-width: 408px) 100vw, 408px\" \/><\/a><\/p>\n<p>&nbsp;<\/p>\n<p>&nbsp;<\/p>\n<p><strong>Como delegado teve uma atua\u00e7\u00e3o marcante em Suzano? Sente saudades?<\/strong><\/p>\n<p><strong>Jorge Lordello &#8211;<\/strong> Entrei na carreira policial por absoluta voca\u00e7\u00e3o. Assim que me formei em direito na PUC\/SP, prestei concurso para delegado e fui nomeado para Suzano. Trabalhei muitos anos no plant\u00e3o policial e mesmo liderando uma equipe de excelentes investigadores, sempre ia para as ruas resolver pessoalmente muitos dos casos que surgiam. Realizava blitzs em diversas regi\u00f5es da cidade e tinha apoio da comunidade, que reconhecia meu esfor\u00e7o e dedica\u00e7\u00e3o. Essa forma de atuar me permitiu maior percep\u00e7\u00e3o dos problemas de seguran\u00e7a do munic\u00edpio. Muito de meu tempo livre dedicava a visitar escolas, empresas e outras organiza\u00e7\u00f5es, onde proferia palestras preventivas e educativas. Saudades do tempo que passou, n\u00e3o quero ter; minha filosofia de vida \u00e9 fazer sempre melhor; criar o novo, evoluir, crescer e aprender. E Suzano, \u00e9 aquele caso de amor eterno.<\/p>\n<p>&nbsp;<\/p>\n<p>&nbsp;<\/p>\n<p><strong>Quando publicou seu primeiro livro, em parceria com Lair Ribeiro, ainda atuava como delegado em Suzano. De l\u00e1 para c\u00e1 s\u00e3o quantos livros publicados?<\/strong><\/p>\n<p><strong>Jorge &#8211;<\/strong> J\u00e1 lancei sete livros, sendo que um deles foi publicado em Madri\/Espanha e distribu\u00eddo em 28 pa\u00edses.<\/p>\n<p>&nbsp;<\/p>\n<p>&nbsp;<\/p>\n<p><a href=\"https:\/\/gilfuentes.com.br\/novo\/wp-content\/uploads\/2013\/12\/Fam6_2.jpg\"><img loading=\"lazy\" decoding=\"async\" class=\"alignnone  wp-image-11672\" alt=\"Fam6_2\" src=\"https:\/\/gilfuentes.com.br\/novo\/wp-content\/uploads\/2013\/12\/Fam6_2-680x1024.jpg\" width=\"408\" height=\"614\" srcset=\"https:\/\/gilfuentes.com.br\/novo\/wp-content\/uploads\/2013\/12\/Fam6_2-680x1024.jpg 680w, https:\/\/gilfuentes.com.br\/novo\/wp-content\/uploads\/2013\/12\/Fam6_2-166x250.jpg 166w\" sizes=\"auto, (max-width: 408px) 100vw, 408px\" \/><\/a><\/p>\n<p>&nbsp;<\/p>\n<p>&nbsp;<\/p>\n<p><strong>\u00c9 colunista do DS h\u00e1 anos e semanalmente publica textos que falam sobre a viol\u00eancia. Todos s\u00e3o ver\u00eddicos? <\/strong><\/p>\n<p><strong>Jorge &#8211;<\/strong> H\u00e1 20 anos consecutivos tenho a honra de ser colunista no DS, com artigos sobre seguran\u00e7a e cr\u00f4nicas motivacionais. Recebo muitos e-mails de leitores de Suzano e regi\u00e3o que foram v\u00edtimas da viol\u00eancia urbana e desejam compartilhar comigo o ocorrido. Aproveito esses casos reais para mostrar na minha coluna semanal como minimizar riscos, tendo atitudes seguras e proativas.<\/p>\n<p>&nbsp;<\/p>\n<p>&nbsp;<\/p>\n<p><strong>Foi vereador em Suzano. Desistiu da pol\u00edtica? <\/strong><\/p>\n<p><strong>Jorge &#8211;<\/strong> A experi\u00eancia como vereador foi incr\u00edvel e gratificante. Consegui aprovar diversas leis importantes que propiciam, at\u00e9 hoje, benef\u00edcios \u00e0 popula\u00e7\u00e3o e mais justi\u00e7a social. Muito do meu bom desempenho na C\u00e2mara Municipal de Suzano, foi em virtude da experi\u00eancia que adquiri como delegado. Conhe\u00e7o o munic\u00edpio como poucas pessoas; mesmo os bairros mais distantes, eu cheguei a patrulhar em muitas madrugadas. Conheci o lado bonito e o feio de nossa cidade; muitos dos projetos que apresentei, foi em virtude dessa viv\u00eancia. N\u00e3o faltam convites para retornar \u00e0 vida p\u00fablica em Suzano, mas no momento tenho me dedicado bastante \u00e0 pesquisa na \u00e1rea criminal e tamb\u00e9m na cria\u00e7\u00e3o de diversos livros de hist\u00f3rias investigativas, que devo lan\u00e7ar no in\u00edcio de 2014. Outro sonho \u00e9 emplacar na televis\u00e3o um seriado com meus contos policiais. Em 2016 teremos elei\u00e7\u00f5es municipais em Suzano; as sondagens j\u00e1 come\u00e7aram. Posso dizer, no momento, que estou pensando com carinho!<\/p>\n<p>&nbsp;<\/p>\n<p>&nbsp;<\/p>\n<p><a href=\"https:\/\/gilfuentes.com.br\/novo\/wp-content\/uploads\/2013\/12\/Fam6_4.jpg\"><img loading=\"lazy\" decoding=\"async\" class=\"alignnone  wp-image-11674\" alt=\"Fam6_4\" src=\"https:\/\/gilfuentes.com.br\/novo\/wp-content\/uploads\/2013\/12\/Fam6_4-680x1024.jpg\" width=\"408\" height=\"614\" srcset=\"https:\/\/gilfuentes.com.br\/novo\/wp-content\/uploads\/2013\/12\/Fam6_4-680x1024.jpg 680w, https:\/\/gilfuentes.com.br\/novo\/wp-content\/uploads\/2013\/12\/Fam6_4-166x250.jpg 166w\" sizes=\"auto, (max-width: 408px) 100vw, 408px\" \/><\/a><\/p>\n<p>&nbsp;<\/p>\n<p>&nbsp;<\/p>\n<p><strong>O que te levou a falar e escrever sobre a viol\u00eancia? <\/strong><\/p>\n<p><strong>Jorge &#8211; <\/strong>Atendi centenas de v\u00edtimas nas delegacias de Suzano e de Mogi das Cruzes. Fui percebendo que muitas pessoas desconheciam totalmente regras simples sobre seguran\u00e7a pessoal e familiar. Na \u00e9poca, pesquisei em livrarias, tentando localizar literatura sobre o tema. N\u00e3o existia nada nesse sentido. Foi ent\u00e3o, que arregacei as mangas e iniciei trabalho in\u00e9dito de pesquisa criminal no Brasil, entrevistando cerca de 1200 criminosos em cadeias, 1550 v\u00edtimas e dezenas de policiais, ju\u00edzes e promotores. O intuito desse trabalho foi elaborar livros, artigos e ministrar palestras.<\/p>\n<p>&nbsp;<\/p>\n<p>&nbsp;<\/p>\n<p><strong>Fez r\u00e1dio no Alto Tiet\u00ea e rapidamente foi para a televis\u00e3o. Fale um pouco sobre esta trajet\u00f3ria. <\/strong><\/p>\n<p><strong>Jorge &#8211; <\/strong>O livro \u201cComo Conviver Com a Viol\u00eancia\u201d, que lancei na Bienal em parceria com o Dr. Lair Ribeiro, em 1999, gerou grande interesse de programas de televis\u00e3o, r\u00e1dio, jornais e sites, pois o tema era, ent\u00e3o, in\u00e9dito e palpitante. Com o passar dos anos, me tornei refer\u00eancia na \u00e1rea de seguran\u00e7a p\u00fablica e privada e acabei ganhando na m\u00eddia o apelido carinhoso de Dr. Seguran\u00e7a!<\/p>\n<p>&nbsp;<\/p>\n<p>&nbsp;<\/p>\n<p><a href=\"https:\/\/gilfuentes.com.br\/novo\/wp-content\/uploads\/2013\/12\/TESTA1.jpg\"><img loading=\"lazy\" decoding=\"async\" class=\"alignnone  wp-image-11670\" alt=\"TESTA\" src=\"https:\/\/gilfuentes.com.br\/novo\/wp-content\/uploads\/2013\/12\/TESTA1.jpg\" width=\"562\" height=\"610\" srcset=\"https:\/\/gilfuentes.com.br\/novo\/wp-content\/uploads\/2013\/12\/TESTA1.jpg 937w, https:\/\/gilfuentes.com.br\/novo\/wp-content\/uploads\/2013\/12\/TESTA1-230x250.jpg 230w\" sizes=\"auto, (max-width: 562px) 100vw, 562px\" \/><\/a><\/p>\n<p>&nbsp;<\/p>\n<p>&nbsp;<\/p>\n<p><strong>Nunca mais delegado? <\/strong><\/p>\n<p><strong>Jorge &#8211; <\/strong>Atualmente, estou afastado do cargo e em fase de contagem de tempo para aposentadoria.<\/p>\n<p>&nbsp;<\/p>\n<p>&nbsp;<\/p>\n<p><strong>Final de ano a criminalidade aumenta e consequentemente a viol\u00eancia. Existe uma receita para amenizar isso tudo? <\/strong><\/p>\n<p><strong>Jorge &#8211; <\/strong>Final de ano \u00e9 sin\u00f4nimo de 13\u00ba chegando, portanto, mais dinheiro na pra\u00e7a. O movimento intenso nas ruas de grande com\u00e9rcio gera campo f\u00e9rtil para a a\u00e7\u00e3o de marginais. A melhor dica de seguran\u00e7a \u00e9 antecipar as compras de Natal e Ano Novo para fugir da tradicional \u201cmuvuca\u201d de quem deixa para comprar no afogadilho.<\/p>\n<p>&nbsp;<\/p>\n<p style=\"text-align: center;\"><a href=\"https:\/\/gilfuentes.com.br\/novo\/wp-content\/uploads\/2013\/12\/Fam6_1.jpg\"><img loading=\"lazy\" decoding=\"async\" class=\"wp-image-11671 aligncenter\" alt=\"Fam6_1\" src=\"https:\/\/gilfuentes.com.br\/novo\/wp-content\/uploads\/2013\/12\/Fam6_1-680x1024.jpg\" width=\"245\" height=\"368\" srcset=\"https:\/\/gilfuentes.com.br\/novo\/wp-content\/uploads\/2013\/12\/Fam6_1-680x1024.jpg 680w, https:\/\/gilfuentes.com.br\/novo\/wp-content\/uploads\/2013\/12\/Fam6_1-166x250.jpg 166w\" sizes=\"auto, (max-width: 245px) 100vw, 245px\" \/><\/a><\/p>\n<p>&nbsp;<\/p>\n<p><b>\u00a0<\/b><\/p>\n<p><span style=\"text-decoration: underline;\"><strong>JOGO R\u00c1PIDO<\/strong><\/span><\/p>\n<p>&nbsp;<\/p>\n<p>&nbsp;<\/p>\n<p><strong>Um lugar<\/strong><\/p>\n<p>Meu lar<\/p>\n<p>&nbsp;<\/p>\n<p>&nbsp;<\/p>\n<p><strong>Um cheiro<\/strong><\/p>\n<p>Mato<\/p>\n<p>&nbsp;<\/p>\n<p>&nbsp;<\/p>\n<p><strong>Uma cor\u00a0<\/strong><\/p>\n<p>Laranja<\/p>\n<p>&nbsp;<\/p>\n<p>&nbsp;<\/p>\n<p><strong>Um livro<\/strong><\/p>\n<p>Como Conviver Com a Viol\u00eancia<\/p>\n<p>&nbsp;<\/p>\n<p>&nbsp;<\/p>\n<p><strong>Um filme<\/strong><\/p>\n<p>N\u00e1ufrago, com Tom Hanks<\/p>\n<p>&nbsp;<\/p>\n<p>&nbsp;<\/p>\n<p><strong>Uma m\u00fasica<\/strong><\/p>\n<p>Can\u00e7\u00e3o da Am\u00e9rica \u2013 Milton Nascimento<\/p>\n<p>&nbsp;<\/p>\n<p>&nbsp;<\/p>\n<p><strong>Um momento\u00a0<\/strong><\/p>\n<p>Presente<\/p>\n<p>&nbsp;<\/p>\n<p>&nbsp;<\/p>\n<p><strong>Um homem<\/strong><\/p>\n<p>Meu Pai<\/p>\n<p>&nbsp;<\/p>\n<p>&nbsp;<\/p>\n<p><strong>Uma mulher<\/strong><\/p>\n<p>Minha M\u00e3e<\/p>\n<p>&nbsp;<\/p>\n<p>&nbsp;<\/p>\n<p><strong>Deus<\/strong><\/p>\n<p>Conselheiro<\/p>\n<p>&nbsp;<\/p>\n<p>&nbsp;<\/p>\n","protected":false},"excerpt":{"rendered":"<p>&nbsp; &nbsp; Sua trajet\u00f3ria \u00e9 brilhante. Delegado, vereador, escritor de cr\u00f4nicas e livros que falam sobre a viol\u00eancia e enfim, [&hellip;]<\/p>\n","protected":false},"author":1,"featured_media":11672,"comment_status":"closed","ping_status":"closed","sticky":false,"template":"","format":"standard","meta":{"footnotes":""},"categories":[5,8],"tags":[],"class_list":["post-11669","post","type-post","status-publish","format-standard","has-post-thumbnail","hentry","category-coluna","category-noticias"],"_links":{"self":[{"href":"https:\/\/gilfuentes.com.br\/novo\/wp-json\/wp\/v2\/posts\/11669","targetHints":{"allow":["GET"]}}],"collection":[{"href":"https:\/\/gilfuentes.com.br\/novo\/wp-json\/wp\/v2\/posts"}],"about":[{"href":"https:\/\/gilfuentes.com.br\/novo\/wp-json\/wp\/v2\/types\/post"}],"author":[{"embeddable":true,"href":"https:\/\/gilfuentes.com.br\/novo\/wp-json\/wp\/v2\/users\/1"}],"replies":[{"embeddable":true,"href":"https:\/\/gilfuentes.com.br\/novo\/wp-json\/wp\/v2\/comments?post=11669"}],"version-history":[{"count":4,"href":"https:\/\/gilfuentes.com.br\/novo\/wp-json\/wp\/v2\/posts\/11669\/revisions"}],"predecessor-version":[{"id":11679,"href":"https:\/\/gilfuentes.com.br\/novo\/wp-json\/wp\/v2\/posts\/11669\/revisions\/11679"}],"wp:featuredmedia":[{"embeddable":true,"href":"https:\/\/gilfuentes.com.br\/novo\/wp-json\/wp\/v2\/media\/11672"}],"wp:attachment":[{"href":"https:\/\/gilfuentes.com.br\/novo\/wp-json\/wp\/v2\/media?parent=11669"}],"wp:term":[{"taxonomy":"category","embeddable":true,"href":"https:\/\/gilfuentes.com.br\/novo\/wp-json\/wp\/v2\/categories?post=11669"},{"taxonomy":"post_tag","embeddable":true,"href":"https:\/\/gilfuentes.com.br\/novo\/wp-json\/wp\/v2\/tags?post=11669"}],"curies":[{"name":"wp","href":"https:\/\/api.w.org\/{rel}","templated":true}]}}