{"id":11756,"date":"2013-12-22T02:00:42","date_gmt":"2013-12-22T02:00:42","guid":{"rendered":"https:\/\/gilfuentes.com.br\/novo\/?p=11756"},"modified":"2013-12-20T19:28:03","modified_gmt":"2013-12-20T19:28:03","slug":"estevam-galvao-e-o-entrevistado-deste-domingo","status":"publish","type":"post","link":"https:\/\/gilfuentes.com.br\/novo\/estevam-galvao-e-o-entrevistado-deste-domingo","title":{"rendered":"Estevam Galv\u00e3o \u00e9 o entrevistado deste domingo"},"content":{"rendered":"<p>&nbsp;<\/p>\n<p><em>Falar de pol\u00edtica sem citar o nome de Estevam Galv\u00e3o de Oliveira seria imposs\u00edvel. Foi vereador de Suzano; prefeito por quatro mandatos; deputado federal e est\u00e1 em seu quarto mandato como deputado estadual, al\u00e9m de ter sido sub-prefeito de Guaianazes. Um homem focado em tudo que faz. Um leonino convicto, que soube aproveitar os momentos para se firmar como um dos mais poderosos pol\u00edticos do Alto Tiet\u00ea. Casado com Viviane Galv\u00e3o &#8211; atual vice-prefeita de Suzano &#8211; \u00e9 pai de duas filhas, Daniella (casada com Renato Oldra) e Carolina e av\u00f4 de dois netos, Leonardo e Eduardo.<\/em><\/p>\n<p>&nbsp;<\/p>\n<p>&nbsp;<\/p>\n<p><a href=\"https:\/\/gilfuentes.com.br\/novo\/wp-content\/uploads\/2013\/12\/Fam6_21.jpg\"><img loading=\"lazy\" decoding=\"async\" class=\"alignnone  wp-image-11758\" alt=\"Fam6_2\" src=\"https:\/\/gilfuentes.com.br\/novo\/wp-content\/uploads\/2013\/12\/Fam6_21-1024x309.jpg\" width=\"614\" height=\"185\" srcset=\"https:\/\/gilfuentes.com.br\/novo\/wp-content\/uploads\/2013\/12\/Fam6_21-1024x309.jpg 1024w, https:\/\/gilfuentes.com.br\/novo\/wp-content\/uploads\/2013\/12\/Fam6_21-828x250.jpg 828w\" sizes=\"auto, (max-width: 614px) 100vw, 614px\" \/><\/a><\/p>\n<p>&nbsp;<\/p>\n<p>&nbsp;<\/p>\n<p><strong>S\u00e3o mais de 35 anos na pol\u00edtica. Est\u00e1 mais f\u00e1cil ou dif\u00edcil permanecer nesta atividade?<\/strong><\/p>\n<p><strong>Estevam Galv\u00e3o &#8211;<\/strong> Est\u00e1 mais dif\u00edcil. No passado a pol\u00edtica era mais pura e honesta. Hoje a pol\u00edtica, muitas vezes, est\u00e1 ligada a interesses pessoais. Nem sempre as pessoas v\u00eam para servir, mas para se servir.<\/p>\n<p>&nbsp;<\/p>\n<p>&nbsp;<\/p>\n<p><strong>N\u00e3o \u00e9 um exagero tantos partidos pol\u00edticos?<\/strong><\/p>\n<p><strong>Estevam &#8211;<\/strong> N\u00e3o \u00e9 exagero. \u00c9 muito exagero, \u00e9 exagerad\u00edssimo, um descalabro, uma pobreza partid\u00e1ria que n\u00e3o ajuda a democracia, e sim prejudica seriamente. \u00c9 necess\u00e1ria uma reforma pol\u00edtica urgente, verdadeira e para valer.<\/p>\n<p>&nbsp;<\/p>\n<p>&nbsp;<\/p>\n<p><strong>Todos n\u00f3s almejamos por um crescimento maior na cidade de Suzano. Podemos esperar?<\/strong><\/p>\n<p><strong>Estevam &#8211;<\/strong> Podem esperar com certeza absoluta. Temos grandes planos, alguns at\u00e9 audaciosos. Continuaremos lutando muito para que se tornem realidade.<\/p>\n<p>&nbsp;<\/p>\n<p>&nbsp;<\/p>\n<p>&nbsp;<\/p>\n<p><a href=\"https:\/\/gilfuentes.com.br\/novo\/wp-content\/uploads\/2013\/12\/Fam6_11.jpg\"><img loading=\"lazy\" decoding=\"async\" class=\"alignnone  wp-image-11760\" alt=\"Fam6_1\" src=\"https:\/\/gilfuentes.com.br\/novo\/wp-content\/uploads\/2013\/12\/Fam6_11-1024x682.jpg\" width=\"614\" height=\"409\" srcset=\"https:\/\/gilfuentes.com.br\/novo\/wp-content\/uploads\/2013\/12\/Fam6_11-1024x682.jpg 1024w, https:\/\/gilfuentes.com.br\/novo\/wp-content\/uploads\/2013\/12\/Fam6_11-375x250.jpg 375w\" sizes=\"auto, (max-width: 614px) 100vw, 614px\" \/><\/a><\/p>\n<p>&nbsp;<\/p>\n<p>&nbsp;<\/p>\n<p>&nbsp;<\/p>\n<p><strong>S\u00e3o muitos os projetos, mas o que tem de concreto para 2014, para Suzano e Alto Tiet\u00ea?<\/strong><\/p>\n<p><strong>Estevam &#8211;<\/strong> Suzano vive um bom momento, uma nova fase de realiza\u00e7\u00f5es e conquistas. J\u00e1 recebemos neste ano obras e equipamentos importantes, como o Poupatempo e o Restaurante Bom Prato. Em 2014 teremos o Hospital P\u00fablico Estadual, que j\u00e1 est\u00e1 em obras; a reconstru\u00e7\u00e3o total da Marginal do Rio Una \u2013 uma luta antiga nossa e que enfim foi autorizado pelo governador Geraldo Alckmin -; a eleva\u00e7\u00e3o da pista na Vila Ipel\u00e2ndia, que j\u00e1 est\u00e1 sendo entregue; a nova esta\u00e7\u00e3o da CPTM e o Expresso Leste; Fatec; novas escolas e creches; o Rodoanel trecho Leste com al\u00e7a de acesso em Suzano, enfim. Ser\u00e1 uma nova fase de progresso e desenvolvimento para a nossa cidade.<\/p>\n<p>&nbsp;<\/p>\n<p>&nbsp;<\/p>\n<p><strong>Suzano voltar\u00e1 um dia ocupar lugar de destaque em arrecada\u00e7\u00e3o de ICMS?<\/strong><\/p>\n<p><strong>Estevam &#8211;<\/strong> N\u00e3o \u00e9 f\u00e1cil. \u00c9 um trabalho muito dif\u00edcil. Todavia, se conseguirmos a liga\u00e7\u00e3o Suzano-Santos partindo o Rodoanel Leste, este sonho poder\u00e1 se tornar realidade. \u00c9 uma grande luta.<\/p>\n<p>&nbsp;<\/p>\n<p>&nbsp;<\/p>\n<p><strong>Imaginava um dia ver sua esposa, Viviane Galv\u00e3o, assumir a prefeitura, um papel desempenhado por voc\u00ea durante 4 gest\u00f5es?<\/strong><\/p>\n<p><strong>Estevam &#8211;<\/strong> N\u00e3o imaginava nem que ela fosse um dia vice-prefeita de Suzano, imagina prefeita. Estou muito feliz, porque percebo com clareza que a Viviane est\u00e1 muito preparada e conduzindo os trabalhos muito bem, com desenvoltura e compet\u00eancia. Ela sempre foi uma mulher muito preparada.<\/p>\n<p>&nbsp;<\/p>\n<p>&nbsp;<\/p>\n<p><strong>Al\u00e9m de pai de duas filhas \u00e9 tamb\u00e9m av\u00f4 de dois netos. Como \u00e9 isso?<\/strong><\/p>\n<p><strong>Estevam &#8211;<\/strong> \u00c9 a melhor coisa do mundo. Se existe coisa melhor do que isso, Deus escondeu para ele pr\u00f3prio.<\/p>\n<p>&nbsp;<\/p>\n<p>&nbsp;<\/p>\n<p><a href=\"https:\/\/gilfuentes.com.br\/novo\/wp-content\/uploads\/2013\/12\/Fam6_31.jpg\"><img loading=\"lazy\" decoding=\"async\" class=\"alignnone  wp-image-11759\" alt=\"Fam6_3\" src=\"https:\/\/gilfuentes.com.br\/novo\/wp-content\/uploads\/2013\/12\/Fam6_31-710x1024.jpg\" width=\"426\" height=\"614\" srcset=\"https:\/\/gilfuentes.com.br\/novo\/wp-content\/uploads\/2013\/12\/Fam6_31-710x1024.jpg 710w, https:\/\/gilfuentes.com.br\/novo\/wp-content\/uploads\/2013\/12\/Fam6_31-173x250.jpg 173w, https:\/\/gilfuentes.com.br\/novo\/wp-content\/uploads\/2013\/12\/Fam6_31.jpg 968w\" sizes=\"auto, (max-width: 426px) 100vw, 426px\" \/><\/a><\/p>\n<p>&nbsp;<\/p>\n<p>&nbsp;<\/p>\n<p><span style=\"text-decoration: underline;\"><strong>JOGO R\u00c1PIDO<\/strong><\/span><\/p>\n<p>&nbsp;<\/p>\n<p>&nbsp;<\/p>\n<p><strong>Um lugar<\/strong><\/p>\n<p>Minha casa<\/p>\n<p>&nbsp;<\/p>\n<p>&nbsp;<\/p>\n<p><strong>Um cheiro<\/strong><\/p>\n<p>Bem suave<\/p>\n<p>&nbsp;<\/p>\n<p>&nbsp;<\/p>\n<p><strong>Uma cor<\/strong><\/p>\n<p>Azul<\/p>\n<p>&nbsp;<\/p>\n<p>&nbsp;<\/p>\n<p><strong>Um livro<\/strong><\/p>\n<p>O Pr\u00edncipe, de Nicolau Maquiavel<\/p>\n<p>&nbsp;<\/p>\n<p>&nbsp;<\/p>\n<p><strong>Um filme<\/strong><\/p>\n<p>Girass\u00f3is da R\u00fassia<\/p>\n<p>&nbsp;<\/p>\n<p>&nbsp;<\/p>\n<p><strong>Uma m\u00fasica<\/strong><\/p>\n<p>O b\u00eabado e o equilibrista, de Aldir Blanc e Jo\u00e3o Bosco e gravado pela grande cantora Elis Regina<\/p>\n<p>&nbsp;<\/p>\n<p>&nbsp;<\/p>\n<p><strong>Um momento<\/strong><\/p>\n<p>O nascimento das minhas filhas e netos<\/p>\n<p>&nbsp;<\/p>\n<p>&nbsp;<\/p>\n<p><strong>Um homem<\/strong><\/p>\n<p>Mario Covas<\/p>\n<p>&nbsp;<\/p>\n<p>&nbsp;<\/p>\n<p><strong>Uma mulher<\/strong><\/p>\n<p>Minha esposa, Viviane Galv\u00e3o<\/p>\n<p>&nbsp;<\/p>\n<p>&nbsp;<\/p>\n<p><strong>Deus<\/strong><\/p>\n<p>Uma for\u00e7a superior que nos rege. O meu Deus \u00e9 o Senhor, representado pelo Pai, Filho e Esp\u00edrito Santo.<\/p>\n<p>&nbsp;<\/p>\n<p>&nbsp;<\/p>\n<p>&nbsp;<\/p>\n","protected":false},"excerpt":{"rendered":"<p>&nbsp; Falar de pol\u00edtica sem citar o nome de Estevam Galv\u00e3o de Oliveira seria imposs\u00edvel. Foi vereador de Suzano; prefeito [&hellip;]<\/p>\n","protected":false},"author":1,"featured_media":11757,"comment_status":"closed","ping_status":"closed","sticky":false,"template":"","format":"standard","meta":{"footnotes":""},"categories":[5,8],"tags":[],"class_list":["post-11756","post","type-post","status-publish","format-standard","has-post-thumbnail","hentry","category-coluna","category-noticias"],"_links":{"self":[{"href":"https:\/\/gilfuentes.com.br\/novo\/wp-json\/wp\/v2\/posts\/11756","targetHints":{"allow":["GET"]}}],"collection":[{"href":"https:\/\/gilfuentes.com.br\/novo\/wp-json\/wp\/v2\/posts"}],"about":[{"href":"https:\/\/gilfuentes.com.br\/novo\/wp-json\/wp\/v2\/types\/post"}],"author":[{"embeddable":true,"href":"https:\/\/gilfuentes.com.br\/novo\/wp-json\/wp\/v2\/users\/1"}],"replies":[{"embeddable":true,"href":"https:\/\/gilfuentes.com.br\/novo\/wp-json\/wp\/v2\/comments?post=11756"}],"version-history":[{"count":4,"href":"https:\/\/gilfuentes.com.br\/novo\/wp-json\/wp\/v2\/posts\/11756\/revisions"}],"predecessor-version":[{"id":11764,"href":"https:\/\/gilfuentes.com.br\/novo\/wp-json\/wp\/v2\/posts\/11756\/revisions\/11764"}],"wp:featuredmedia":[{"embeddable":true,"href":"https:\/\/gilfuentes.com.br\/novo\/wp-json\/wp\/v2\/media\/11757"}],"wp:attachment":[{"href":"https:\/\/gilfuentes.com.br\/novo\/wp-json\/wp\/v2\/media?parent=11756"}],"wp:term":[{"taxonomy":"category","embeddable":true,"href":"https:\/\/gilfuentes.com.br\/novo\/wp-json\/wp\/v2\/categories?post=11756"},{"taxonomy":"post_tag","embeddable":true,"href":"https:\/\/gilfuentes.com.br\/novo\/wp-json\/wp\/v2\/tags?post=11756"}],"curies":[{"name":"wp","href":"https:\/\/api.w.org\/{rel}","templated":true}]}}