{"id":11870,"date":"2013-12-29T18:10:58","date_gmt":"2013-12-29T18:10:58","guid":{"rendered":"https:\/\/gilfuentes.com.br\/novo\/?p=11870"},"modified":"2013-12-29T22:47:44","modified_gmt":"2013-12-29T22:47:44","slug":"paulo-tokuzumi-e-o-entrevistado-deste-domingo","status":"publish","type":"post","link":"https:\/\/gilfuentes.com.br\/novo\/paulo-tokuzumi-e-o-entrevistado-deste-domingo","title":{"rendered":"Paulo Tokuzumi \u00e9 o \u00faltimo entrevistado do ano"},"content":{"rendered":"<p>&nbsp;<\/p>\n<p>&nbsp;<\/p>\n<p><em>Paulo Tokuzumi foi vereador, Secret\u00e1rio de Obras, vice-prefeito e depois prefeito de Suzano. Resolveu se dedicar apenas \u00e0 vida empresarial, mas depois de 20 anos aceitou o convite do deputado estadual, Estevam Galv\u00e3o (DEM) para ser o candidato do PSDB e venceu as elei\u00e7\u00f5es. Casado com Nilce Ramos Tokuzumi &#8211; sua grande incentivadora &#8211; \u00e9 pai de duas filhas (Carla e Renata). Seu maior desejo \u00e9 ver o crescimento de Suzano e poder contribuir para isto.<\/em><\/p>\n<p><b>\u00a0<\/b><\/p>\n<p>&nbsp;<\/p>\n<p><a href=\"https:\/\/gilfuentes.com.br\/novo\/wp-content\/uploads\/2013\/12\/Fam6_22.jpg\"><img loading=\"lazy\" decoding=\"async\" class=\"alignnone  wp-image-11871\" alt=\"Fam6_2\" src=\"https:\/\/gilfuentes.com.br\/novo\/wp-content\/uploads\/2013\/12\/Fam6_22.jpg\" width=\"480\" height=\"145\" \/><\/a><\/p>\n<p>&nbsp;<\/p>\n<p>&nbsp;<\/p>\n<p>Fotos: Eduardo Romano &#8211; Irineu Jr.<\/p>\n<p>&nbsp;<\/p>\n<p><b>Como foi retornar ao cargo de prefeito de Suzano depois de 20 anos?<\/b><\/p>\n<p><b>Paulo Tokuzumi &#8211; <\/b>\u00c9 comum termos planos para a vida, e voltar \u00e0 Prefeitura de Suzano n\u00e3o estava no meu planejamento. O que aconteceu foi uma conjun\u00e7\u00e3o de fatores que acabaram me trazendo de volta a este cargo. O deputado estadual Estevam Galv\u00e3o (DEM) viu a necessidade de ajudar Suzano e pela confian\u00e7a que ele tem em mim, veio o convite para retornar num dos momentos mais conturbados da pol\u00edtica em Suzano. Estava totalmente desligado da pol\u00edtica, e num primeiro momento minha fam\u00edlia n\u00e3o concordava que eu voltasse, mas depois tive e estou tendo total apoio tanto da fam\u00edlia quanto de amigos. Hoje posso dizer que \u00e9 uma enorme satisfa\u00e7\u00e3o poder ser prefeito pela segunda vez na cidade de Suzano.<\/p>\n<p>&nbsp;<\/p>\n<p><b>Mudou muita coisa? Para melhor?<\/b><\/p>\n<p><b>Paulo &#8211;<\/b> Sim, mudou muito. O sistema administrativo est\u00e1 completamente mudado, com um controle melhor das coisas, maior participa\u00e7\u00e3o no poder p\u00fablico, nada \u00e9 muito centralizado. Hoje vemos uma cidade diferente do que era h\u00e1 20 anos. Naquele tempo, por mais que a popula\u00e7\u00e3o fosse menor, n\u00e3o eram t\u00e3o fortes os problemas sociais que enfrentamos hoje, como os problemas da sa\u00fade, educa\u00e7\u00e3o, seguran\u00e7a, falta de lazer, falta de op\u00e7\u00e3o para os jovens se capacitarem, enfim, s\u00e3o v\u00e1rios fatores que levam a situa\u00e7\u00e3o social da cidade a um estado grave. A estrutura da cidade tem que acompanhar o crescimento populacional. Portanto vejo que por mais que algumas coisas tenham melhorado, outras muitas precisam de aten\u00e7\u00e3o.<\/p>\n<p>&nbsp;<\/p>\n<p>&nbsp;<\/p>\n<p><a href=\"https:\/\/gilfuentes.com.br\/novo\/wp-content\/uploads\/2013\/12\/Foto-1.jpg\"><img loading=\"lazy\" decoding=\"async\" class=\"alignnone  wp-image-11872\" alt=\"Foto 1\" src=\"https:\/\/gilfuentes.com.br\/novo\/wp-content\/uploads\/2013\/12\/Foto-1.jpg\" width=\"480\" height=\"587\" srcset=\"https:\/\/gilfuentes.com.br\/novo\/wp-content\/uploads\/2013\/12\/Foto-1.jpg 800w, https:\/\/gilfuentes.com.br\/novo\/wp-content\/uploads\/2013\/12\/Foto-1-204x250.jpg 204w\" sizes=\"auto, (max-width: 480px) 100vw, 480px\" \/><\/a><\/p>\n<p>&nbsp;<\/p>\n<p>&nbsp;<\/p>\n<p><b>Como avalia este primeiro ano \u00e0 frente da Prefeitura?<\/b><\/p>\n<p><b>Paulo &#8211;<\/b> Vejo com muita clareza, que uma troca pol\u00edtica \u00e9 prejudicial a um munic\u00edpio. Durante este primeiro ano, trabalhamos intensamente para trazer melhorias e recuperar as que foram perdidas. Com a ajuda do Governo Estadual, tendo o deputado Estevam como intercessor, conseguimos o Poupatempo, creches, escolas, hospital, reforma da esta\u00e7\u00e3o, Rodoanel e muitas outras coisas que se desenvolver\u00e3o no decorrer do meu mandato. Avalio este ano como um ano de muito trabalho, mas ainda n\u00e3o estou satisfeito, pois sei que nossa popula\u00e7\u00e3o est\u00e1 muito aqu\u00e9m do que deveria receber. Sei que a popula\u00e7\u00e3o espera muito mais, e vamos trabalhar para isto. Mas neste ano conseguimos abrir novos horizontes e trouxemos uma esperan\u00e7a de melhoria.<\/p>\n<p><b>\u00a0<\/b><\/p>\n<p><b>Todas as \u00e1reas s\u00e3o importantes, mas deve existir uma que necessite de aten\u00e7\u00e3o maior. Qual?<\/b><\/p>\n<p><b>Paulo &#8211; <\/b>N\u00e3o tem como avaliar uma \u00e1rea que necessite desta aten\u00e7\u00e3o maior. Cada setor tem sua particularidade e necessidade, portanto vejo como um todo.<\/p>\n<p>&nbsp;<\/p>\n<p><b>A Viviane Galv\u00e3o foi pe\u00e7a fundamental na sua elei\u00e7\u00e3o. E chegou meio sem querer. Como v\u00ea este fato?<\/b><\/p>\n<p><b>Paulo &#8211; <\/b>A Viviane \u00e9 uma grande parceira. Uma das pessoas mais cultas e bem informadas que eu conhe\u00e7o na cidade de Suzano. Ela realmente foi uma pe\u00e7a fundamental na campanha por sua total compet\u00eancia. Nestes \u00faltimos 15 dias que fiquei de licen\u00e7a pude ficar tranquilo, pois sabia que a cidade estaria em boas m\u00e3os. N\u00e3o poderia ter encontrado uma vice melhor.<\/p>\n<p>&nbsp;<\/p>\n<p><b>Sendo aliado do Governo do Estado, as facilidades s\u00e3o maiores. Suzano pode esperar por dias melhores?<\/b><\/p>\n<p><b>Paulo &#8211; <\/b>Podemos garantir que vamos colocar a cidade no rumo certo para o desenvolvimento. Atender todas as reivindica\u00e7\u00f5es populares que gostar\u00edamos, ser\u00e1 um pouco dif\u00edcil. A parceria com o Governo do Estado, sem d\u00favida alguma \u00e9 de extrema import\u00e2ncia, mas independente disso, corro atr\u00e1s de todos os benef\u00edcios e mecanismos que a cidade tem direito, a popula\u00e7\u00e3o merece receber o fruto de suas contribui\u00e7\u00f5es.<\/p>\n<p>&nbsp;<\/p>\n<p><b>Al\u00e9m de pai de duas filhas (m\u00e9dicas) \u00e9 tamb\u00e9m empres\u00e1rio de sucesso. Precisou abrir m\u00e3o de algum projeto profissional para assumir a prefeitura?<\/b><\/p>\n<p><b>Paulo &#8211;<\/b> Minha agenda \u00e9 cheia, s\u00e3o muitos compromissos e por conta disso tenho que abrir m\u00e3o da vida pessoal. Agrade\u00e7o a minha esposa ser companheira e se dedicar tamb\u00e9m a favor da cidade, o que me ajuda e motiva. Mas n\u00e3o reclamo de nada disso, pois eu quis ser prefeito e sabia que enfrentaria situa\u00e7\u00f5es como esta por ocupar um cargo p\u00fablico. Tudo isso faz parte de um processo de muita dedica\u00e7\u00e3o. Mas costumo dizer que sou feliz como prefeito, consigo conciliar.<\/p>\n<p>&nbsp;<\/p>\n<p><b>O que espera de 2014?<\/b><\/p>\n<p><b>Paulo &#8211; <\/b>N\u00e3o somente para 2014, mas em todo o per\u00edodo do meu mandato, espero que a cidade de Suzano retome aquele esp\u00edrito que n\u00f3s t\u00ednhamos de uma \u201cgrande fam\u00edlia\u201d. Uma cidade que mantenha um contato social, promova eventos e se agregue. Que o suzanense tenha orgulho de morar aqui, que brigue e lute por direitos para o munic\u00edpio e leve esse sentimento no cora\u00e7\u00e3o. Que Suzano volte a ser uma cidade solid\u00e1ria, boa de viver. Quero que al\u00e9m de todas as melhorias que faremos, a popula\u00e7\u00e3o se orgulhe e volte a ter esse sentimento revigorado.<\/p>\n<p>&nbsp;<\/p>\n<p>&nbsp;<\/p>\n<p>&nbsp;<\/p>\n<p>JOGO R\u00c1PIDO<\/p>\n<p><b>Um lugar<\/b><\/p>\n<p>Minha casa<\/p>\n<p>&nbsp;<\/p>\n<p><b>Um cheiro<\/b><\/p>\n<p>Do mar<\/p>\n<p>&nbsp;<\/p>\n<p><b>Uma cor<\/b><\/p>\n<p>Branco<\/p>\n<p><b>\u00a0<\/b><\/p>\n<p><b>Um livro<\/b><\/p>\n<p>A Arte da Guerra &#8211; Sun Tzu<\/p>\n<p>&nbsp;<\/p>\n<p><b>Um filme<\/b><\/p>\n<p>As Pontes de Madison<\/p>\n<p>&nbsp;<\/p>\n<p><b>Uma m\u00fasica<\/b><\/p>\n<p>Detalhes &#8211; Roberto Carlos<b><\/b><\/p>\n<p>&nbsp;<\/p>\n<p><b>Um momento<\/b><\/p>\n<p>Meu casamento<b><\/b><\/p>\n<p>&nbsp;<\/p>\n<p><b>Um homem<\/b><\/p>\n<p>Meu pai<\/p>\n<p>&nbsp;<\/p>\n<p><b>Uma mulher<\/b><\/p>\n<p>Minha esposa<\/p>\n<p>&nbsp;<\/p>\n<p><b>Deus<\/b><\/p>\n<p>O que nos conduz<\/p>\n","protected":false},"excerpt":{"rendered":"<p>&nbsp; &nbsp; Paulo Tokuzumi foi vereador, Secret\u00e1rio de Obras, vice-prefeito e depois prefeito de Suzano. Resolveu se dedicar apenas \u00e0 [&hellip;]<\/p>\n","protected":false},"author":1,"featured_media":11872,"comment_status":"closed","ping_status":"closed","sticky":false,"template":"","format":"standard","meta":{"footnotes":""},"categories":[5,8],"tags":[],"class_list":["post-11870","post","type-post","status-publish","format-standard","has-post-thumbnail","hentry","category-coluna","category-noticias"],"_links":{"self":[{"href":"https:\/\/gilfuentes.com.br\/novo\/wp-json\/wp\/v2\/posts\/11870","targetHints":{"allow":["GET"]}}],"collection":[{"href":"https:\/\/gilfuentes.com.br\/novo\/wp-json\/wp\/v2\/posts"}],"about":[{"href":"https:\/\/gilfuentes.com.br\/novo\/wp-json\/wp\/v2\/types\/post"}],"author":[{"embeddable":true,"href":"https:\/\/gilfuentes.com.br\/novo\/wp-json\/wp\/v2\/users\/1"}],"replies":[{"embeddable":true,"href":"https:\/\/gilfuentes.com.br\/novo\/wp-json\/wp\/v2\/comments?post=11870"}],"version-history":[{"count":3,"href":"https:\/\/gilfuentes.com.br\/novo\/wp-json\/wp\/v2\/posts\/11870\/revisions"}],"predecessor-version":[{"id":11878,"href":"https:\/\/gilfuentes.com.br\/novo\/wp-json\/wp\/v2\/posts\/11870\/revisions\/11878"}],"wp:featuredmedia":[{"embeddable":true,"href":"https:\/\/gilfuentes.com.br\/novo\/wp-json\/wp\/v2\/media\/11872"}],"wp:attachment":[{"href":"https:\/\/gilfuentes.com.br\/novo\/wp-json\/wp\/v2\/media?parent=11870"}],"wp:term":[{"taxonomy":"category","embeddable":true,"href":"https:\/\/gilfuentes.com.br\/novo\/wp-json\/wp\/v2\/categories?post=11870"},{"taxonomy":"post_tag","embeddable":true,"href":"https:\/\/gilfuentes.com.br\/novo\/wp-json\/wp\/v2\/tags?post=11870"}],"curies":[{"name":"wp","href":"https:\/\/api.w.org\/{rel}","templated":true}]}}