{"id":11883,"date":"2014-01-02T18:50:19","date_gmt":"2014-01-02T18:50:19","guid":{"rendered":"https:\/\/gilfuentes.com.br\/novo\/?p=11883"},"modified":"2014-01-02T18:50:19","modified_gmt":"2014-01-02T18:50:19","slug":"festival-de-cinema-de-berlim-seleciona-dois-filmes-brasileiros","status":"publish","type":"post","link":"https:\/\/gilfuentes.com.br\/novo\/festival-de-cinema-de-berlim-seleciona-dois-filmes-brasileiros","title":{"rendered":"Festival de Cinema de Berlim seleciona dois filmes brasileiros"},"content":{"rendered":"<p>&#8220;Hoje eu quero voltar sozinho&#8221;, de Daniel Ribeiro, e &#8220;O homem das multid\u00f5es&#8221;, de Marcelo Gomes e Cao Guimar\u00e3es, foram selecionados para a mostra Panorama, do Festival de Berlim, segundo informa\u00e7\u00f5es do site da revista &#8220;Variety&#8221;. O evento, que abre com &#8220;The grand Budapest hotel&#8221;, de Wes Anderson, acontece entre os dias 6 e 16 fevereiro de 2014.<\/p>\n<p>&nbsp;<\/p>\n<p>Somente 19 t\u00edtulos dos 50 longas que devem integrar a mostra Panorama foram revelados. Veja a lista dos filmes selecionados:<\/p>\n<p>&nbsp;<\/p>\n<p>&#8211; \u201cArrete ou je continue\u201d, de Sophie Fillieres<br \/>\n&#8211; \u201cBai Mi Zha Dan Ke\u201d, de Cho Li<br \/>\n&#8211; \u201cBing Du\u201d, de Midi Z<br \/>\n&#8211; \u201cCalvary\u201d, de John Michael McDonagh<br \/>\n&#8211; \u201cHoje Eu Quero Voltar Sozinho\u201d, de Daniel Ribeiro<br \/>\n&#8211; \u201cIs the Man Who Is Tall Happy?\u201d, de Michel Gondry<br \/>\n&#8211; &#8220;O homem das multid\u00f5es&#8221;, de Marcelo Gomes e Cao Guimar\u00e3es<br \/>\n&#8211; \u201cPapilio Buddha\u201d, de Jayan Cherian<br \/>\n&#8211; \u201cQuick Change\u201d, de Eduardo Roy Jr.<br \/>\n&#8211; \u201cStereo\u201d, de Maximilian Erlenwein<br \/>\n&#8211; \u201cTest\u201d, de Chris Mason Johnson<br \/>\n&#8211; \u201cThe Better Angels\u201d, de A. J. Edwards<br \/>\n&#8211; \u201cThe Lamb\u201d, de Kutlug Ataman<br \/>\n&#8211; \u201cThings People Do\u201d, de Saar Klein<br \/>\n&#8211; \u201cTriptyque\u201d, de Robert Lepage e Pedro Pires<br \/>\n&#8211; \u201cUber-Ich und Du\u201d, de Benjamin Heisenberg<br \/>\n&#8211; \u201cUnfriend\u201d, de Joselito Altarejos<br \/>\n&#8211; \u201cXi You\u201d, de Tsai Ming-liang<br \/>\n&#8211; \u201cYves Saint Laurent\u201d, de Jalil Lespert<\/p>\n<p>&nbsp;<\/p>\n<p>.<\/p>\n","protected":false},"excerpt":{"rendered":"<p>&#8220;Hoje eu quero voltar sozinho&#8221;, de Daniel Ribeiro, e &#8220;O homem das multid\u00f5es&#8221;, de Marcelo Gomes e Cao Guimar\u00e3es, foram [&hellip;]<\/p>\n","protected":false},"author":1,"featured_media":11884,"comment_status":"closed","ping_status":"closed","sticky":false,"template":"","format":"standard","meta":{"footnotes":""},"categories":[5,8],"tags":[],"class_list":["post-11883","post","type-post","status-publish","format-standard","has-post-thumbnail","hentry","category-coluna","category-noticias"],"_links":{"self":[{"href":"https:\/\/gilfuentes.com.br\/novo\/wp-json\/wp\/v2\/posts\/11883","targetHints":{"allow":["GET"]}}],"collection":[{"href":"https:\/\/gilfuentes.com.br\/novo\/wp-json\/wp\/v2\/posts"}],"about":[{"href":"https:\/\/gilfuentes.com.br\/novo\/wp-json\/wp\/v2\/types\/post"}],"author":[{"embeddable":true,"href":"https:\/\/gilfuentes.com.br\/novo\/wp-json\/wp\/v2\/users\/1"}],"replies":[{"embeddable":true,"href":"https:\/\/gilfuentes.com.br\/novo\/wp-json\/wp\/v2\/comments?post=11883"}],"version-history":[{"count":1,"href":"https:\/\/gilfuentes.com.br\/novo\/wp-json\/wp\/v2\/posts\/11883\/revisions"}],"predecessor-version":[{"id":11885,"href":"https:\/\/gilfuentes.com.br\/novo\/wp-json\/wp\/v2\/posts\/11883\/revisions\/11885"}],"wp:featuredmedia":[{"embeddable":true,"href":"https:\/\/gilfuentes.com.br\/novo\/wp-json\/wp\/v2\/media\/11884"}],"wp:attachment":[{"href":"https:\/\/gilfuentes.com.br\/novo\/wp-json\/wp\/v2\/media?parent=11883"}],"wp:term":[{"taxonomy":"category","embeddable":true,"href":"https:\/\/gilfuentes.com.br\/novo\/wp-json\/wp\/v2\/categories?post=11883"},{"taxonomy":"post_tag","embeddable":true,"href":"https:\/\/gilfuentes.com.br\/novo\/wp-json\/wp\/v2\/tags?post=11883"}],"curies":[{"name":"wp","href":"https:\/\/api.w.org\/{rel}","templated":true}]}}