{"id":11918,"date":"2014-01-05T10:00:03","date_gmt":"2014-01-05T10:00:03","guid":{"rendered":"https:\/\/gilfuentes.com.br\/novo\/?p=11918"},"modified":"2014-01-04T15:02:20","modified_gmt":"2014-01-04T15:02:20","slug":"2014-um-ano-mais-feliz-2","status":"publish","type":"post","link":"https:\/\/gilfuentes.com.br\/novo\/2014-um-ano-mais-feliz-2","title":{"rendered":"2014 &#8211; um ano mais feliz"},"content":{"rendered":"<p>&nbsp;<\/p>\n<p>Tudo o que desejamos \u00e9 um ano mais feliz, com sa\u00fade e paz. \u00c9 um desejo n\u00e3o s\u00f3 para n\u00f3s, mas para todos que amamos. Vamos celebrar o primeiro domingo do ano com muita felicidade. \u00c9 o primeiro de muitos que prometem encher nossas vidas de alegria, pois domingo \u00e9 o Dia Internacional da Pregui\u00e7a e devemos viv\u00ea-lo como se pede. Descanse e curta a fam\u00edlia. Aproveite para refletir com as mensagens dos parceiros e amigos da coluna, que brindam este novo ano com muito entusiasmo no cora\u00e7\u00e3o.<\/p>\n<p>&nbsp;<\/p>\n<p>&nbsp;<\/p>\n<p>Fotos: Eduardo Romano<\/p>\n<p>&nbsp;<\/p>\n<p>&nbsp;<\/p>\n\n\t\t<style type=\"text\/css\">\n\t\t\t#gallery-1 {\n\t\t\t\tmargin: auto;\n\t\t\t}\n\t\t\t#gallery-1 .gallery-item {\n\t\t\t\tfloat: left;\n\t\t\t\tmargin-top: 10px;\n\t\t\t\ttext-align: center;\n\t\t\t\twidth: 33%;\n\t\t\t}\n\t\t\t#gallery-1 img {\n\t\t\t\tborder: 2px solid #cfcfcf;\n\t\t\t}\n\t\t\t#gallery-1 .gallery-caption {\n\t\t\t\tmargin-left: 0;\n\t\t\t}\n\t\t\t\/* see gallery_shortcode() in wp-includes\/media.php *\/\n\t\t<\/style>\n\t\t<div id='gallery-1' class='gallery galleryid-11918 gallery-columns-3 gallery-size-thumbnail'><dl class='gallery-item'>\n\t\t\t<dt class='gallery-icon portrait'>\n\t\t\t\t<a href='https:\/\/gilfuentes.com.br\/novo\/2014-um-ano-mais-feliz-2\/fam6_1-maria-da-penha-gelk-2'><img loading=\"lazy\" decoding=\"async\" width=\"150\" height=\"150\" src=\"https:\/\/gilfuentes.com.br\/novo\/wp-content\/uploads\/2014\/01\/Fam6_1-Maria-da-Penha-Gelk1-150x150.jpg\" class=\"attachment-thumbnail size-thumbnail\" alt=\"\" aria-describedby=\"gallery-1-11942\" \/><\/a>\n\t\t\t<\/dt>\n\t\t\t\t<dd class='wp-caption-text gallery-caption' id='gallery-1-11942'>\n\t\t\t\tMaria da Penha\n\t\t\t\t<\/dd><\/dl><dl class='gallery-item'>\n\t\t\t<dt class='gallery-icon portrait'>\n\t\t\t\t<a href='https:\/\/gilfuentes.com.br\/novo\/2014-um-ano-mais-feliz-2\/fam6_2-suami-paula-de-azevedo-2'><img loading=\"lazy\" decoding=\"async\" width=\"150\" height=\"150\" src=\"https:\/\/gilfuentes.com.br\/novo\/wp-content\/uploads\/2014\/01\/Fam6_2-Suami-Paula-de-Azevedo1-150x150.jpg\" class=\"attachment-thumbnail size-thumbnail\" alt=\"\" aria-describedby=\"gallery-1-11943\" \/><\/a>\n\t\t\t<\/dt>\n\t\t\t\t<dd class='wp-caption-text gallery-caption' id='gallery-1-11943'>\n\t\t\t\tSuami\n\t\t\t\t<\/dd><\/dl><dl class='gallery-item'>\n\t\t\t<dt class='gallery-icon portrait'>\n\t\t\t\t<a href='https:\/\/gilfuentes.com.br\/novo\/2014-um-ano-mais-feliz-2\/fam6_3-marcelo-mendes-2'><img loading=\"lazy\" decoding=\"async\" width=\"150\" height=\"150\" src=\"https:\/\/gilfuentes.com.br\/novo\/wp-content\/uploads\/2014\/01\/Fam6_3-Marcelo-Mendes1-150x150.jpg\" class=\"attachment-thumbnail size-thumbnail\" alt=\"\" aria-describedby=\"gallery-1-11944\" \/><\/a>\n\t\t\t<\/dt>\n\t\t\t\t<dd class='wp-caption-text gallery-caption' id='gallery-1-11944'>\n\t\t\t\tMarcelo\n\t\t\t\t<\/dd><\/dl><br style=\"clear: both\" \/><dl class='gallery-item'>\n\t\t\t<dt class='gallery-icon portrait'>\n\t\t\t\t<a href='https:\/\/gilfuentes.com.br\/novo\/2014-um-ano-mais-feliz-2\/fam6_4-lucia-pereira-2'><img loading=\"lazy\" decoding=\"async\" width=\"150\" height=\"150\" src=\"https:\/\/gilfuentes.com.br\/novo\/wp-content\/uploads\/2014\/01\/Fam6_4-L\u00facia-Pereira1-150x150.jpg\" class=\"attachment-thumbnail size-thumbnail\" alt=\"\" aria-describedby=\"gallery-1-11945\" \/><\/a>\n\t\t\t<\/dt>\n\t\t\t\t<dd class='wp-caption-text gallery-caption' id='gallery-1-11945'>\n\t\t\t\tL\u00facia\n\t\t\t\t<\/dd><\/dl><dl class='gallery-item'>\n\t\t\t<dt class='gallery-icon portrait'>\n\t\t\t\t<a href='https:\/\/gilfuentes.com.br\/novo\/2014-um-ano-mais-feliz-2\/fam6_5-maura-messias-de-souza-alvarenga-2'><img loading=\"lazy\" decoding=\"async\" width=\"150\" height=\"150\" src=\"https:\/\/gilfuentes.com.br\/novo\/wp-content\/uploads\/2014\/01\/Fam6_5-Maura-Messias-de-Souza-Alvarenga1-150x150.jpg\" class=\"attachment-thumbnail size-thumbnail\" alt=\"\" aria-describedby=\"gallery-1-11946\" \/><\/a>\n\t\t\t<\/dt>\n\t\t\t\t<dd class='wp-caption-text gallery-caption' id='gallery-1-11946'>\n\t\t\t\tMaura\n\t\t\t\t<\/dd><\/dl>\n\t\t\t<br style='clear: both' \/>\n\t\t<\/div>\n\n<p>&nbsp;<\/p>\n<p>&nbsp;<\/p>\n<p>&nbsp;<\/p>\n<p>&nbsp;<\/p>\n<p>&#8220;J\u00e1 fiz bastante pedidos para o Ano Novo. Agora, \u00e9 hora de agir para que eles se realizem!&#8221;<\/p>\n<p>&nbsp;<\/p>\n<p>Maria da Penha Gelk<\/p>\n<p>&nbsp;<\/p>\n<p>Secret\u00e1ria de Educa\u00e7\u00e3o de Suzano<\/p>\n<p>&nbsp;<\/p>\n<p>&nbsp;<\/p>\n<p>&nbsp;<\/p>\n<p>&#8220;Sei apenas que haver\u00e1 sempre mais um verso ainda.&#8221;<\/p>\n<p>&nbsp;<\/p>\n<p>Suami Paula de Azevedo<\/p>\n<p>&nbsp;<\/p>\n<p>Secret\u00e1rio de Cultura de Suzano<\/p>\n<p>&nbsp;<\/p>\n<p>&nbsp;<\/p>\n<p>&nbsp;<\/p>\n<p>\u201cViva! Padr\u00f5es de comportamento que ir\u00e3o promover grandes mudan\u00e7as na sua vida em 2014!\u201d<\/p>\n<p>&nbsp;<\/p>\n<p>Marcelo Mendes<\/p>\n<p>&nbsp;<\/p>\n<p>Marcelo Mendes Treinamentos \u2013 Treinando L\u00edderes<\/p>\n<p>&nbsp;<\/p>\n<p>&nbsp;<\/p>\n<p>&nbsp;<\/p>\n<p>\u201cQue nunca falte um sonho pelo que lutar, um projeto para realizar, algo que aprender. A educa\u00e7\u00e3o \u00e9 a maior arma para alcan\u00e7armos o sucesso.\u201d<\/p>\n<p>&nbsp;<\/p>\n<p>L\u00facia Marques Pereira<\/p>\n<p>&nbsp;<\/p>\n<p>Presidente da Unipiaget\/Brasil, mantenedora da Faculdade Piaget \u2013 Campus Suzano<\/p>\n<p>&nbsp;<\/p>\n<p>&nbsp;<\/p>\n<p>&nbsp;<\/p>\n<p>\u201cNeste ano novo sucesso a todos que nos acompanham na caminhada pela vida!\u201d<\/p>\n<p>&nbsp;<\/p>\n<p>Maura Messias de Souza Alvarenga<\/p>\n<p>&nbsp;<\/p>\n<p>Presidente do Amor Exigente<\/p>\n<p>&nbsp;<\/p>\n<p>&nbsp;<\/p>\n","protected":false},"excerpt":{"rendered":"<p>&nbsp; Tudo o que desejamos \u00e9 um ano mais feliz, com sa\u00fade e paz. \u00c9 um desejo n\u00e3o s\u00f3 para [&hellip;]<\/p>\n","protected":false},"author":1,"featured_media":11941,"comment_status":"closed","ping_status":"closed","sticky":false,"template":"","format":"standard","meta":{"footnotes":""},"categories":[5,8],"tags":[],"class_list":["post-11918","post","type-post","status-publish","format-standard","has-post-thumbnail","hentry","category-coluna","category-noticias"],"_links":{"self":[{"href":"https:\/\/gilfuentes.com.br\/novo\/wp-json\/wp\/v2\/posts\/11918","targetHints":{"allow":["GET"]}}],"collection":[{"href":"https:\/\/gilfuentes.com.br\/novo\/wp-json\/wp\/v2\/posts"}],"about":[{"href":"https:\/\/gilfuentes.com.br\/novo\/wp-json\/wp\/v2\/types\/post"}],"author":[{"embeddable":true,"href":"https:\/\/gilfuentes.com.br\/novo\/wp-json\/wp\/v2\/users\/1"}],"replies":[{"embeddable":true,"href":"https:\/\/gilfuentes.com.br\/novo\/wp-json\/wp\/v2\/comments?post=11918"}],"version-history":[{"count":2,"href":"https:\/\/gilfuentes.com.br\/novo\/wp-json\/wp\/v2\/posts\/11918\/revisions"}],"predecessor-version":[{"id":11947,"href":"https:\/\/gilfuentes.com.br\/novo\/wp-json\/wp\/v2\/posts\/11918\/revisions\/11947"}],"wp:featuredmedia":[{"embeddable":true,"href":"https:\/\/gilfuentes.com.br\/novo\/wp-json\/wp\/v2\/media\/11941"}],"wp:attachment":[{"href":"https:\/\/gilfuentes.com.br\/novo\/wp-json\/wp\/v2\/media?parent=11918"}],"wp:term":[{"taxonomy":"category","embeddable":true,"href":"https:\/\/gilfuentes.com.br\/novo\/wp-json\/wp\/v2\/categories?post=11918"},{"taxonomy":"post_tag","embeddable":true,"href":"https:\/\/gilfuentes.com.br\/novo\/wp-json\/wp\/v2\/tags?post=11918"}],"curies":[{"name":"wp","href":"https:\/\/api.w.org\/{rel}","templated":true}]}}