{"id":11988,"date":"2014-01-09T11:06:53","date_gmt":"2014-01-09T11:06:53","guid":{"rendered":"https:\/\/gilfuentes.com.br\/novo\/?p=11988"},"modified":"2014-01-09T11:06:53","modified_gmt":"2014-01-09T11:06:53","slug":"bertioga-promove-verao-azul-para-animar-as-ferias","status":"publish","type":"post","link":"https:\/\/gilfuentes.com.br\/novo\/bertioga-promove-verao-azul-para-animar-as-ferias","title":{"rendered":"Bertioga promove Ver\u00e3o Azul para animar as f\u00e9rias"},"content":{"rendered":"<p>A Secretaria Municipal de Turismo, Esporte e Cultura estima receber cerca de 10 mil pessoas por dia durante a programa\u00e7\u00e3o do Ver\u00e3o Azul 2014. No Centro, as atra\u00e7\u00f5es acontecem \u00e0s sextas-feiras, s\u00e1bados e domingos, at\u00e9 09 de fevereiro, incluindo tamb\u00e9m o stand up comedy, com os artistas C1 e C2, sob o comando de Enor C\u00e9sar, o Palha\u00e7o Pudim, sempre as sextas e s\u00e1bados, \u00e0s 22 horas. No Indai\u00e1 os shows acontecem \u00e0s sextas-feiras e s\u00e1bados, at\u00e9 1\u00ba de fevereiro.<\/p>\n<p>&nbsp;<\/p>\n<p>A festa contar\u00e1 com\u00a0shows de qualidade em v\u00e1rios estilos musicais. Nesta edi\u00e7\u00e3o animar\u00e3o o Ver\u00e3o Azul 2014, artistas nacionalmente renomados como Renato Teixeira, defensor aberto da m\u00fasica de raiz caipira; Z\u00e9 Geraldo, o cantor e compositor que faz de suas can\u00e7\u00f5es uma mistura de reggae com rock, e a banda de rock dos anos 1980, Biqu\u00edni Cavad\u00e3o.\u00a0Dentro das atra\u00e7\u00f5es haver\u00e1 tamb\u00e9m o melhor da m\u00fasica gospel como parte do Fest Music Gospel, tradicional evento musical evang\u00e9lico de Bertioga. A banda a se apresentar ainda ser\u00e1 confirmada pela organiza\u00e7\u00e3o.<\/p>\n<p>&nbsp;<\/p>\n<p>Mais informa\u00e7\u00f5es:\u00a0<a href=\"http:\/\/www.bertioga.sp.gov.br\/\">http:\/\/www.bertioga.sp.gov.br<\/a><\/p>\n<p>&nbsp;<\/p>\n<p>&nbsp;<\/p>\n","protected":false},"excerpt":{"rendered":"<p>A Secretaria Municipal de Turismo, Esporte e Cultura estima receber cerca de 10 mil pessoas por dia durante a programa\u00e7\u00e3o [&hellip;]<\/p>\n","protected":false},"author":1,"featured_media":11989,"comment_status":"closed","ping_status":"closed","sticky":false,"template":"","format":"standard","meta":{"footnotes":""},"categories":[5,8],"tags":[],"class_list":["post-11988","post","type-post","status-publish","format-standard","has-post-thumbnail","hentry","category-coluna","category-noticias"],"_links":{"self":[{"href":"https:\/\/gilfuentes.com.br\/novo\/wp-json\/wp\/v2\/posts\/11988","targetHints":{"allow":["GET"]}}],"collection":[{"href":"https:\/\/gilfuentes.com.br\/novo\/wp-json\/wp\/v2\/posts"}],"about":[{"href":"https:\/\/gilfuentes.com.br\/novo\/wp-json\/wp\/v2\/types\/post"}],"author":[{"embeddable":true,"href":"https:\/\/gilfuentes.com.br\/novo\/wp-json\/wp\/v2\/users\/1"}],"replies":[{"embeddable":true,"href":"https:\/\/gilfuentes.com.br\/novo\/wp-json\/wp\/v2\/comments?post=11988"}],"version-history":[{"count":1,"href":"https:\/\/gilfuentes.com.br\/novo\/wp-json\/wp\/v2\/posts\/11988\/revisions"}],"predecessor-version":[{"id":11990,"href":"https:\/\/gilfuentes.com.br\/novo\/wp-json\/wp\/v2\/posts\/11988\/revisions\/11990"}],"wp:featuredmedia":[{"embeddable":true,"href":"https:\/\/gilfuentes.com.br\/novo\/wp-json\/wp\/v2\/media\/11989"}],"wp:attachment":[{"href":"https:\/\/gilfuentes.com.br\/novo\/wp-json\/wp\/v2\/media?parent=11988"}],"wp:term":[{"taxonomy":"category","embeddable":true,"href":"https:\/\/gilfuentes.com.br\/novo\/wp-json\/wp\/v2\/categories?post=11988"},{"taxonomy":"post_tag","embeddable":true,"href":"https:\/\/gilfuentes.com.br\/novo\/wp-json\/wp\/v2\/tags?post=11988"}],"curies":[{"name":"wp","href":"https:\/\/api.w.org\/{rel}","templated":true}]}}