{"id":11991,"date":"2014-01-09T13:29:24","date_gmt":"2014-01-09T13:29:24","guid":{"rendered":"https:\/\/gilfuentes.com.br\/novo\/?p=11991"},"modified":"2014-01-09T13:42:08","modified_gmt":"2014-01-09T13:42:08","slug":"temporada-em-sampa","status":"publish","type":"post","link":"https:\/\/gilfuentes.com.br\/novo\/temporada-em-sampa","title":{"rendered":"Temporada em Sampa"},"content":{"rendered":"<p>Come\u00e7o o ano com bons projetos. Todos plantados em 2013. Um dos que mais me atraem \u00e9 a estreia, em maio, do musical \u201cQuem \u00e9 Osmar Navarro, Quem \u00e9?\u201d, com temporada de dois meses em S\u00e3o Paulo e mais dois no Rio de Janeiro. Na ter\u00e7a-feira Donovan Navarro e Sebah Vieira gravaram o programa Silvio Brito em Fam\u00edlia, na Rede Vida, que tinha como tema \u201cHomenagem\u201d. Me sinto lisonjeado em interpretar este grande \u00edcone da m\u00fasica popular brasileira ao lado de seu filho, Donovan, que al\u00e9m de ser um talentoso cantor tornou-se um querido amigo. Na foto em destaque Maykon Lopes (diretor musical), Sebah Vieira (diretor geral), Donovan Navarro e Silvio Brito.<\/p>\n<p>&nbsp;<\/p>\n<p>Foto: Cris Carvalho<\/p>\n<p>&nbsp;<\/p>\n<p>&nbsp;<\/p>\n<p><a href=\"https:\/\/gilfuentes.com.br\/novo\/wp-content\/uploads\/2014\/01\/d4_21.jpg\"><img loading=\"lazy\" decoding=\"async\" class=\"alignnone  wp-image-11993\" alt=\"d4_2\" src=\"https:\/\/gilfuentes.com.br\/novo\/wp-content\/uploads\/2014\/01\/d4_21.jpg\" width=\"403\" height=\"269\" srcset=\"https:\/\/gilfuentes.com.br\/novo\/wp-content\/uploads\/2014\/01\/d4_21.jpg 5184w, https:\/\/gilfuentes.com.br\/novo\/wp-content\/uploads\/2014\/01\/d4_21-375x250.jpg 375w, https:\/\/gilfuentes.com.br\/novo\/wp-content\/uploads\/2014\/01\/d4_21-1024x682.jpg 1024w\" sizes=\"auto, (max-width: 403px) 100vw, 403px\" \/><\/a><\/p>\n<p>&nbsp;<\/p>\n<p>&nbsp;<\/p>\n<p>Um dos belos momentos do musical, que foi aplaudido por grande p\u00fablico na cidade de Santos e em breve poder\u00e1 ser visto tanto em Sampa como no Rio. Em cena Donovan Navarro e Gil Fuentes<\/p>\n<div>\n<p>&nbsp;<\/p>\n<p>&nbsp;<\/p>\n<p>Foto: Eduardo Romano<\/p>\n<p>&nbsp;<\/p>\n<p>&nbsp;<\/p>\n<\/div>\n","protected":false},"excerpt":{"rendered":"<p>Come\u00e7o o ano com bons projetos. Todos plantados em 2013. Um dos que mais me atraem \u00e9 a estreia, em [&hellip;]<\/p>\n","protected":false},"author":1,"featured_media":11992,"comment_status":"closed","ping_status":"closed","sticky":false,"template":"","format":"standard","meta":{"footnotes":""},"categories":[5,8],"tags":[],"class_list":["post-11991","post","type-post","status-publish","format-standard","has-post-thumbnail","hentry","category-coluna","category-noticias"],"_links":{"self":[{"href":"https:\/\/gilfuentes.com.br\/novo\/wp-json\/wp\/v2\/posts\/11991","targetHints":{"allow":["GET"]}}],"collection":[{"href":"https:\/\/gilfuentes.com.br\/novo\/wp-json\/wp\/v2\/posts"}],"about":[{"href":"https:\/\/gilfuentes.com.br\/novo\/wp-json\/wp\/v2\/types\/post"}],"author":[{"embeddable":true,"href":"https:\/\/gilfuentes.com.br\/novo\/wp-json\/wp\/v2\/users\/1"}],"replies":[{"embeddable":true,"href":"https:\/\/gilfuentes.com.br\/novo\/wp-json\/wp\/v2\/comments?post=11991"}],"version-history":[{"count":4,"href":"https:\/\/gilfuentes.com.br\/novo\/wp-json\/wp\/v2\/posts\/11991\/revisions"}],"predecessor-version":[{"id":11997,"href":"https:\/\/gilfuentes.com.br\/novo\/wp-json\/wp\/v2\/posts\/11991\/revisions\/11997"}],"wp:featuredmedia":[{"embeddable":true,"href":"https:\/\/gilfuentes.com.br\/novo\/wp-json\/wp\/v2\/media\/11992"}],"wp:attachment":[{"href":"https:\/\/gilfuentes.com.br\/novo\/wp-json\/wp\/v2\/media?parent=11991"}],"wp:term":[{"taxonomy":"category","embeddable":true,"href":"https:\/\/gilfuentes.com.br\/novo\/wp-json\/wp\/v2\/categories?post=11991"},{"taxonomy":"post_tag","embeddable":true,"href":"https:\/\/gilfuentes.com.br\/novo\/wp-json\/wp\/v2\/tags?post=11991"}],"curies":[{"name":"wp","href":"https:\/\/api.w.org\/{rel}","templated":true}]}}