{"id":12131,"date":"2014-01-16T10:00:13","date_gmt":"2014-01-16T10:00:13","guid":{"rendered":"https:\/\/gilfuentes.com.br\/novo\/?p=12131"},"modified":"2014-01-15T19:23:08","modified_gmt":"2014-01-15T19:23:08","slug":"no-reveillon-do-suzaninho","status":"publish","type":"post","link":"https:\/\/gilfuentes.com.br\/novo\/no-reveillon-do-suzaninho","title":{"rendered":"No R\u00e9veillon do Suzaninho"},"content":{"rendered":"<p>&nbsp;<\/p>\n<p>Uma boa festa para brindar a chegada do ano novo \u00e9 o que pode existir de melhor. O Suzano Futebol Clube vem ao longo dos anos fortalecendo seus eventos e proporcionando bons momentos aos associados e amigos. Este ano n\u00e3o foi diferente, pois o sal\u00e3o social foi tomado por boa energia, boa comida e boa m\u00fasica com a Banda Musical em Mi. Com isso o R\u00e9veillon do Suzaninho mais uma vez merece destaque. Na foto o presidente do clube, L\u00e1zaro Tomaz de Lima, com sua esposa, Micheline Ara Lima.<\/p>\n<div>\n<p>&nbsp;<\/p>\n<\/div>\n<p>&nbsp;<\/p>\n<p>Foto: Siqueira Fotos<\/p>\n<p>&nbsp;<\/p>\n<p>&nbsp;<\/p>\n\n\t\t<style type=\"text\/css\">\n\t\t\t#gallery-1 {\n\t\t\t\tmargin: auto;\n\t\t\t}\n\t\t\t#gallery-1 .gallery-item {\n\t\t\t\tfloat: left;\n\t\t\t\tmargin-top: 10px;\n\t\t\t\ttext-align: center;\n\t\t\t\twidth: 33%;\n\t\t\t}\n\t\t\t#gallery-1 img {\n\t\t\t\tborder: 2px solid #cfcfcf;\n\t\t\t}\n\t\t\t#gallery-1 .gallery-caption {\n\t\t\t\tmargin-left: 0;\n\t\t\t}\n\t\t\t\/* see gallery_shortcode() in wp-includes\/media.php *\/\n\t\t<\/style>\n\t\t<div id='gallery-1' class='gallery galleryid-12131 gallery-columns-3 gallery-size-thumbnail'><dl class='gallery-item'>\n\t\t\t<dt class='gallery-icon landscape'>\n\t\t\t\t<a href='https:\/\/gilfuentes.com.br\/novo\/no-reveillon-do-suzaninho\/d4_6-jaja-aracy-jose-ricardo-juliana-reginaldo-e-ana-clara-silva-ok'><img loading=\"lazy\" decoding=\"async\" width=\"150\" height=\"150\" src=\"https:\/\/gilfuentes.com.br\/novo\/wp-content\/uploads\/2014\/01\/d4_6-Jaj\u00e1-Aracy-Jos\u00e9-Ricardo-Juliana-Reginaldo-e-Ana-Clara-Silva-ok-150x150.jpg\" class=\"attachment-thumbnail size-thumbnail\" alt=\"\" aria-describedby=\"gallery-1-12133\" \/><\/a>\n\t\t\t<\/dt>\n\t\t\t\t<dd class='wp-caption-text gallery-caption' id='gallery-1-12133'>\n\t\t\t\tJaj\u00e1 Aracy, Jos\u00e9, Ricardo, Juliana, Reginaldo e Ana Clara \n\t\t\t\t<\/dd><\/dl><dl class='gallery-item'>\n\t\t\t<dt class='gallery-icon landscape'>\n\t\t\t\t<a href='https:\/\/gilfuentes.com.br\/novo\/no-reveillon-do-suzaninho\/d4_1-micheline-ara-lima-e-lazaro-tomaz-de-lima'><img loading=\"lazy\" decoding=\"async\" width=\"150\" height=\"150\" src=\"https:\/\/gilfuentes.com.br\/novo\/wp-content\/uploads\/2014\/01\/d4_1-Micheline-Ara-Lima-e-L\u00e1zaro-Tomaz-de-Lima-150x150.jpg\" class=\"attachment-thumbnail size-thumbnail\" alt=\"\" aria-describedby=\"gallery-1-12134\" \/><\/a>\n\t\t\t<\/dt>\n\t\t\t\t<dd class='wp-caption-text gallery-caption' id='gallery-1-12134'>\n\t\t\t\tMicheline e L\u00e1zaro \n\t\t\t\t<\/dd><\/dl><dl class='gallery-item'>\n\t\t\t<dt class='gallery-icon landscape'>\n\t\t\t\t<a href='https:\/\/gilfuentes.com.br\/novo\/no-reveillon-do-suzaninho\/d4_2-estevam-e-viviane-galvao'><img loading=\"lazy\" decoding=\"async\" width=\"150\" height=\"150\" src=\"https:\/\/gilfuentes.com.br\/novo\/wp-content\/uploads\/2014\/01\/d4_2-Estevam-e-Viviane-Galv\u00e3o-150x150.jpg\" class=\"attachment-thumbnail size-thumbnail\" alt=\"\" aria-describedby=\"gallery-1-12135\" \/><\/a>\n\t\t\t<\/dt>\n\t\t\t\t<dd class='wp-caption-text gallery-caption' id='gallery-1-12135'>\n\t\t\t\tEstevam e Viviane\n\t\t\t\t<\/dd><\/dl><br style=\"clear: both\" \/><dl class='gallery-item'>\n\t\t\t<dt class='gallery-icon landscape'>\n\t\t\t\t<a href='https:\/\/gilfuentes.com.br\/novo\/no-reveillon-do-suzaninho\/d4_3-roberto-augusto-silva-e-maria-da-penha-gelk'><img loading=\"lazy\" decoding=\"async\" width=\"150\" height=\"150\" src=\"https:\/\/gilfuentes.com.br\/novo\/wp-content\/uploads\/2014\/01\/d4_3-Roberto-Augusto-Silva-e-Maria-da-Penha-Gelk-150x150.jpg\" class=\"attachment-thumbnail size-thumbnail\" alt=\"\" aria-describedby=\"gallery-1-12136\" \/><\/a>\n\t\t\t<\/dt>\n\t\t\t\t<dd class='wp-caption-text gallery-caption' id='gallery-1-12136'>\n\t\t\t\tRoberto e Penha\n\t\t\t\t<\/dd><\/dl><dl class='gallery-item'>\n\t\t\t<dt class='gallery-icon landscape'>\n\t\t\t\t<a href='https:\/\/gilfuentes.com.br\/novo\/no-reveillon-do-suzaninho\/d4_4-walkiria-e-riccardo-trecco'><img loading=\"lazy\" decoding=\"async\" width=\"150\" height=\"150\" src=\"https:\/\/gilfuentes.com.br\/novo\/wp-content\/uploads\/2014\/01\/d4_4-Walk\u00edria-e-Riccardo-Trecco-150x150.jpg\" class=\"attachment-thumbnail size-thumbnail\" alt=\"\" aria-describedby=\"gallery-1-12137\" \/><\/a>\n\t\t\t<\/dt>\n\t\t\t\t<dd class='wp-caption-text gallery-caption' id='gallery-1-12137'>\n\t\t\t\tWalqu\u00edria e Riccardo\n\t\t\t\t<\/dd><\/dl><dl class='gallery-item'>\n\t\t\t<dt class='gallery-icon landscape'>\n\t\t\t\t<a href='https:\/\/gilfuentes.com.br\/novo\/no-reveillon-do-suzaninho\/d4_5-renato-e-daniella-oldra-com-os-filhos-eduardo-e-leonardo'><img loading=\"lazy\" decoding=\"async\" width=\"150\" height=\"150\" src=\"https:\/\/gilfuentes.com.br\/novo\/wp-content\/uploads\/2014\/01\/d4_5-Renato-e-Daniella-Oldra-com-os-filhos-Eduardo-e-Leonardo-150x150.jpg\" class=\"attachment-thumbnail size-thumbnail\" alt=\"\" aria-describedby=\"gallery-1-12138\" \/><\/a>\n\t\t\t<\/dt>\n\t\t\t\t<dd class='wp-caption-text gallery-caption' id='gallery-1-12138'>\n\t\t\t\tRenato, Daniella, Eduardo e Leonardo\n\t\t\t\t<\/dd><\/dl><br style=\"clear: both\" \/>\n\t\t<\/div>\n\n<p>&nbsp;<\/p>\n<p>&nbsp;<\/p>\n","protected":false},"excerpt":{"rendered":"<p>&nbsp; Uma boa festa para brindar a chegada do ano novo \u00e9 o que pode existir de melhor. O Suzano [&hellip;]<\/p>\n","protected":false},"author":1,"featured_media":12138,"comment_status":"closed","ping_status":"closed","sticky":false,"template":"","format":"standard","meta":{"footnotes":""},"categories":[5,8],"tags":[],"class_list":["post-12131","post","type-post","status-publish","format-standard","has-post-thumbnail","hentry","category-coluna","category-noticias"],"_links":{"self":[{"href":"https:\/\/gilfuentes.com.br\/novo\/wp-json\/wp\/v2\/posts\/12131","targetHints":{"allow":["GET"]}}],"collection":[{"href":"https:\/\/gilfuentes.com.br\/novo\/wp-json\/wp\/v2\/posts"}],"about":[{"href":"https:\/\/gilfuentes.com.br\/novo\/wp-json\/wp\/v2\/types\/post"}],"author":[{"embeddable":true,"href":"https:\/\/gilfuentes.com.br\/novo\/wp-json\/wp\/v2\/users\/1"}],"replies":[{"embeddable":true,"href":"https:\/\/gilfuentes.com.br\/novo\/wp-json\/wp\/v2\/comments?post=12131"}],"version-history":[{"count":4,"href":"https:\/\/gilfuentes.com.br\/novo\/wp-json\/wp\/v2\/posts\/12131\/revisions"}],"predecessor-version":[{"id":12141,"href":"https:\/\/gilfuentes.com.br\/novo\/wp-json\/wp\/v2\/posts\/12131\/revisions\/12141"}],"wp:featuredmedia":[{"embeddable":true,"href":"https:\/\/gilfuentes.com.br\/novo\/wp-json\/wp\/v2\/media\/12138"}],"wp:attachment":[{"href":"https:\/\/gilfuentes.com.br\/novo\/wp-json\/wp\/v2\/media?parent=12131"}],"wp:term":[{"taxonomy":"category","embeddable":true,"href":"https:\/\/gilfuentes.com.br\/novo\/wp-json\/wp\/v2\/categories?post=12131"},{"taxonomy":"post_tag","embeddable":true,"href":"https:\/\/gilfuentes.com.br\/novo\/wp-json\/wp\/v2\/tags?post=12131"}],"curies":[{"name":"wp","href":"https:\/\/api.w.org\/{rel}","templated":true}]}}