{"id":12249,"date":"2014-01-23T11:40:54","date_gmt":"2014-01-23T11:40:54","guid":{"rendered":"https:\/\/gilfuentes.com.br\/novo\/?p=12249"},"modified":"2014-01-23T12:21:21","modified_gmt":"2014-01-23T12:21:21","slug":"ha-21-anos-um-jornal-de-fato-colorido","status":"publish","type":"post","link":"https:\/\/gilfuentes.com.br\/novo\/ha-21-anos-um-jornal-de-fato-colorido","title":{"rendered":"H\u00e1 21 anos um jornal de fato colorido"},"content":{"rendered":"<p>Maioridade. Isso mesmo. Dos 52 anos que o DS tem de vida \u00e9 colorido h\u00e1 exatos 21 anos. Lembro-me da correria para a primeira edi\u00e7\u00e3o publicada em 23 de janeiro de 1993, da falta de material, uma vez que os filmes usados para fotos eram em preto e branco, tanto que na primeira edi\u00e7\u00e3o a foto da ent\u00e3o primeira-dama de Suzano, Nilce Ramos Tokuzumi, foi publicada em pxb. Como colunista social de Suzano h\u00e1 23 anos, sinto-me orgulhoso em escrever a hist\u00f3ria da cidade sob minha \u00f3tica. S\u00e3o anos de trabalho que me fizeram muito bem. Considero a Rede DS minha segunda fam\u00edlia e me sinto muito confort\u00e1vel em poder dizer isto. Este amadurecimento profissional gera estabilidade e seguran\u00e7a em todos os setores que atuo. Resgatei o flash acima quando os diretores da Rede DS realizaram mais um sonho que foi a concretiza\u00e7\u00e3o do Instituto Thadeu Jos\u00e9 de Moraes, em 5 de dezembro de 2008. Na foto a matriarca da fam\u00edlia Moraes, Maria Apparecida da Silva Moraes, ladeada pelos filhos, S\u00f4nia Aparecida de Moraes Silva, Carlos Alberto (Xax\u00e1) de Moraes, Augusta Moraes Gusm\u00e3o, Octavio Thadeu de Moraes, Solange de Moraes Freitas e Amadeu Guaru Jos\u00e9 de Moraes.<\/p>\n<p>&nbsp;<\/p>\n<p>Foto: Irineu Jr.\/DS<\/p>\n","protected":false},"excerpt":{"rendered":"<p>Maioridade. Isso mesmo. Dos 52 anos que o DS tem de vida \u00e9 colorido h\u00e1 exatos 21 anos. Lembro-me da [&hellip;]<\/p>\n","protected":false},"author":1,"featured_media":12267,"comment_status":"closed","ping_status":"closed","sticky":false,"template":"","format":"standard","meta":{"footnotes":""},"categories":[5,8],"tags":[],"class_list":["post-12249","post","type-post","status-publish","format-standard","has-post-thumbnail","hentry","category-coluna","category-noticias"],"_links":{"self":[{"href":"https:\/\/gilfuentes.com.br\/novo\/wp-json\/wp\/v2\/posts\/12249","targetHints":{"allow":["GET"]}}],"collection":[{"href":"https:\/\/gilfuentes.com.br\/novo\/wp-json\/wp\/v2\/posts"}],"about":[{"href":"https:\/\/gilfuentes.com.br\/novo\/wp-json\/wp\/v2\/types\/post"}],"author":[{"embeddable":true,"href":"https:\/\/gilfuentes.com.br\/novo\/wp-json\/wp\/v2\/users\/1"}],"replies":[{"embeddable":true,"href":"https:\/\/gilfuentes.com.br\/novo\/wp-json\/wp\/v2\/comments?post=12249"}],"version-history":[{"count":1,"href":"https:\/\/gilfuentes.com.br\/novo\/wp-json\/wp\/v2\/posts\/12249\/revisions"}],"predecessor-version":[{"id":12251,"href":"https:\/\/gilfuentes.com.br\/novo\/wp-json\/wp\/v2\/posts\/12249\/revisions\/12251"}],"wp:featuredmedia":[{"embeddable":true,"href":"https:\/\/gilfuentes.com.br\/novo\/wp-json\/wp\/v2\/media\/12267"}],"wp:attachment":[{"href":"https:\/\/gilfuentes.com.br\/novo\/wp-json\/wp\/v2\/media?parent=12249"}],"wp:term":[{"taxonomy":"category","embeddable":true,"href":"https:\/\/gilfuentes.com.br\/novo\/wp-json\/wp\/v2\/categories?post=12249"},{"taxonomy":"post_tag","embeddable":true,"href":"https:\/\/gilfuentes.com.br\/novo\/wp-json\/wp\/v2\/tags?post=12249"}],"curies":[{"name":"wp","href":"https:\/\/api.w.org\/{rel}","templated":true}]}}