{"id":12252,"date":"2014-01-23T11:59:03","date_gmt":"2014-01-23T11:59:03","guid":{"rendered":"https:\/\/gilfuentes.com.br\/novo\/?p=12252"},"modified":"2014-01-23T12:20:25","modified_gmt":"2014-01-23T12:20:25","slug":"flash-back-do-circuito-social","status":"publish","type":"post","link":"https:\/\/gilfuentes.com.br\/novo\/flash-back-do-circuito-social","title":{"rendered":"Flash back do circuito social"},"content":{"rendered":"<p>&nbsp;<\/p>\n<p>Encontrei flashes in\u00e9ditos em meu arquivo digital, como de Thomas Stein Moraes com a bela Uiara Filippelli no casamento de Juliana Gusm\u00e3o e Andr\u00e9 Magalh\u00e3es de Souza na Casa Fasano, em abril de 2013<\/p>\n<p>&nbsp;<\/p>\n<p>Fotos: Eduardo Romano<\/p>\n<p>&nbsp;<\/p>\n<p>&nbsp;<\/p>\n<p>Divido a cena com Humberto Martins Duarte e Margareth Boacef Duarte\u00a0 no Sarau Cultural Piaget realizado em mar\u00e7o de 2013<\/p>\n<p>&nbsp;<\/p>\n<p>&nbsp;<\/p>\n<p><a href=\"https:\/\/gilfuentes.com.br\/novo\/wp-content\/uploads\/2014\/01\/Humberto-Martins-Duarte-e-Margareth-Boacef-Duarte-ok.jpg\"><img loading=\"lazy\" decoding=\"async\" class=\"alignnone  wp-image-12265\" alt=\"Humberto Martins Duarte e Margareth Boacef Duarte-ok\" src=\"https:\/\/gilfuentes.com.br\/novo\/wp-content\/uploads\/2014\/01\/Humberto-Martins-Duarte-e-Margareth-Boacef-Duarte-ok.jpg\" width=\"288\" height=\"191\" srcset=\"https:\/\/gilfuentes.com.br\/novo\/wp-content\/uploads\/2014\/01\/Humberto-Martins-Duarte-e-Margareth-Boacef-Duarte-ok.jpg 800w, https:\/\/gilfuentes.com.br\/novo\/wp-content\/uploads\/2014\/01\/Humberto-Martins-Duarte-e-Margareth-Boacef-Duarte-ok-375x250.jpg 375w\" sizes=\"auto, (max-width: 288px) 100vw, 288px\" \/><\/a><\/p>\n<p>&nbsp;<\/p>\n<p>&nbsp;<\/p>\n<p>Nerival Rodrigues, L\u00eddia Costa e Roberto Xavier na exposi\u00e7\u00e3o Entre Amigos, no Centro de Educa\u00e7\u00e3o e Cultura Francisco Carlos Moriconi, em abril de 2013<\/p>\n<p>&nbsp;<\/p>\n<p>&nbsp;<\/p>\n<p><a href=\"https:\/\/gilfuentes.com.br\/novo\/wp-content\/uploads\/2014\/01\/Nerival-Rodrigues-L\u00eddia-Costa-e-Roberto-Xavier-ok.jpg\"><img loading=\"lazy\" decoding=\"async\" class=\"alignnone  wp-image-12263\" alt=\"Nerival Rodrigues, L\u00eddia Costa e Roberto Xavier-ok\" src=\"https:\/\/gilfuentes.com.br\/novo\/wp-content\/uploads\/2014\/01\/Nerival-Rodrigues-L\u00eddia-Costa-e-Roberto-Xavier-ok.jpg\" width=\"288\" height=\"209\" srcset=\"https:\/\/gilfuentes.com.br\/novo\/wp-content\/uploads\/2014\/01\/Nerival-Rodrigues-L\u00eddia-Costa-e-Roberto-Xavier-ok.jpg 800w, https:\/\/gilfuentes.com.br\/novo\/wp-content\/uploads\/2014\/01\/Nerival-Rodrigues-L\u00eddia-Costa-e-Roberto-Xavier-ok-344x250.jpg 344w\" sizes=\"auto, (max-width: 288px) 100vw, 288px\" \/><\/a><\/p>\n<p>&nbsp;<\/p>\n<p>&nbsp;<\/p>\n<p>Carlyle Junior e Fernando Santos Sanches na festa que comandei em torno do Office Suzano da G2 Construtora, em abril de 2013<\/p>\n<p>&nbsp;<\/p>\n<p>&nbsp;<\/p>\n<p><a href=\"https:\/\/gilfuentes.com.br\/novo\/wp-content\/uploads\/2014\/01\/Carlyle-Junior-e-Fernando-Santos-Sanches-ok.jpg\"><img loading=\"lazy\" decoding=\"async\" class=\"alignnone  wp-image-12264\" alt=\"Carlyle Junior e Fernando Santos Sanches-ok\" src=\"https:\/\/gilfuentes.com.br\/novo\/wp-content\/uploads\/2014\/01\/Carlyle-Junior-e-Fernando-Santos-Sanches-ok.jpg\" width=\"288\" height=\"218\" srcset=\"https:\/\/gilfuentes.com.br\/novo\/wp-content\/uploads\/2014\/01\/Carlyle-Junior-e-Fernando-Santos-Sanches-ok.jpg 800w, https:\/\/gilfuentes.com.br\/novo\/wp-content\/uploads\/2014\/01\/Carlyle-Junior-e-Fernando-Santos-Sanches-ok-329x250.jpg 329w\" sizes=\"auto, (max-width: 288px) 100vw, 288px\" \/><\/a><\/p>\n<p>&nbsp;<\/p>\n<p>&nbsp;<\/p>\n","protected":false},"excerpt":{"rendered":"<p>&nbsp; Encontrei flashes in\u00e9ditos em meu arquivo digital, como de Thomas Stein Moraes com a bela Uiara Filippelli no casamento [&hellip;]<\/p>\n","protected":false},"author":1,"featured_media":12261,"comment_status":"closed","ping_status":"closed","sticky":false,"template":"","format":"standard","meta":{"footnotes":""},"categories":[5,8],"tags":[],"class_list":["post-12252","post","type-post","status-publish","format-standard","has-post-thumbnail","hentry","category-coluna","category-noticias"],"_links":{"self":[{"href":"https:\/\/gilfuentes.com.br\/novo\/wp-json\/wp\/v2\/posts\/12252","targetHints":{"allow":["GET"]}}],"collection":[{"href":"https:\/\/gilfuentes.com.br\/novo\/wp-json\/wp\/v2\/posts"}],"about":[{"href":"https:\/\/gilfuentes.com.br\/novo\/wp-json\/wp\/v2\/types\/post"}],"author":[{"embeddable":true,"href":"https:\/\/gilfuentes.com.br\/novo\/wp-json\/wp\/v2\/users\/1"}],"replies":[{"embeddable":true,"href":"https:\/\/gilfuentes.com.br\/novo\/wp-json\/wp\/v2\/comments?post=12252"}],"version-history":[{"count":3,"href":"https:\/\/gilfuentes.com.br\/novo\/wp-json\/wp\/v2\/posts\/12252\/revisions"}],"predecessor-version":[{"id":12266,"href":"https:\/\/gilfuentes.com.br\/novo\/wp-json\/wp\/v2\/posts\/12252\/revisions\/12266"}],"wp:featuredmedia":[{"embeddable":true,"href":"https:\/\/gilfuentes.com.br\/novo\/wp-json\/wp\/v2\/media\/12261"}],"wp:attachment":[{"href":"https:\/\/gilfuentes.com.br\/novo\/wp-json\/wp\/v2\/media?parent=12252"}],"wp:term":[{"taxonomy":"category","embeddable":true,"href":"https:\/\/gilfuentes.com.br\/novo\/wp-json\/wp\/v2\/categories?post=12252"},{"taxonomy":"post_tag","embeddable":true,"href":"https:\/\/gilfuentes.com.br\/novo\/wp-json\/wp\/v2\/tags?post=12252"}],"curies":[{"name":"wp","href":"https:\/\/api.w.org\/{rel}","templated":true}]}}