{"id":12285,"date":"2014-01-24T11:44:51","date_gmt":"2014-01-24T11:44:51","guid":{"rendered":"https:\/\/gilfuentes.com.br\/novo\/?p=12285"},"modified":"2014-01-25T13:21:41","modified_gmt":"2014-01-25T13:21:41","slug":"morre-em-aguai-vera-martins","status":"publish","type":"post","link":"https:\/\/gilfuentes.com.br\/novo\/morre-em-aguai-vera-martins","title":{"rendered":"Morre a querida Vera Martins"},"content":{"rendered":"<p>Faleceu na Santa Casa de S\u00e3o Paulo, nesta madrugada (24) a querida Vera Martins, que durante anos foi presidente da Associa\u00e7\u00e3o Paulista de Colunistas Sociais &#8211; Apacos e tamb\u00e9m da Federa\u00e7\u00e3o Brasileira de Colunistas Sociais &#8211; Febracos. O sepultamento ocorrer\u00e1 em Agua\u00ed, interior de S\u00e3o Paulo, sua cidade Natal. Na foto Gil Fuentes e a sempre alegre Vera Martins, que comandou grandes eventos em torno da classe. Descanse em paz!<\/p>\n<p>&nbsp;<\/p>\n<p><a href=\"https:\/\/gilfuentes.com.br\/novo\/wp-content\/uploads\/2014\/01\/Vera-Martins-ok.jpg\"><img loading=\"lazy\" decoding=\"async\" class=\"alignnone size-full wp-image-12287\" alt=\"Vera Martins-ok\" src=\"https:\/\/gilfuentes.com.br\/novo\/wp-content\/uploads\/2014\/01\/Vera-Martins-ok.jpg\" width=\"434\" height=\"600\" srcset=\"https:\/\/gilfuentes.com.br\/novo\/wp-content\/uploads\/2014\/01\/Vera-Martins-ok.jpg 434w, https:\/\/gilfuentes.com.br\/novo\/wp-content\/uploads\/2014\/01\/Vera-Martins-ok-180x250.jpg 180w\" sizes=\"auto, (max-width: 434px) 100vw, 434px\" \/><\/a><\/p>\n<p>&nbsp;<\/p>\n<p>&nbsp;<\/p>\n<p>&nbsp;<\/p>\n<p>&nbsp;<\/p>\n","protected":false},"excerpt":{"rendered":"<p>Faleceu na Santa Casa de S\u00e3o Paulo, nesta madrugada (24) a querida Vera Martins, que durante anos foi presidente da [&hellip;]<\/p>\n","protected":false},"author":1,"featured_media":12286,"comment_status":"closed","ping_status":"closed","sticky":false,"template":"","format":"standard","meta":{"footnotes":""},"categories":[5,8],"tags":[],"class_list":["post-12285","post","type-post","status-publish","format-standard","has-post-thumbnail","hentry","category-coluna","category-noticias"],"_links":{"self":[{"href":"https:\/\/gilfuentes.com.br\/novo\/wp-json\/wp\/v2\/posts\/12285","targetHints":{"allow":["GET"]}}],"collection":[{"href":"https:\/\/gilfuentes.com.br\/novo\/wp-json\/wp\/v2\/posts"}],"about":[{"href":"https:\/\/gilfuentes.com.br\/novo\/wp-json\/wp\/v2\/types\/post"}],"author":[{"embeddable":true,"href":"https:\/\/gilfuentes.com.br\/novo\/wp-json\/wp\/v2\/users\/1"}],"replies":[{"embeddable":true,"href":"https:\/\/gilfuentes.com.br\/novo\/wp-json\/wp\/v2\/comments?post=12285"}],"version-history":[{"count":4,"href":"https:\/\/gilfuentes.com.br\/novo\/wp-json\/wp\/v2\/posts\/12285\/revisions"}],"predecessor-version":[{"id":12314,"href":"https:\/\/gilfuentes.com.br\/novo\/wp-json\/wp\/v2\/posts\/12285\/revisions\/12314"}],"wp:featuredmedia":[{"embeddable":true,"href":"https:\/\/gilfuentes.com.br\/novo\/wp-json\/wp\/v2\/media\/12286"}],"wp:attachment":[{"href":"https:\/\/gilfuentes.com.br\/novo\/wp-json\/wp\/v2\/media?parent=12285"}],"wp:term":[{"taxonomy":"category","embeddable":true,"href":"https:\/\/gilfuentes.com.br\/novo\/wp-json\/wp\/v2\/categories?post=12285"},{"taxonomy":"post_tag","embeddable":true,"href":"https:\/\/gilfuentes.com.br\/novo\/wp-json\/wp\/v2\/tags?post=12285"}],"curies":[{"name":"wp","href":"https:\/\/api.w.org\/{rel}","templated":true}]}}