{"id":12302,"date":"2014-01-24T17:50:59","date_gmt":"2014-01-24T17:50:59","guid":{"rendered":"https:\/\/gilfuentes.com.br\/novo\/?p=12302"},"modified":"2014-01-24T17:51:55","modified_gmt":"2014-01-24T17:51:55","slug":"atracoes-para-comemorar-o-aniversario-de-sao-paulo","status":"publish","type":"post","link":"https:\/\/gilfuentes.com.br\/novo\/atracoes-para-comemorar-o-aniversario-de-sao-paulo","title":{"rendered":"Atra\u00e7\u00f5es para comemorar o anivers\u00e1rio de S\u00e3o Paulo"},"content":{"rendered":"<p>Amanh\u00e3 (25), uma das cidades mais amadas do mundo completa 460 anos e a agenda paulista est\u00e1 lotada de atra\u00e7\u00f5es especiais. Desde \u00e0s 7h da manh\u00e3, voc\u00ea vai poder curtir, em pontos diferente de S\u00e3o Paulo, a\u00e7\u00f5es para festejar junto com a cidade. Confira:<\/p>\n<p>&nbsp;<\/p>\n<p>7h \u2013 As ciclofaixas de lazer funcionam excepcionalmente neste feriado at\u00e9 as 16h<\/p>\n<p>7h35 \u2013 Largada da Corrida Trof\u00e9u Cidade de S\u00e3o Paulo<\/p>\n<p>8h30 \u2013 Aula aberta de treinamento funcional no Parque Villa-Lobos<\/p>\n<p>9h \u2013 Missa celebrada na Catedral da S\u00e9 pelo Cardeal Dom Odilo Pedro Scherer, Arcebispo Metropolitano de S\u00e3o Paulo<\/p>\n<p>9h &#8211; At\u00e9 \u00e0s 15h, grupos de bike fazem tour tem\u00e1ticos para conhecer hist\u00f3rias e pontos tur\u00edsticos da capital<\/p>\n<p>9h \u2013 O Museu do Futebol fica aberto at\u00e9 as 18h e ter\u00e1 conta\u00e7\u00e3o de hist\u00f3rias sobre a imigra\u00e7\u00e3o na cidade<\/p>\n<p>9h \u2013 A Orquestra Sinf\u00f4nica de Heli\u00f3polis convida Paula Lima em apresenta\u00e7\u00e3o gr\u00e1tis na Sala S\u00e3o Paulo<\/p>\n<p>9h \u2013 O espet\u00e1culo Galinha Pintadinha \u2013 Cad\u00ea Pop\u00f3 rola na Pra\u00e7a das Artes e anima a crian\u00e7ada com as m\u00fasicas Pintinho Amarelinho e Borboletinha<\/p>\n<p>&nbsp;<\/p>\n<p>&nbsp;<\/p>\n<p><a href=\"https:\/\/gilfuentes.com.br\/novo\/wp-content\/uploads\/2014\/01\/bike-tour-em-sp.jpg\"><img loading=\"lazy\" decoding=\"async\" class=\"alignnone size-full wp-image-12305\" alt=\"bike-tour-em-sp\" src=\"https:\/\/gilfuentes.com.br\/novo\/wp-content\/uploads\/2014\/01\/bike-tour-em-sp.jpg\" width=\"560\" height=\"373\" srcset=\"https:\/\/gilfuentes.com.br\/novo\/wp-content\/uploads\/2014\/01\/bike-tour-em-sp.jpg 560w, https:\/\/gilfuentes.com.br\/novo\/wp-content\/uploads\/2014\/01\/bike-tour-em-sp-375x250.jpg 375w\" sizes=\"auto, (max-width: 560px) 100vw, 560px\" \/><\/a><\/p>\n<p>&nbsp;<\/p>\n<p>&nbsp;<\/p>\n<p>&nbsp;<\/p>\n<p>10h \u2013 Com programa\u00e7\u00e3o especial, o Museu da L\u00edngua Portuguesa estende hor\u00e1rio at\u00e9 as 20h<\/p>\n<p>11h \u2013 O\u00a0<a href=\"http:\/\/vejasp.abril.com.br\/atracao\/chefs-na-rua\" target=\"_blank\" rel=\"Chefs na Rua\">Chefs na Rua<\/a>\u00a0vai at\u00e9 \u00e0s 20h e conta com grandes nomes da gastronomia, que preparam receitas exclusivas com pre\u00e7os entre 5 e 15 reais.<\/p>\n<p>11h \u2013 A Banda Sinf\u00f4nica apresenta temas de filmes famosos, como\u00a0<em>Superman<\/em>,\u00a0<em>A Lista de Schindler<\/em>\u00a0e\u00a0<em>ET \u2013 O Extraterrestre<\/em>, no\u00a0<a href=\"http:\/\/vejasp.abril.com.br\/estabelecimento\/teatro-sao-pedro\" target=\"_blank\" rel=\"Theatro S\u00e3o Pedro\">Theatro S\u00e3o Pedro<\/a><\/p>\n<p>11h \u2013 A banda\u00a0<a href=\"http:\/\/vejasp.abril.com.br\/atracao\/mustache-e-os-apaches-cabare-tres-vintens-e-emblues-beer-band\" target=\"_blank\" rel=\"Mustache e os Apaches\">Mustache e os Apaches<\/a>\u00a0est\u00e1 entre as atra\u00e7\u00f5es do\u00a0<a href=\"http:\/\/vejasp.abril.com.br\/estabelecimento\/museu-da-casa-brasileira\" target=\"_blank\" rel=\"Museu da Casa Brasileira\">Museu da Casa Brasileira<\/a><\/p>\n<p>11h45 \u2013 A crian\u00e7ada por participar de um\u00a0<a href=\"http:\/\/vejasp.abril.com.br\/materia\/ibirapuera-programacao-aniversario-sao-paulo\" target=\"_blank\" rel=\"show de ci\u00eancias do grupo Abramundo\">show de ci\u00eancias do grupo Abramundo<\/a>que promete ensinar a fazer neve, no\u00a0<a href=\"http:\/\/vejasp.abril.com.br\/estabelecimento\/parque-do-ibirapuera\" target=\"_blank\" rel=\"Parque do Ibirapuera\">Parque do Ibirapuera<\/a><\/p>\n<p>&nbsp;<\/p>\n<p>&nbsp;<\/p>\n<p><a href=\"https:\/\/gilfuentes.com.br\/novo\/wp-content\/uploads\/2014\/01\/035355.jpg\"><img loading=\"lazy\" decoding=\"async\" class=\"alignnone size-full wp-image-12303\" alt=\"035355\" src=\"https:\/\/gilfuentes.com.br\/novo\/wp-content\/uploads\/2014\/01\/035355.jpg\" width=\"540\" height=\"432\" srcset=\"https:\/\/gilfuentes.com.br\/novo\/wp-content\/uploads\/2014\/01\/035355.jpg 540w, https:\/\/gilfuentes.com.br\/novo\/wp-content\/uploads\/2014\/01\/035355-312x250.jpg 312w\" sizes=\"auto, (max-width: 540px) 100vw, 540px\" \/><\/a><\/p>\n<p>&nbsp;<\/p>\n<p>&nbsp;<\/p>\n<p>&nbsp;<\/p>\n<p>12h &#8211; O\u00a0<a href=\"http:\/\/vejasp.abril.com.br\/atracao\/mis-aniversario-de-sao-paulo\" rel=\"Museu da Imagem e do Som\">Museu da Imagem e do Som<\/a>\u00a0(MIS) abre sua programa\u00e7\u00e3o, que conta com apresenta\u00e7\u00f5es de bandas como a Trupe Ch\u00e1 de Boldo e barracas de comidinhas de chefs consagrados.<\/p>\n<p>13h \u2013 O samba embala a festa do\u00a0<a href=\"http:\/\/vejasp.abril.com.br\/estabelecimento\/mercado-municipal\" target=\"_blank\" rel=\"Mercado Municipal\">Mercado Municipal<\/a>, que recebe os\u00a0<a href=\"http:\/\/vejasp.abril.com.br\/atracao\/mercado-municipal-aniversario-de-sao-paulo\" target=\"_blank\" rel=\"Dem\u00f4nios da Garoa\">Dem\u00f4nios da Garoa<\/a><\/p>\n<p>14h \u2013\u00a0<a href=\"http:\/\/vejasp.abril.com.br\/atracao\/aniversario-de-sao-paulo-parque-do-ibirapuera\" target=\"_blank\" rel=\"Ibirapuera recebe show\"><strong>Ibirapuera<\/strong>\u00a0<strong>recebe show<\/strong><\/a>\u00a0com uma banda formada pelas cantoras Anelis Assump\u00e7\u00e3o e Joana Flor com o multiinstrumentista Curumin e o trio de rock O Terno<\/p>\n<p>14h &#8211; O\u00a0<a href=\"http:\/\/vejasp.abril.com.br\/estabelecimento\/jockey-club-de-sao-paulo\" target=\"_blank\" rel=\"Jockey Club\">Jockey Club<\/a>\u00a0promove o\u00a0<a href=\"http:\/\/vejasp.abril.com.br\/atracao\/grande-premio-jockey-club\" target=\"_blank\" rel=\"Grande Pr\u00eamio 25 de Janeiro\">Grande Pr\u00eamio 25 de Janeiro<\/a>\u00a0com entrada gratuita e programa\u00e7\u00f5es para a crian\u00e7ada<\/p>\n<p>14h \u2013 O projeto\u00a0<a href=\"http:\/\/vejasp.abril.com.br\/atracao\/paulista-com-farofa\" target=\"_blank\" rel=\"Paulista com Farofa\">Paulista com Farofa<\/a>\u00a0promove uma roda de samba com churrasco na avenida mais movimentada da cidade. Por 15 reais \u00e9 poss\u00edvel comer espetinhos e curtir uma bao m\u00fasica<\/p>\n<p>16h \u2013\u00a0<a href=\"http:\/\/vejasp.abril.com.br\/atracao\/lucas-santtana-e-jards-macale\" target=\"_blank\" rel=\"Lucas Santtana e Jards Macal\u00e9\">Lucas Santtana e Jards Macal\u00e9<\/a>\u00a0dividem o palco no\u00a0<a href=\"http:\/\/vejasp.abril.com.br\/atracao\/lucas-santtana-e-jards-macale\" target=\"_blank\" rel=\"Parque Villa-Lobos\">Parque Villa-Lobos<\/a><\/p>\n<p>&nbsp;<\/p>\n<p>&nbsp;<\/p>\n<p><a href=\"https:\/\/gilfuentes.com.br\/novo\/wp-content\/uploads\/2014\/01\/Lucas_Santtana_foto_Daryan_Dornelles1.jpg\"><img loading=\"lazy\" decoding=\"async\" class=\"alignnone size-full wp-image-12306\" alt=\"Lucas_Santtana_foto_Daryan_Dornelles1\" src=\"https:\/\/gilfuentes.com.br\/novo\/wp-content\/uploads\/2014\/01\/Lucas_Santtana_foto_Daryan_Dornelles1.jpg\" width=\"615\" height=\"410\" srcset=\"https:\/\/gilfuentes.com.br\/novo\/wp-content\/uploads\/2014\/01\/Lucas_Santtana_foto_Daryan_Dornelles1.jpg 615w, https:\/\/gilfuentes.com.br\/novo\/wp-content\/uploads\/2014\/01\/Lucas_Santtana_foto_Daryan_Dornelles1-375x250.jpg 375w\" sizes=\"auto, (max-width: 615px) 100vw, 615px\" \/><\/a><\/p>\n<p>&nbsp;<\/p>\n<p>&nbsp;<\/p>\n<p>&nbsp;<\/p>\n<p>16h \u2013\u00a0<a href=\"http:\/\/vejasp.abril.com.br\/atracao\/rashid-kamau-e-max-bo\" target=\"_blank\" rel=\"Rashid, Kamau e outros nomes do rap\">Rashid, Kamau e outros nomes do rap<\/a>\u00a0se apresentam no\u00a0<a href=\"http:\/\/vejasp.abril.com.br\/estabelecimento\/parque-ecologico-do-tiete\" target=\"_blank\" rel=\"Parque Ecol\u00f3gico do Tiet\u00ea\">Parque Ecol\u00f3gico do Tiet\u00ea<\/a><\/p>\n<p>17h \u2013\u00a0<a href=\"http:\/\/vejasp.abril.com.br\/estabelecimento\/cine-olido\" target=\"_blank\" rel=\"Cine Olido\">Cine Olido<\/a>\u00a0exibe na sequ\u00eancia o cl\u00e1ssico\u00a0<em>O Bandido da Luz Vermelha<\/em>, de Rog\u00e9rio Sganzerla, e\u00a0<em>Luz nas Trevas \u2013 A Volta do Bandido da Luz Vermelha<\/em>, de Helena Ignez e \u00cdcaro Martins<\/p>\n<p>17h \u2013 Paulinho da Viola abre a programa\u00e7\u00e3o em\u00a0<a href=\"http:\/\/vejasp.abril.com.br\/atracao\/aniversario-de-sao-paulo\" target=\"_blank\" rel=\"palco montado na Pra\u00e7a da Rep\u00fablica\">palco montado na Pra\u00e7a da Rep\u00fablica<\/a>, que tamb\u00e9m recebe Clube do Balan\u00e7o, a rapper Karol Conk\u00e1 e o americano Keit Sweat<\/p>\n<p>19h \u2013 Na\u00a0<a href=\"http:\/\/vejasp.abril.com.br\/atracao\/viradinha-cultural\" target=\"_blank\" rel=\"Viradinha Cultural\">Viradinha Cultural<\/a>, no\u00a0<a href=\"http:\/\/vejasp.abril.com.br\/estabelecimento\/centro-cultural-sao-paulo\" target=\"_blank\" rel=\"CCSP\">CCSP<\/a>, as crian\u00e7as, acompanhadas por respons\u00e1veis, s\u00e3o convidadas a acampar e recriar um ambiente que reflete a capital paulista<\/p>\n<p>20h \u2013\u00a0<a href=\"http:\/\/vejasp.abril.com.br\/materia\/fonte-ibirapuera-aniversario-sao-paulo\" target=\"_blank\" rel=\"Fonte do Ibirapuera\">Fonte do Ibirapuera<\/a>\u00a0apresenta duas sess\u00f5es de proje\u00e7\u00f5es e m\u00fasicas em homenagem a S\u00e3o Paulo<\/p>\n<p>20h30 \u2013 A\u00a0<a href=\"http:\/\/vejasp.abril.com.br\/estabelecimento\/teatro-sao-pedro\" target=\"_blank\" rel=\"Orquestra do Theatro S\u00e3o Pedro\">Orquestra do Theatro S\u00e3o Pedro<\/a>\u00a0executa a consagrada abertura de Carmen, de Georges Bizet<\/p>\n<p>&nbsp;<\/p>\n<p>.<\/p>\n","protected":false},"excerpt":{"rendered":"<p>Amanh\u00e3 (25), uma das cidades mais amadas do mundo completa 460 anos e a agenda paulista est\u00e1 lotada de atra\u00e7\u00f5es [&hellip;]<\/p>\n","protected":false},"author":1,"featured_media":12304,"comment_status":"closed","ping_status":"closed","sticky":false,"template":"","format":"standard","meta":{"footnotes":""},"categories":[5,8],"tags":[],"class_list":["post-12302","post","type-post","status-publish","format-standard","has-post-thumbnail","hentry","category-coluna","category-noticias"],"_links":{"self":[{"href":"https:\/\/gilfuentes.com.br\/novo\/wp-json\/wp\/v2\/posts\/12302","targetHints":{"allow":["GET"]}}],"collection":[{"href":"https:\/\/gilfuentes.com.br\/novo\/wp-json\/wp\/v2\/posts"}],"about":[{"href":"https:\/\/gilfuentes.com.br\/novo\/wp-json\/wp\/v2\/types\/post"}],"author":[{"embeddable":true,"href":"https:\/\/gilfuentes.com.br\/novo\/wp-json\/wp\/v2\/users\/1"}],"replies":[{"embeddable":true,"href":"https:\/\/gilfuentes.com.br\/novo\/wp-json\/wp\/v2\/comments?post=12302"}],"version-history":[{"count":2,"href":"https:\/\/gilfuentes.com.br\/novo\/wp-json\/wp\/v2\/posts\/12302\/revisions"}],"predecessor-version":[{"id":12308,"href":"https:\/\/gilfuentes.com.br\/novo\/wp-json\/wp\/v2\/posts\/12302\/revisions\/12308"}],"wp:featuredmedia":[{"embeddable":true,"href":"https:\/\/gilfuentes.com.br\/novo\/wp-json\/wp\/v2\/media\/12304"}],"wp:attachment":[{"href":"https:\/\/gilfuentes.com.br\/novo\/wp-json\/wp\/v2\/media?parent=12302"}],"wp:term":[{"taxonomy":"category","embeddable":true,"href":"https:\/\/gilfuentes.com.br\/novo\/wp-json\/wp\/v2\/categories?post=12302"},{"taxonomy":"post_tag","embeddable":true,"href":"https:\/\/gilfuentes.com.br\/novo\/wp-json\/wp\/v2\/tags?post=12302"}],"curies":[{"name":"wp","href":"https:\/\/api.w.org\/{rel}","templated":true}]}}