{"id":12335,"date":"2014-01-27T19:15:15","date_gmt":"2014-01-27T19:15:15","guid":{"rendered":"https:\/\/gilfuentes.com.br\/novo\/?p=12335"},"modified":"2014-01-27T19:15:15","modified_gmt":"2014-01-27T19:15:15","slug":"maestro-levanta-quadra-da-rosas-de-ouro","status":"publish","type":"post","link":"https:\/\/gilfuentes.com.br\/novo\/maestro-levanta-quadra-da-rosas-de-ouro","title":{"rendered":"Maestro levanta quadra da Rosas de Ouro"},"content":{"rendered":"<p>Na\u00a0 sexta- feira (24) o maestro Renato Misiuk junto com o Groove Allegro fizeram uma apresenta\u00e7\u00e3o espetacular na quadra da Escola de Samba Rosas de Ouro.\u00a0 A escola com o tema \u201cInesquec\u00edvel\u201d para o Carnaval deste ano, convidou o grupo que une a m\u00fasi\u00adca erudita com eletr\u00f4nica e samba, \u00a0em uma uni\u00e3o que j\u00e1 marcou muito a cena cultural do Brasil pela inova\u00e7\u00e3o, e se tornou inesque\u00adc\u00edvel para todos nesse dia.<\/p>\n<p>&nbsp;<\/p>\n<p>&nbsp;<\/p>\n<p>&nbsp;<\/p>\n<p><a href=\"https:\/\/gilfuentes.com.br\/novo\/wp-content\/uploads\/2014\/01\/Renato-Misiuk.jpg\"><img loading=\"lazy\" decoding=\"async\" class=\"alignnone  wp-image-12339\" alt=\"Renato Misiuk\" src=\"https:\/\/gilfuentes.com.br\/novo\/wp-content\/uploads\/2014\/01\/Renato-Misiuk.jpg\" width=\"384\" height=\"223\" srcset=\"https:\/\/gilfuentes.com.br\/novo\/wp-content\/uploads\/2014\/01\/Renato-Misiuk.jpg 640w, https:\/\/gilfuentes.com.br\/novo\/wp-content\/uploads\/2014\/01\/Renato-Misiuk-430x250.jpg 430w\" sizes=\"auto, (max-width: 384px) 100vw, 384px\" \/><\/a><\/p>\n<p>&nbsp;<\/p>\n<p>&nbsp;<\/p>\n<p><a href=\"https:\/\/gilfuentes.com.br\/novo\/wp-content\/uploads\/2014\/01\/Claudio-Ramiro-Angelina-Basilio-e-Renato-Miisuk.jpg\"><img loading=\"lazy\" decoding=\"async\" class=\"alignnone  wp-image-12336\" alt=\"Claudio Ramiro, Angelina Basilio e Renato Miisuk\" src=\"https:\/\/gilfuentes.com.br\/novo\/wp-content\/uploads\/2014\/01\/Claudio-Ramiro-Angelina-Basilio-e-Renato-Miisuk.jpg\" width=\"384\" height=\"267\" srcset=\"https:\/\/gilfuentes.com.br\/novo\/wp-content\/uploads\/2014\/01\/Claudio-Ramiro-Angelina-Basilio-e-Renato-Miisuk.jpg 640w, https:\/\/gilfuentes.com.br\/novo\/wp-content\/uploads\/2014\/01\/Claudio-Ramiro-Angelina-Basilio-e-Renato-Miisuk-359x250.jpg 359w\" sizes=\"auto, (max-width: 384px) 100vw, 384px\" \/><\/a><\/p>\n<p>&nbsp;<\/p>\n<p>Claudio Ramiro, Angelina Basilio e Renato Miisuk<\/p>\n<p>&nbsp;<\/p>\n<p>&nbsp;<\/p>\n<p><a href=\"https:\/\/gilfuentes.com.br\/novo\/wp-content\/uploads\/2014\/01\/Renato-Misiuk-e-Luciano-Faccioli.jpg\"><img loading=\"lazy\" decoding=\"async\" class=\"alignnone  wp-image-12338\" alt=\"Renato Misiuk e Luciano Faccioli\" src=\"https:\/\/gilfuentes.com.br\/novo\/wp-content\/uploads\/2014\/01\/Renato-Misiuk-e-Luciano-Faccioli.jpg\" width=\"224\" height=\"288\" srcset=\"https:\/\/gilfuentes.com.br\/novo\/wp-content\/uploads\/2014\/01\/Renato-Misiuk-e-Luciano-Faccioli.jpg 373w, https:\/\/gilfuentes.com.br\/novo\/wp-content\/uploads\/2014\/01\/Renato-Misiuk-e-Luciano-Faccioli-194x250.jpg 194w\" sizes=\"auto, (max-width: 224px) 100vw, 224px\" \/><\/a><\/p>\n<p>Renato Misiuk e Luciano Faccioli<\/p>\n<p>&nbsp;<\/p>\n<p>&nbsp;<\/p>\n","protected":false},"excerpt":{"rendered":"<p>Na\u00a0 sexta- feira (24) o maestro Renato Misiuk junto com o Groove Allegro fizeram uma apresenta\u00e7\u00e3o espetacular na quadra da [&hellip;]<\/p>\n","protected":false},"author":1,"featured_media":12337,"comment_status":"closed","ping_status":"closed","sticky":false,"template":"","format":"standard","meta":{"footnotes":""},"categories":[5,8],"tags":[],"class_list":["post-12335","post","type-post","status-publish","format-standard","has-post-thumbnail","hentry","category-coluna","category-noticias"],"_links":{"self":[{"href":"https:\/\/gilfuentes.com.br\/novo\/wp-json\/wp\/v2\/posts\/12335","targetHints":{"allow":["GET"]}}],"collection":[{"href":"https:\/\/gilfuentes.com.br\/novo\/wp-json\/wp\/v2\/posts"}],"about":[{"href":"https:\/\/gilfuentes.com.br\/novo\/wp-json\/wp\/v2\/types\/post"}],"author":[{"embeddable":true,"href":"https:\/\/gilfuentes.com.br\/novo\/wp-json\/wp\/v2\/users\/1"}],"replies":[{"embeddable":true,"href":"https:\/\/gilfuentes.com.br\/novo\/wp-json\/wp\/v2\/comments?post=12335"}],"version-history":[{"count":1,"href":"https:\/\/gilfuentes.com.br\/novo\/wp-json\/wp\/v2\/posts\/12335\/revisions"}],"predecessor-version":[{"id":12340,"href":"https:\/\/gilfuentes.com.br\/novo\/wp-json\/wp\/v2\/posts\/12335\/revisions\/12340"}],"wp:featuredmedia":[{"embeddable":true,"href":"https:\/\/gilfuentes.com.br\/novo\/wp-json\/wp\/v2\/media\/12337"}],"wp:attachment":[{"href":"https:\/\/gilfuentes.com.br\/novo\/wp-json\/wp\/v2\/media?parent=12335"}],"wp:term":[{"taxonomy":"category","embeddable":true,"href":"https:\/\/gilfuentes.com.br\/novo\/wp-json\/wp\/v2\/categories?post=12335"},{"taxonomy":"post_tag","embeddable":true,"href":"https:\/\/gilfuentes.com.br\/novo\/wp-json\/wp\/v2\/tags?post=12335"}],"curies":[{"name":"wp","href":"https:\/\/api.w.org\/{rel}","templated":true}]}}