{"id":12458,"date":"2014-02-01T10:00:35","date_gmt":"2014-02-01T10:00:35","guid":{"rendered":"https:\/\/gilfuentes.com.br\/novo\/?p=12458"},"modified":"2014-01-31T12:41:42","modified_gmt":"2014-01-31T12:41:42","slug":"brasilemmovimento-2","status":"publish","type":"post","link":"https:\/\/gilfuentes.com.br\/novo\/brasilemmovimento-2","title":{"rendered":"#BrasilEmMovimento"},"content":{"rendered":"<p>&nbsp;<\/p>\n<p>&nbsp;<\/p>\n<p>Quem n\u00e3o se lembra das manifesta\u00e7\u00f5es que levaram milhares de jovens \u00e0s ruas em meados de 2013? Muita pol\u00eamica levou o Pa\u00eds a repensar o seu caminho. Jovens do Alto Tiet\u00ea deixaram suas impress\u00f5es por aqui e foram clicados por Eduardo Romano em ensaios ousados que entraram para a hist\u00f3ria.<\/p>\n<p>&nbsp;<\/p>\n<p>&nbsp;<\/p>\n<p>Fotos: Eduardo Romano<\/p>\n<p>&nbsp;<\/p>\n<p>&nbsp;<\/p>\n<p><a href=\"https:\/\/gilfuentes.com.br\/novo\/wp-content\/uploads\/2014\/01\/D4_1-La\u00eds-Antunes.jpg\"><img loading=\"lazy\" decoding=\"async\" class=\"alignnone  wp-image-12459\" alt=\"D4_1-La\u00eds Antunes\" src=\"https:\/\/gilfuentes.com.br\/novo\/wp-content\/uploads\/2014\/01\/D4_1-La\u00eds-Antunes.jpg\" width=\"557\" height=\"443\" srcset=\"https:\/\/gilfuentes.com.br\/novo\/wp-content\/uploads\/2014\/01\/D4_1-La\u00eds-Antunes.jpg 928w, https:\/\/gilfuentes.com.br\/novo\/wp-content\/uploads\/2014\/01\/D4_1-La\u00eds-Antunes-314x250.jpg 314w\" sizes=\"auto, (max-width: 557px) 100vw, 557px\" \/><\/a><\/p>\n<p>&nbsp;<\/p>\n<p>&nbsp;<\/p>\n<p>A modelo Lais Antunes estreou a sess\u00e3o #BrasilEmMovimento em julho de 2013<\/p>\n<p>&nbsp;<\/p>\n<p>&nbsp;<\/p>\n<p><a href=\"https:\/\/gilfuentes.com.br\/novo\/wp-content\/uploads\/2014\/01\/d4_2-Gabriel-Leonel-ok.jpg\"><img loading=\"lazy\" decoding=\"async\" class=\"alignnone  wp-image-12460\" alt=\"d4_2-Gabriel Leonel-ok\" src=\"https:\/\/gilfuentes.com.br\/novo\/wp-content\/uploads\/2014\/01\/d4_2-Gabriel-Leonel-ok.jpg\" width=\"360\" height=\"611\" srcset=\"https:\/\/gilfuentes.com.br\/novo\/wp-content\/uploads\/2014\/01\/d4_2-Gabriel-Leonel-ok.jpg 1000w, https:\/\/gilfuentes.com.br\/novo\/wp-content\/uploads\/2014\/01\/d4_2-Gabriel-Leonel-ok-147x250.jpg 147w, https:\/\/gilfuentes.com.br\/novo\/wp-content\/uploads\/2014\/01\/d4_2-Gabriel-Leonel-ok-603x1024.jpg 603w\" sizes=\"auto, (max-width: 360px) 100vw, 360px\" \/><\/a><\/p>\n<p>&nbsp;<\/p>\n<p>&nbsp;<\/p>\n<p>Enquanto milhares de jovens protestavam em passeatas, Gabriel Leonel lutava por t\u00edtulos, no Jiu-Jitsu<\/p>\n<p>&nbsp;<\/p>\n<p>&nbsp;<\/p>\n<p><a href=\"https:\/\/gilfuentes.com.br\/novo\/wp-content\/uploads\/2014\/01\/d4_32.jpg\"><img loading=\"lazy\" decoding=\"async\" class=\"alignnone  wp-image-12461\" alt=\"d4_3\" src=\"https:\/\/gilfuentes.com.br\/novo\/wp-content\/uploads\/2014\/01\/d4_32.jpg\" width=\"324\" height=\"486\" srcset=\"https:\/\/gilfuentes.com.br\/novo\/wp-content\/uploads\/2014\/01\/d4_32.jpg 900w, https:\/\/gilfuentes.com.br\/novo\/wp-content\/uploads\/2014\/01\/d4_32-166x250.jpg 166w, https:\/\/gilfuentes.com.br\/novo\/wp-content\/uploads\/2014\/01\/d4_32-682x1024.jpg 682w\" sizes=\"auto, (max-width: 324px) 100vw, 324px\" \/><\/a><\/p>\n<p>&nbsp;<\/p>\n<p>&nbsp;<\/p>\n<p>Let\u00edcia Bernardino mostrou irrever\u00eancia com sua tatuagens e se posicionou sobre a manifesta\u00e7\u00e3o que j\u00e1 foi esquecida por todos<\/p>\n<p>&nbsp;<\/p>\n<p>&nbsp;<\/p>\n<p><a href=\"https:\/\/gilfuentes.com.br\/novo\/wp-content\/uploads\/2014\/01\/d4_4-Caique-Couto-Godoy-ok.jpg\"><img loading=\"lazy\" decoding=\"async\" class=\"alignnone  wp-image-12462\" alt=\"d4_4-Caique Couto Godoy-ok\" src=\"https:\/\/gilfuentes.com.br\/novo\/wp-content\/uploads\/2014\/01\/d4_4-Caique-Couto-Godoy-ok.jpg\" width=\"360\" height=\"475\" srcset=\"https:\/\/gilfuentes.com.br\/novo\/wp-content\/uploads\/2014\/01\/d4_4-Caique-Couto-Godoy-ok.jpg 1000w, https:\/\/gilfuentes.com.br\/novo\/wp-content\/uploads\/2014\/01\/d4_4-Caique-Couto-Godoy-ok-189x250.jpg 189w, https:\/\/gilfuentes.com.br\/novo\/wp-content\/uploads\/2014\/01\/d4_4-Caique-Couto-Godoy-ok-776x1024.jpg 776w\" sizes=\"auto, (max-width: 360px) 100vw, 360px\" \/><\/a><\/p>\n<p>&nbsp;<\/p>\n<p>&nbsp;<\/p>\n<p>Caique Couto Godoy faz parte dos jovens m\u00fasicos que buscam por dias melhores. Suas coloca\u00e7\u00f5es sobre as manifesta\u00e7\u00f5es foram bem aut\u00eanticas<\/p>\n<p>&nbsp;<\/p>\n<p>&nbsp;<\/p>\n<p>&nbsp;<\/p>\n","protected":false},"excerpt":{"rendered":"<p>&nbsp; &nbsp; Quem n\u00e3o se lembra das manifesta\u00e7\u00f5es que levaram milhares de jovens \u00e0s ruas em meados de 2013? Muita [&hellip;]<\/p>\n","protected":false},"author":1,"featured_media":12464,"comment_status":"closed","ping_status":"closed","sticky":false,"template":"","format":"standard","meta":{"footnotes":""},"categories":[5,8],"tags":[],"class_list":["post-12458","post","type-post","status-publish","format-standard","has-post-thumbnail","hentry","category-coluna","category-noticias"],"_links":{"self":[{"href":"https:\/\/gilfuentes.com.br\/novo\/wp-json\/wp\/v2\/posts\/12458","targetHints":{"allow":["GET"]}}],"collection":[{"href":"https:\/\/gilfuentes.com.br\/novo\/wp-json\/wp\/v2\/posts"}],"about":[{"href":"https:\/\/gilfuentes.com.br\/novo\/wp-json\/wp\/v2\/types\/post"}],"author":[{"embeddable":true,"href":"https:\/\/gilfuentes.com.br\/novo\/wp-json\/wp\/v2\/users\/1"}],"replies":[{"embeddable":true,"href":"https:\/\/gilfuentes.com.br\/novo\/wp-json\/wp\/v2\/comments?post=12458"}],"version-history":[{"count":2,"href":"https:\/\/gilfuentes.com.br\/novo\/wp-json\/wp\/v2\/posts\/12458\/revisions"}],"predecessor-version":[{"id":12465,"href":"https:\/\/gilfuentes.com.br\/novo\/wp-json\/wp\/v2\/posts\/12458\/revisions\/12465"}],"wp:featuredmedia":[{"embeddable":true,"href":"https:\/\/gilfuentes.com.br\/novo\/wp-json\/wp\/v2\/media\/12464"}],"wp:attachment":[{"href":"https:\/\/gilfuentes.com.br\/novo\/wp-json\/wp\/v2\/media?parent=12458"}],"wp:term":[{"taxonomy":"category","embeddable":true,"href":"https:\/\/gilfuentes.com.br\/novo\/wp-json\/wp\/v2\/categories?post=12458"},{"taxonomy":"post_tag","embeddable":true,"href":"https:\/\/gilfuentes.com.br\/novo\/wp-json\/wp\/v2\/tags?post=12458"}],"curies":[{"name":"wp","href":"https:\/\/api.w.org\/{rel}","templated":true}]}}