{"id":12502,"date":"2014-02-04T19:37:45","date_gmt":"2014-02-04T19:37:45","guid":{"rendered":"https:\/\/gilfuentes.com.br\/novo\/?p=12502"},"modified":"2014-02-04T19:37:45","modified_gmt":"2014-02-04T19:37:45","slug":"oscar-vai-homenagear-os-75-anos-de-o-magico-de-oz","status":"publish","type":"post","link":"https:\/\/gilfuentes.com.br\/novo\/oscar-vai-homenagear-os-75-anos-de-o-magico-de-oz","title":{"rendered":"Oscar vai homenagear os 75 anos de &#8216;O m\u00e1gico de Oz&#8217;"},"content":{"rendered":"<p>Os produtores Craig Zadan e Neil Meron anunciaram nesta ter\u00e7a-feira (28), em comunicado, que a festa do Oscar contar\u00e1 com uma homenagem aos 75 anos de &#8220;O m\u00e1gico de Oz&#8221;.\u00a0Em 1939, o filme recebeu seis indica\u00e7\u00f5es, incluindo a de melhor filme. No entanto, levou apenas melhor trilha sonora e melhor can\u00e7\u00e3o.\u00a0\u201cEstamos muito felizes em comemorar o anivers\u00e1rio de um dos filmes mais amados de todos os tempos no Oscar deste ano\u201d, declararam os produtores.\u00a0A cerim\u00f4nia, que ser\u00e1 televisionada para mais de 225 pa\u00edses, acontece no dia 2 de mar\u00e7o, no Dolby Theatre, em Hollywood.<\/p>\n","protected":false},"excerpt":{"rendered":"<p>Os produtores Craig Zadan e Neil Meron anunciaram nesta ter\u00e7a-feira (28), em comunicado, que a festa do Oscar contar\u00e1 com [&hellip;]<\/p>\n","protected":false},"author":1,"featured_media":12503,"comment_status":"closed","ping_status":"closed","sticky":false,"template":"","format":"standard","meta":{"footnotes":""},"categories":[5,8],"tags":[],"class_list":["post-12502","post","type-post","status-publish","format-standard","has-post-thumbnail","hentry","category-coluna","category-noticias"],"_links":{"self":[{"href":"https:\/\/gilfuentes.com.br\/novo\/wp-json\/wp\/v2\/posts\/12502","targetHints":{"allow":["GET"]}}],"collection":[{"href":"https:\/\/gilfuentes.com.br\/novo\/wp-json\/wp\/v2\/posts"}],"about":[{"href":"https:\/\/gilfuentes.com.br\/novo\/wp-json\/wp\/v2\/types\/post"}],"author":[{"embeddable":true,"href":"https:\/\/gilfuentes.com.br\/novo\/wp-json\/wp\/v2\/users\/1"}],"replies":[{"embeddable":true,"href":"https:\/\/gilfuentes.com.br\/novo\/wp-json\/wp\/v2\/comments?post=12502"}],"version-history":[{"count":1,"href":"https:\/\/gilfuentes.com.br\/novo\/wp-json\/wp\/v2\/posts\/12502\/revisions"}],"predecessor-version":[{"id":12504,"href":"https:\/\/gilfuentes.com.br\/novo\/wp-json\/wp\/v2\/posts\/12502\/revisions\/12504"}],"wp:featuredmedia":[{"embeddable":true,"href":"https:\/\/gilfuentes.com.br\/novo\/wp-json\/wp\/v2\/media\/12503"}],"wp:attachment":[{"href":"https:\/\/gilfuentes.com.br\/novo\/wp-json\/wp\/v2\/media?parent=12502"}],"wp:term":[{"taxonomy":"category","embeddable":true,"href":"https:\/\/gilfuentes.com.br\/novo\/wp-json\/wp\/v2\/categories?post=12502"},{"taxonomy":"post_tag","embeddable":true,"href":"https:\/\/gilfuentes.com.br\/novo\/wp-json\/wp\/v2\/tags?post=12502"}],"curies":[{"name":"wp","href":"https:\/\/api.w.org\/{rel}","templated":true}]}}