{"id":12540,"date":"2014-02-05T09:33:38","date_gmt":"2014-02-05T09:33:38","guid":{"rendered":"https:\/\/gilfuentes.com.br\/novo\/?p=12540"},"modified":"2014-02-05T00:38:56","modified_gmt":"2014-02-05T00:38:56","slug":"corte-paulistana-no-terra-da-garoa","status":"publish","type":"post","link":"https:\/\/gilfuentes.com.br\/novo\/corte-paulistana-no-terra-da-garoa","title":{"rendered":"Corte paulistana no Terra da Garoa"},"content":{"rendered":"<p>Terra da Garoa \u00e9 o centro de entretenimento que faltava na capital paulista. O espa\u00e7o re\u00fane o glamour do centro hist\u00f3rico da cidade, gastronomia impec\u00e1vel e espet\u00e1culo musical de alt\u00edssima qualidade, em n\u00edvel internacional. Um espa\u00e7o diferenciado, onde a excel\u00eancia \u00e9 o toque mais alto. No dia 19 a Terra da Garoa homenageia a corte do Carnaval de S\u00e3o Paulo 2014 com o Musical Samba Sampa. Marco Ant\u00f4nio Rodrigues de Sales, Rei Momo; a rainha Cl\u00e1udia Helena Higino de Azevedo; a 1\u00aa Princesa, Mayara Santos e a 2\u00aa Princesa, Michelle Tobias receber\u00e3o das m\u00e3os de Thobias da Vai Vai, uma das maiores personalidades do carnaval paulistano, o Trof\u00e9u Terra da Garoa. Patr\u00edcia Cruz, rainha do Samba 2014 da UESP (Uni\u00e3o das Escolas de Samba Paulistanas) e bailarina do musical Samba Sampa, tamb\u00e9m ser\u00e1 homenageada. Ao lado o momento em que Michele Tobias desfilou no Miss Beleza Negra realizado em Suzano em novembro de 2012. Ela ficou com o t\u00edtulo de 1\u00aa Princesa.<\/p>\n<p>&nbsp;<\/p>\n<p>Foto: Divulga\u00e7\u00e3o<\/p>\n<p>&nbsp;<\/p>\n<p>&nbsp;<\/p>\n<p><a href=\"https:\/\/gilfuentes.com.br\/novo\/wp-content\/uploads\/2014\/02\/testa.jpg\"><img loading=\"lazy\" decoding=\"async\" class=\"alignnone size-full wp-image-12543\" alt=\"testa\" src=\"https:\/\/gilfuentes.com.br\/novo\/wp-content\/uploads\/2014\/02\/testa.jpg\" width=\"336\" height=\"335\" srcset=\"https:\/\/gilfuentes.com.br\/novo\/wp-content\/uploads\/2014\/02\/testa.jpg 336w, https:\/\/gilfuentes.com.br\/novo\/wp-content\/uploads\/2014\/02\/testa-150x150.jpg 150w, https:\/\/gilfuentes.com.br\/novo\/wp-content\/uploads\/2014\/02\/testa-250x250.jpg 250w\" sizes=\"auto, (max-width: 336px) 100vw, 336px\" \/><\/a><\/p>\n<p>&nbsp;<\/p>\n<p>Michele Tobias ficou com t\u00edtulo de 2\u00aa Princesa. Em 2012 ela foi eleita 1\u00aa Princesa no concurso Miss Beleza Negra, realizado em Suzano.<\/p>\n<p>&nbsp;<\/p>\n<p>Foto: Eduardo Romano<\/p>\n<p>&nbsp;<\/p>\n<p>&nbsp;<\/p>\n","protected":false},"excerpt":{"rendered":"<p>Terra da Garoa \u00e9 o centro de entretenimento que faltava na capital paulista. O espa\u00e7o re\u00fane o glamour do centro [&hellip;]<\/p>\n","protected":false},"author":1,"featured_media":12542,"comment_status":"closed","ping_status":"closed","sticky":false,"template":"","format":"standard","meta":{"footnotes":""},"categories":[5,8],"tags":[],"class_list":["post-12540","post","type-post","status-publish","format-standard","has-post-thumbnail","hentry","category-coluna","category-noticias"],"_links":{"self":[{"href":"https:\/\/gilfuentes.com.br\/novo\/wp-json\/wp\/v2\/posts\/12540","targetHints":{"allow":["GET"]}}],"collection":[{"href":"https:\/\/gilfuentes.com.br\/novo\/wp-json\/wp\/v2\/posts"}],"about":[{"href":"https:\/\/gilfuentes.com.br\/novo\/wp-json\/wp\/v2\/types\/post"}],"author":[{"embeddable":true,"href":"https:\/\/gilfuentes.com.br\/novo\/wp-json\/wp\/v2\/users\/1"}],"replies":[{"embeddable":true,"href":"https:\/\/gilfuentes.com.br\/novo\/wp-json\/wp\/v2\/comments?post=12540"}],"version-history":[{"count":3,"href":"https:\/\/gilfuentes.com.br\/novo\/wp-json\/wp\/v2\/posts\/12540\/revisions"}],"predecessor-version":[{"id":12545,"href":"https:\/\/gilfuentes.com.br\/novo\/wp-json\/wp\/v2\/posts\/12540\/revisions\/12545"}],"wp:featuredmedia":[{"embeddable":true,"href":"https:\/\/gilfuentes.com.br\/novo\/wp-json\/wp\/v2\/media\/12542"}],"wp:attachment":[{"href":"https:\/\/gilfuentes.com.br\/novo\/wp-json\/wp\/v2\/media?parent=12540"}],"wp:term":[{"taxonomy":"category","embeddable":true,"href":"https:\/\/gilfuentes.com.br\/novo\/wp-json\/wp\/v2\/categories?post=12540"},{"taxonomy":"post_tag","embeddable":true,"href":"https:\/\/gilfuentes.com.br\/novo\/wp-json\/wp\/v2\/tags?post=12540"}],"curies":[{"name":"wp","href":"https:\/\/api.w.org\/{rel}","templated":true}]}}