{"id":12587,"date":"2014-02-06T19:10:32","date_gmt":"2014-02-06T19:10:32","guid":{"rendered":"https:\/\/gilfuentes.com.br\/novo\/?p=12587"},"modified":"2014-02-06T19:10:32","modified_gmt":"2014-02-06T19:10:32","slug":"couture-por-bruno-astuto-no-villagemall","status":"publish","type":"post","link":"https:\/\/gilfuentes.com.br\/novo\/couture-por-bruno-astuto-no-villagemall","title":{"rendered":"&#8220;Couture&#8221; por Bruno Astuto no VillageMall"},"content":{"rendered":"<p>Na \u00faltima ter\u00e7a-feira, dia 4, Bruno Astuto recebeu um grupo animado no\u00a0VillageMall para falar sobre o tema &#8220;Couture&#8221;, sobre moda, linhas exclusivas\u00a0 e alta costura. M\u00e1rcia Ver\u00edssimo recebeu as convidadas, que foram almo\u00e7ar no Pobre Juan ap\u00f3s a palestra.<\/p>\n<p>&nbsp;<\/p>\n<p>Fotos: Vera Donato<\/p>\n<p>&nbsp;<\/p>\n<p>&nbsp;<\/p>\n\n\t\t<style type=\"text\/css\">\n\t\t\t#gallery-1 {\n\t\t\t\tmargin: auto;\n\t\t\t}\n\t\t\t#gallery-1 .gallery-item {\n\t\t\t\tfloat: left;\n\t\t\t\tmargin-top: 10px;\n\t\t\t\ttext-align: center;\n\t\t\t\twidth: 33%;\n\t\t\t}\n\t\t\t#gallery-1 img {\n\t\t\t\tborder: 2px solid #cfcfcf;\n\t\t\t}\n\t\t\t#gallery-1 .gallery-caption {\n\t\t\t\tmargin-left: 0;\n\t\t\t}\n\t\t\t\/* see gallery_shortcode() in wp-includes\/media.php *\/\n\t\t<\/style>\n\t\t<div id='gallery-1' class='gallery galleryid-12587 gallery-columns-3 gallery-size-thumbnail'><dl class='gallery-item'>\n\t\t\t<dt class='gallery-icon landscape'>\n\t\t\t\t<a href='https:\/\/gilfuentes.com.br\/novo\/couture-por-bruno-astuto-no-villagemall\/img_3250-xenia-von-lehsten-goes-anna-christina-willemsens-gabriela-itagiba-e-meidy-busra'><img loading=\"lazy\" decoding=\"async\" width=\"150\" height=\"150\" src=\"https:\/\/gilfuentes.com.br\/novo\/wp-content\/uploads\/2014\/02\/IMG_3250-Xenia-Von-Lehsten-Goes-Anna-Christina-Willemsens-Gabriela-Itagiba-e-Meidy-Busra-150x150.jpg\" class=\"attachment-thumbnail size-thumbnail\" alt=\"\" aria-describedby=\"gallery-1-12609\" \/><\/a>\n\t\t\t<\/dt>\n\t\t\t\t<dd class='wp-caption-text gallery-caption' id='gallery-1-12609'>\n\t\t\t\tXenia Von Lehsten Goes, Anna Christina Willemsens,  Gabriela Itagiba e Meidy Busra\n\t\t\t\t<\/dd><\/dl><dl class='gallery-item'>\n\t\t\t<dt class='gallery-icon landscape'>\n\t\t\t\t<a href='https:\/\/gilfuentes.com.br\/novo\/couture-por-bruno-astuto-no-villagemall\/img_3216-suzana-galdeano-entre-irma-erika-e-bianca-gibbon'><img loading=\"lazy\" decoding=\"async\" width=\"150\" height=\"150\" src=\"https:\/\/gilfuentes.com.br\/novo\/wp-content\/uploads\/2014\/02\/IMG_3216-Suzana-Galdeano-entre-Irma-Erika-e-Bianca-Gibbon-150x150.jpg\" class=\"attachment-thumbnail size-thumbnail\" alt=\"\" aria-describedby=\"gallery-1-12608\" \/><\/a>\n\t\t\t<\/dt>\n\t\t\t\t<dd class='wp-caption-text gallery-caption' id='gallery-1-12608'>\n\t\t\t\tSuzana Galdeano entre Irma Erika e Bianca Gibbon\n\t\t\t\t<\/dd><\/dl><dl class='gallery-item'>\n\t\t\t<dt class='gallery-icon portrait'>\n\t\t\t\t<a href='https:\/\/gilfuentes.com.br\/novo\/couture-por-bruno-astuto-no-villagemall\/img_3211-pinha-de-mello-franco'><img loading=\"lazy\" decoding=\"async\" width=\"150\" height=\"150\" src=\"https:\/\/gilfuentes.com.br\/novo\/wp-content\/uploads\/2014\/02\/IMG_3211-Pinha-de-Mello-Franco-150x150.jpg\" class=\"attachment-thumbnail size-thumbnail\" alt=\"\" aria-describedby=\"gallery-1-12607\" \/><\/a>\n\t\t\t<\/dt>\n\t\t\t\t<dd class='wp-caption-text gallery-caption' id='gallery-1-12607'>\n\t\t\t\t-Pinha de Mello Franco\n\t\t\t\t<\/dd><\/dl><br style=\"clear: both\" \/><dl class='gallery-item'>\n\t\t\t<dt class='gallery-icon landscape'>\n\t\t\t\t<a href='https:\/\/gilfuentes.com.br\/novo\/couture-por-bruno-astuto-no-villagemall\/img_3182-rachel_gusmao_e_rachel_rezende'><img loading=\"lazy\" decoding=\"async\" width=\"150\" height=\"150\" src=\"https:\/\/gilfuentes.com.br\/novo\/wp-content\/uploads\/2014\/02\/IMG_3182-Rachel_Gusm\u00e3o_e_Rachel_Rezende-150x150.jpg\" class=\"attachment-thumbnail size-thumbnail\" alt=\"\" aria-describedby=\"gallery-1-12606\" \/><\/a>\n\t\t\t<\/dt>\n\t\t\t\t<dd class='wp-caption-text gallery-caption' id='gallery-1-12606'>\n\t\t\t\tRachel Gusma\u0303o e Rachel Rezende\n\t\t\t\t<\/dd><\/dl><dl class='gallery-item'>\n\t\t\t<dt class='gallery-icon landscape'>\n\t\t\t\t<a href='https:\/\/gilfuentes.com.br\/novo\/couture-por-bruno-astuto-no-villagemall\/img_3146-gabriela-itagiba-e-eliana-moura'><img loading=\"lazy\" decoding=\"async\" width=\"150\" height=\"150\" src=\"https:\/\/gilfuentes.com.br\/novo\/wp-content\/uploads\/2014\/02\/IMG_3146-Gabriela-Itagiba-e-Eliana-Moura-150x150.jpg\" class=\"attachment-thumbnail size-thumbnail\" alt=\"\" aria-describedby=\"gallery-1-12605\" \/><\/a>\n\t\t\t<\/dt>\n\t\t\t\t<dd class='wp-caption-text gallery-caption' id='gallery-1-12605'>\n\t\t\t\tGabriela Itagiba e Eliana Moura\n\t\t\t\t<\/dd><\/dl><dl class='gallery-item'>\n\t\t\t<dt class='gallery-icon landscape'>\n\t\t\t\t<a href='https:\/\/gilfuentes.com.br\/novo\/couture-por-bruno-astuto-no-villagemall\/img_3095-bruno-astuto-e-marcia-verissimo'><img loading=\"lazy\" decoding=\"async\" width=\"150\" height=\"150\" src=\"https:\/\/gilfuentes.com.br\/novo\/wp-content\/uploads\/2014\/02\/IMG_3095-Bruno-Astuto-e-Marcia-Verissimo-150x150.jpg\" class=\"attachment-thumbnail size-thumbnail\" alt=\"\" aria-describedby=\"gallery-1-12600\" \/><\/a>\n\t\t\t<\/dt>\n\t\t\t\t<dd class='wp-caption-text gallery-caption' id='gallery-1-12600'>\n\t\t\t\tBruno Astuto e Marcia Verissimo\n\t\t\t\t<\/dd><\/dl><br style=\"clear: both\" \/><dl class='gallery-item'>\n\t\t\t<dt class='gallery-icon portrait'>\n\t\t\t\t<a href='https:\/\/gilfuentes.com.br\/novo\/couture-por-bruno-astuto-no-villagemall\/img_3102-bia-velloso'><img loading=\"lazy\" decoding=\"async\" width=\"150\" height=\"150\" src=\"https:\/\/gilfuentes.com.br\/novo\/wp-content\/uploads\/2014\/02\/IMG_3102-Bia-Velloso-150x150.jpg\" class=\"attachment-thumbnail size-thumbnail\" alt=\"\" aria-describedby=\"gallery-1-12601\" \/><\/a>\n\t\t\t<\/dt>\n\t\t\t\t<dd class='wp-caption-text gallery-caption' id='gallery-1-12601'>\n\t\t\t\tBia Velloso\n\t\t\t\t<\/dd><\/dl><dl class='gallery-item'>\n\t\t\t<dt class='gallery-icon landscape'>\n\t\t\t\t<a href='https:\/\/gilfuentes.com.br\/novo\/couture-por-bruno-astuto-no-villagemall\/img_3107-bruno-astuto-e-gabriel-palumbo'><img loading=\"lazy\" decoding=\"async\" width=\"150\" height=\"150\" src=\"https:\/\/gilfuentes.com.br\/novo\/wp-content\/uploads\/2014\/02\/IMG_3107-Bruno-Astuto-e-Gabriel-Palumbo-150x150.jpg\" class=\"attachment-thumbnail size-thumbnail\" alt=\"\" aria-describedby=\"gallery-1-12602\" \/><\/a>\n\t\t\t<\/dt>\n\t\t\t\t<dd class='wp-caption-text gallery-caption' id='gallery-1-12602'>\n\t\t\t\tGabriel Palumbo e Bruno Astuto\n\t\t\t\t<\/dd><\/dl><dl class='gallery-item'>\n\t\t\t<dt class='gallery-icon landscape'>\n\t\t\t\t<a href='https:\/\/gilfuentes.com.br\/novo\/couture-por-bruno-astuto-no-villagemall\/img_3119-larissa-duartemarcia-verissimo-e-dandinha-barbosa'><img loading=\"lazy\" decoding=\"async\" width=\"150\" height=\"150\" src=\"https:\/\/gilfuentes.com.br\/novo\/wp-content\/uploads\/2014\/02\/IMG_3119-Larissa-DuarteMarcia-Verissimo-e-Dandinha-Barbosa-150x150.jpg\" class=\"attachment-thumbnail size-thumbnail\" alt=\"\" aria-describedby=\"gallery-1-12603\" \/><\/a>\n\t\t\t<\/dt>\n\t\t\t\t<dd class='wp-caption-text gallery-caption' id='gallery-1-12603'>\n\t\t\t\tLarissa Duarte,Marcia Verissimo e Dandinha Barbosa\n\t\t\t\t<\/dd><\/dl><br style=\"clear: both\" \/><dl class='gallery-item'>\n\t\t\t<dt class='gallery-icon portrait'>\n\t\t\t\t<a href='https:\/\/gilfuentes.com.br\/novo\/couture-por-bruno-astuto-no-villagemall\/img_3128-bruno-astuto-e-ana-ramalho'><img loading=\"lazy\" decoding=\"async\" width=\"150\" height=\"150\" src=\"https:\/\/gilfuentes.com.br\/novo\/wp-content\/uploads\/2014\/02\/IMG_3128-Bruno-Astuto-e-Ana-Ramalho-150x150.jpg\" class=\"attachment-thumbnail size-thumbnail\" alt=\"\" aria-describedby=\"gallery-1-12604\" \/><\/a>\n\t\t\t<\/dt>\n\t\t\t\t<dd class='wp-caption-text gallery-caption' id='gallery-1-12604'>\n\t\t\t\tBruno Astuto e Ana Ramalho\n\t\t\t\t<\/dd><\/dl><dl class='gallery-item'>\n\t\t\t<dt class='gallery-icon portrait'>\n\t\t\t\t<a href='https:\/\/gilfuentes.com.br\/novo\/couture-por-bruno-astuto-no-villagemall\/img_3049-esther_e_lea_nigri'><img loading=\"lazy\" decoding=\"async\" width=\"150\" height=\"150\" src=\"https:\/\/gilfuentes.com.br\/novo\/wp-content\/uploads\/2014\/02\/IMG_3049-Esther_e_L\u00e9a_Nigri-150x150.jpg\" class=\"attachment-thumbnail size-thumbnail\" alt=\"\" aria-describedby=\"gallery-1-12599\" \/><\/a>\n\t\t\t<\/dt>\n\t\t\t\t<dd class='wp-caption-text gallery-caption' id='gallery-1-12599'>\n\t\t\t\tEsther e Le\u0301a Nigri\n\t\t\t\t<\/dd><\/dl><dl class='gallery-item'>\n\t\t\t<dt class='gallery-icon portrait'>\n\t\t\t\t<a href='https:\/\/gilfuentes.com.br\/novo\/couture-por-bruno-astuto-no-villagemall\/img_3044-nayla-carvalho'><img loading=\"lazy\" decoding=\"async\" width=\"150\" height=\"150\" src=\"https:\/\/gilfuentes.com.br\/novo\/wp-content\/uploads\/2014\/02\/IMG_3044-Nayla-Carvalho-150x150.jpg\" class=\"attachment-thumbnail size-thumbnail\" alt=\"\" aria-describedby=\"gallery-1-12598\" \/><\/a>\n\t\t\t<\/dt>\n\t\t\t\t<dd class='wp-caption-text gallery-caption' id='gallery-1-12598'>\n\t\t\t\tNayla Carvalho\n\t\t\t\t<\/dd><\/dl><br style=\"clear: both\" \/><dl class='gallery-item'>\n\t\t\t<dt class='gallery-icon landscape'>\n\t\t\t\t<a href='https:\/\/gilfuentes.com.br\/novo\/couture-por-bruno-astuto-no-villagemall\/img_3006-bruno-astuto'><img loading=\"lazy\" decoding=\"async\" width=\"150\" height=\"150\" src=\"https:\/\/gilfuentes.com.br\/novo\/wp-content\/uploads\/2014\/02\/IMG_3006-Bruno-Astuto-150x150.jpg\" class=\"attachment-thumbnail size-thumbnail\" alt=\"\" aria-describedby=\"gallery-1-12597\" \/><\/a>\n\t\t\t<\/dt>\n\t\t\t\t<dd class='wp-caption-text gallery-caption' id='gallery-1-12597'>\n\t\t\t\tBruno Astuto\n\t\t\t\t<\/dd><\/dl><dl class='gallery-item'>\n\t\t\t<dt class='gallery-icon portrait'>\n\t\t\t\t<a href='https:\/\/gilfuentes.com.br\/novo\/couture-por-bruno-astuto-no-villagemall\/img_3001-bianca-gibbon'><img loading=\"lazy\" decoding=\"async\" width=\"150\" height=\"150\" src=\"https:\/\/gilfuentes.com.br\/novo\/wp-content\/uploads\/2014\/02\/IMG_3001-Bianca-Gibbon-150x150.jpg\" class=\"attachment-thumbnail size-thumbnail\" alt=\"\" aria-describedby=\"gallery-1-12596\" \/><\/a>\n\t\t\t<\/dt>\n\t\t\t\t<dd class='wp-caption-text gallery-caption' id='gallery-1-12596'>\n\t\t\t\tBianca Gibbon\n\t\t\t\t<\/dd><\/dl><dl class='gallery-item'>\n\t\t\t<dt class='gallery-icon landscape'>\n\t\t\t\t<a href='https:\/\/gilfuentes.com.br\/novo\/couture-por-bruno-astuto-no-villagemall\/img_2954-maria_jose_prior_e_tania_pereira'><img loading=\"lazy\" decoding=\"async\" width=\"150\" height=\"150\" src=\"https:\/\/gilfuentes.com.br\/novo\/wp-content\/uploads\/2014\/02\/IMG_2954-Maria_Jose_Prior_e_T\u00e2nia_Pereira-150x150.jpg\" class=\"attachment-thumbnail size-thumbnail\" alt=\"\" aria-describedby=\"gallery-1-12595\" \/><\/a>\n\t\t\t<\/dt>\n\t\t\t\t<dd class='wp-caption-text gallery-caption' id='gallery-1-12595'>\n\t\t\t\tMaria Jose Prior e Ta\u0302nia Pereira\n\t\t\t\t<\/dd><\/dl><br style=\"clear: both\" \/><dl class='gallery-item'>\n\t\t\t<dt class='gallery-icon portrait'>\n\t\t\t\t<a href='https:\/\/gilfuentes.com.br\/novo\/couture-por-bruno-astuto-no-villagemall\/img_2904-irma-erika-e-suzana-galdeano'><img loading=\"lazy\" decoding=\"async\" width=\"150\" height=\"150\" src=\"https:\/\/gilfuentes.com.br\/novo\/wp-content\/uploads\/2014\/02\/IMG_2904-Irma-Erika-e-Suzana-Galdeano-150x150.jpg\" class=\"attachment-thumbnail size-thumbnail\" alt=\"\" aria-describedby=\"gallery-1-12590\" \/><\/a>\n\t\t\t<\/dt>\n\t\t\t\t<dd class='wp-caption-text gallery-caption' id='gallery-1-12590'>\n\t\t\t\tIrma Erika e Suzana Galdeano\n\t\t\t\t<\/dd><\/dl><dl class='gallery-item'>\n\t\t\t<dt class='gallery-icon portrait'>\n\t\t\t\t<a href='https:\/\/gilfuentes.com.br\/novo\/couture-por-bruno-astuto-no-villagemall\/img_2907-tania-pereira'><img loading=\"lazy\" decoding=\"async\" width=\"150\" height=\"150\" src=\"https:\/\/gilfuentes.com.br\/novo\/wp-content\/uploads\/2014\/02\/IMG_2907-Tania-Pereira-150x150.jpg\" class=\"attachment-thumbnail size-thumbnail\" alt=\"\" aria-describedby=\"gallery-1-12591\" \/><\/a>\n\t\t\t<\/dt>\n\t\t\t\t<dd class='wp-caption-text gallery-caption' id='gallery-1-12591'>\n\t\t\t\tTania Pereira\n\t\t\t\t<\/dd><\/dl><dl class='gallery-item'>\n\t\t\t<dt class='gallery-icon landscape'>\n\t\t\t\t<a href='https:\/\/gilfuentes.com.br\/novo\/couture-por-bruno-astuto-no-villagemall\/img_2914-carla-penna-e-leila-alburquerque'><img loading=\"lazy\" decoding=\"async\" width=\"150\" height=\"150\" src=\"https:\/\/gilfuentes.com.br\/novo\/wp-content\/uploads\/2014\/02\/IMG_2914-Carla-Penna-e-Leila-Alburquerque-150x150.jpg\" class=\"attachment-thumbnail size-thumbnail\" alt=\"\" aria-describedby=\"gallery-1-12592\" \/><\/a>\n\t\t\t<\/dt>\n\t\t\t\t<dd class='wp-caption-text gallery-caption' id='gallery-1-12592'>\n\t\t\t\tCarla Penna e Leila Alburquerque\n\t\t\t\t<\/dd><\/dl><br style=\"clear: both\" \/><dl class='gallery-item'>\n\t\t\t<dt class='gallery-icon landscape'>\n\t\t\t\t<a href='https:\/\/gilfuentes.com.br\/novo\/couture-por-bruno-astuto-no-villagemall\/img_2920-sumaya-neves-e-carmen-emilia-xavier'><img loading=\"lazy\" decoding=\"async\" width=\"150\" height=\"150\" src=\"https:\/\/gilfuentes.com.br\/novo\/wp-content\/uploads\/2014\/02\/IMG_2920-Sumaya-Neves-e-Carmen-Emilia-Xavier-150x150.jpg\" class=\"attachment-thumbnail size-thumbnail\" alt=\"\" aria-describedby=\"gallery-1-12593\" \/><\/a>\n\t\t\t<\/dt>\n\t\t\t\t<dd class='wp-caption-text gallery-caption' id='gallery-1-12593'>\n\t\t\t\tSumaya Neves e Carmen Emilia Xavier\n\t\t\t\t<\/dd><\/dl><dl class='gallery-item'>\n\t\t\t<dt class='gallery-icon landscape'>\n\t\t\t\t<a href='https:\/\/gilfuentes.com.br\/novo\/couture-por-bruno-astuto-no-villagemall\/img_2936-patricia-ormiga'><img loading=\"lazy\" decoding=\"async\" width=\"150\" height=\"150\" src=\"https:\/\/gilfuentes.com.br\/novo\/wp-content\/uploads\/2014\/02\/IMG_2936-Patricia-Ormiga-150x150.jpg\" class=\"attachment-thumbnail size-thumbnail\" alt=\"\" aria-describedby=\"gallery-1-12594\" \/><\/a>\n\t\t\t<\/dt>\n\t\t\t\t<dd class='wp-caption-text gallery-caption' id='gallery-1-12594'>\n\t\t\t\tPatricia Ormiga e Marcia Ver\u00edssimo\n\t\t\t\t<\/dd><\/dl><dl class='gallery-item'>\n\t\t\t<dt class='gallery-icon landscape'>\n\t\t\t\t<a href='https:\/\/gilfuentes.com.br\/novo\/couture-por-bruno-astuto-no-villagemall\/img_2900-cristina-bastosmonica-sales-patricia-ormigaana-carla-safadi'><img loading=\"lazy\" decoding=\"async\" width=\"150\" height=\"150\" src=\"https:\/\/gilfuentes.com.br\/novo\/wp-content\/uploads\/2014\/02\/IMG_2900-Cristina-BastosMonica-Sales-Patricia-OrmigaAna-Carla-Safadi-150x150.jpg\" class=\"attachment-thumbnail size-thumbnail\" alt=\"\" aria-describedby=\"gallery-1-12589\" \/><\/a>\n\t\t\t<\/dt>\n\t\t\t\t<dd class='wp-caption-text gallery-caption' id='gallery-1-12589'>\n\t\t\t\tCristina Bastos,Monica Sales, Patricia Ormiga,Ana Carla Safadi\n\t\t\t\t<\/dd><\/dl><br style=\"clear: both\" \/><dl class='gallery-item'>\n\t\t\t<dt class='gallery-icon landscape'>\n\t\t\t\t<a href='https:\/\/gilfuentes.com.br\/novo\/couture-por-bruno-astuto-no-villagemall\/img_2898-larissa-duarte-e-dandinha-barbosa'><img loading=\"lazy\" decoding=\"async\" width=\"150\" height=\"150\" src=\"https:\/\/gilfuentes.com.br\/novo\/wp-content\/uploads\/2014\/02\/IMG_2898-Larissa-Duarte-e-Dandinha-Barbosa-150x150.jpg\" class=\"attachment-thumbnail size-thumbnail\" alt=\"\" aria-describedby=\"gallery-1-12588\" \/><\/a>\n\t\t\t<\/dt>\n\t\t\t\t<dd class='wp-caption-text gallery-caption' id='gallery-1-12588'>\n\t\t\t\tLarissa Duarte e Dandinha Barbosa\n\t\t\t\t<\/dd><\/dl>\n\t\t\t<br style='clear: both' \/>\n\t\t<\/div>\n\n<p>&nbsp;<\/p>\n<p>&nbsp;<\/p>\n","protected":false},"excerpt":{"rendered":"<p>Na \u00faltima ter\u00e7a-feira, dia 4, Bruno Astuto recebeu um grupo animado no\u00a0VillageMall para falar sobre o tema &#8220;Couture&#8221;, sobre moda, [&hellip;]<\/p>\n","protected":false},"author":1,"featured_media":12600,"comment_status":"closed","ping_status":"closed","sticky":false,"template":"","format":"standard","meta":{"footnotes":""},"categories":[5,8],"tags":[],"class_list":["post-12587","post","type-post","status-publish","format-standard","has-post-thumbnail","hentry","category-coluna","category-noticias"],"_links":{"self":[{"href":"https:\/\/gilfuentes.com.br\/novo\/wp-json\/wp\/v2\/posts\/12587","targetHints":{"allow":["GET"]}}],"collection":[{"href":"https:\/\/gilfuentes.com.br\/novo\/wp-json\/wp\/v2\/posts"}],"about":[{"href":"https:\/\/gilfuentes.com.br\/novo\/wp-json\/wp\/v2\/types\/post"}],"author":[{"embeddable":true,"href":"https:\/\/gilfuentes.com.br\/novo\/wp-json\/wp\/v2\/users\/1"}],"replies":[{"embeddable":true,"href":"https:\/\/gilfuentes.com.br\/novo\/wp-json\/wp\/v2\/comments?post=12587"}],"version-history":[{"count":1,"href":"https:\/\/gilfuentes.com.br\/novo\/wp-json\/wp\/v2\/posts\/12587\/revisions"}],"predecessor-version":[{"id":12611,"href":"https:\/\/gilfuentes.com.br\/novo\/wp-json\/wp\/v2\/posts\/12587\/revisions\/12611"}],"wp:featuredmedia":[{"embeddable":true,"href":"https:\/\/gilfuentes.com.br\/novo\/wp-json\/wp\/v2\/media\/12600"}],"wp:attachment":[{"href":"https:\/\/gilfuentes.com.br\/novo\/wp-json\/wp\/v2\/media?parent=12587"}],"wp:term":[{"taxonomy":"category","embeddable":true,"href":"https:\/\/gilfuentes.com.br\/novo\/wp-json\/wp\/v2\/categories?post=12587"},{"taxonomy":"post_tag","embeddable":true,"href":"https:\/\/gilfuentes.com.br\/novo\/wp-json\/wp\/v2\/tags?post=12587"}],"curies":[{"name":"wp","href":"https:\/\/api.w.org\/{rel}","templated":true}]}}