{"id":12730,"date":"2014-02-13T10:50:23","date_gmt":"2014-02-13T10:50:23","guid":{"rendered":"https:\/\/gilfuentes.com.br\/novo\/?p=12730"},"modified":"2014-02-13T10:51:46","modified_gmt":"2014-02-13T10:51:46","slug":"debate-moda-na-fasm","status":"publish","type":"post","link":"https:\/\/gilfuentes.com.br\/novo\/debate-moda-na-fasm","title":{"rendered":"Debate Moda na FASM"},"content":{"rendered":"<p>Jo\u00e3o Braga fala sobre \u201cModa como profiss\u00e3o\u201d na FASM nesta quinta (13)<\/p>\n<p>&nbsp;<\/p>\n<p><a href=\"https:\/\/gilfuentes.com.br\/novo\/wp-content\/uploads\/2014\/02\/Jo\u00e3o-Braga1.jpg\"><img loading=\"lazy\" decoding=\"async\" class=\"alignnone  wp-image-12734\" alt=\"Jo\u00e3o Braga1\" src=\"https:\/\/gilfuentes.com.br\/novo\/wp-content\/uploads\/2014\/02\/Jo\u00e3o-Braga1.jpg\" width=\"270\" height=\"211\" srcset=\"https:\/\/gilfuentes.com.br\/novo\/wp-content\/uploads\/2014\/02\/Jo\u00e3o-Braga1.jpg 450w, https:\/\/gilfuentes.com.br\/novo\/wp-content\/uploads\/2014\/02\/Jo\u00e3o-Braga1-319x250.jpg 319w\" sizes=\"auto, (max-width: 270px) 100vw, 270px\" \/><\/a><\/p>\n<p>&nbsp;<\/p>\n<p>Jo\u00e3o Braga participa hoje (13), \u00e0s 9h20, do \u201cDebate Moda: Tend\u00eancias e Personalidades\u201d, na FASM, onde falar\u00e1 sobre o tema \u201cModa como profiss\u00e3o\u201d. A institui\u00e7\u00e3o, pioneira no ensino de moda no Brasil, acaba de criar o espa\u00e7o de discuss\u00e3o que objetiva ampliar a reflex\u00e3o sobre os aspectos social e cultural desse nicho de mercado, tend\u00eancias e carreira.<\/p>\n<p>&nbsp;<\/p>\n<p><a href=\"https:\/\/gilfuentes.com.br\/novo\/wp-content\/uploads\/2014\/02\/Fause-Haten.jpg\"><img loading=\"lazy\" decoding=\"async\" class=\"alignnone size-full wp-image-12732\" alt=\"Fause Haten\" src=\"https:\/\/gilfuentes.com.br\/novo\/wp-content\/uploads\/2014\/02\/Fause-Haten.jpg\" width=\"281\" height=\"179\" \/><\/a><\/p>\n<p>&nbsp;<\/p>\n<p>Amanh\u00e3 (14), \u00e0s 10 horas, ser\u00e1 a vez de Fause Haten comandar um bate-papo com os alunos sobre sua trajet\u00f3ria profissional.<\/p>\n<p>&nbsp;<\/p>\n","protected":false},"excerpt":{"rendered":"<p>Jo\u00e3o Braga fala sobre \u201cModa como profiss\u00e3o\u201d na FASM nesta quinta (13) &nbsp; &nbsp; Jo\u00e3o Braga participa hoje (13), \u00e0s [&hellip;]<\/p>\n","protected":false},"author":1,"featured_media":12733,"comment_status":"closed","ping_status":"closed","sticky":false,"template":"","format":"standard","meta":{"footnotes":""},"categories":[5,8],"tags":[],"class_list":["post-12730","post","type-post","status-publish","format-standard","has-post-thumbnail","hentry","category-coluna","category-noticias"],"_links":{"self":[{"href":"https:\/\/gilfuentes.com.br\/novo\/wp-json\/wp\/v2\/posts\/12730","targetHints":{"allow":["GET"]}}],"collection":[{"href":"https:\/\/gilfuentes.com.br\/novo\/wp-json\/wp\/v2\/posts"}],"about":[{"href":"https:\/\/gilfuentes.com.br\/novo\/wp-json\/wp\/v2\/types\/post"}],"author":[{"embeddable":true,"href":"https:\/\/gilfuentes.com.br\/novo\/wp-json\/wp\/v2\/users\/1"}],"replies":[{"embeddable":true,"href":"https:\/\/gilfuentes.com.br\/novo\/wp-json\/wp\/v2\/comments?post=12730"}],"version-history":[{"count":3,"href":"https:\/\/gilfuentes.com.br\/novo\/wp-json\/wp\/v2\/posts\/12730\/revisions"}],"predecessor-version":[{"id":12737,"href":"https:\/\/gilfuentes.com.br\/novo\/wp-json\/wp\/v2\/posts\/12730\/revisions\/12737"}],"wp:featuredmedia":[{"embeddable":true,"href":"https:\/\/gilfuentes.com.br\/novo\/wp-json\/wp\/v2\/media\/12733"}],"wp:attachment":[{"href":"https:\/\/gilfuentes.com.br\/novo\/wp-json\/wp\/v2\/media?parent=12730"}],"wp:term":[{"taxonomy":"category","embeddable":true,"href":"https:\/\/gilfuentes.com.br\/novo\/wp-json\/wp\/v2\/categories?post=12730"},{"taxonomy":"post_tag","embeddable":true,"href":"https:\/\/gilfuentes.com.br\/novo\/wp-json\/wp\/v2\/tags?post=12730"}],"curies":[{"name":"wp","href":"https:\/\/api.w.org\/{rel}","templated":true}]}}