{"id":12759,"date":"2014-02-15T10:00:39","date_gmt":"2014-02-15T10:00:39","guid":{"rendered":"https:\/\/gilfuentes.com.br\/novo\/?p=12759"},"modified":"2014-02-14T18:58:00","modified_gmt":"2014-02-14T18:58:00","slug":"em-clima-de-baticum","status":"publish","type":"post","link":"https:\/\/gilfuentes.com.br\/novo\/em-clima-de-baticum","title":{"rendered":"Em clima de baticum!"},"content":{"rendered":"<p>O Carnaval \u00e9, sem d\u00favida, a maior festa popular do planeta. Tive o prazer de participar da comiss\u00e3o julgadora que elegeu a Corte Carnavalesca de Suzano no \u00faltimo domingo e hoje mostro mais flashes deste gostoso encontro. Na tofo:\u00a0a 1\u00aa Princesa ficou, Suelen Costa; o Rei Momo, Marcos Evaristo; Gil Fuentes; a Rainha do Carnaval, Sheila Silva; e a 2\u00aa Princesa, Paula Regina Santos.<\/p>\n<p>&nbsp;<\/p>\n<p>Fotos: Eduardo Romano<\/p>\n<p>&nbsp;<\/p>\n<p>&nbsp;<\/p>\n<p><a href=\"https:\/\/gilfuentes.com.br\/novo\/wp-content\/uploads\/2014\/02\/d4_2-2\u00aa-Princesa-2012-Andr\u00e9ia-do-Nascimento-Costa.jpg\"><img loading=\"lazy\" decoding=\"async\" class=\"alignnone  wp-image-12761\" alt=\"d4_2-2\u00aa Princesa 2012-Andr\u00e9ia do Nascimento Costa\" src=\"https:\/\/gilfuentes.com.br\/novo\/wp-content\/uploads\/2014\/02\/d4_2-2\u00aa-Princesa-2012-Andr\u00e9ia-do-Nascimento-Costa.jpg\" width=\"360\" height=\"640\" srcset=\"https:\/\/gilfuentes.com.br\/novo\/wp-content\/uploads\/2014\/02\/d4_2-2\u00aa-Princesa-2012-Andr\u00e9ia-do-Nascimento-Costa.jpg 1000w, https:\/\/gilfuentes.com.br\/novo\/wp-content\/uploads\/2014\/02\/d4_2-2\u00aa-Princesa-2012-Andr\u00e9ia-do-Nascimento-Costa-140x250.jpg 140w, https:\/\/gilfuentes.com.br\/novo\/wp-content\/uploads\/2014\/02\/d4_2-2\u00aa-Princesa-2012-Andr\u00e9ia-do-Nascimento-Costa-575x1024.jpg 575w\" sizes=\"auto, (max-width: 360px) 100vw, 360px\" \/><\/a><\/p>\n<p>A 2\u00aa Princesa do Carnaval 2012, Andr\u00e9ia do Nascimento Costa<\/p>\n<p>&nbsp;<\/p>\n<p>&nbsp;<\/p>\n<p><a href=\"https:\/\/gilfuentes.com.br\/novo\/wp-content\/uploads\/2014\/02\/d4_3-Val\u00e9ria-Darc-ok.jpg\"><img loading=\"lazy\" decoding=\"async\" class=\"alignnone  wp-image-12762\" alt=\"d4_3-Val\u00e9ria Darc-ok\" src=\"https:\/\/gilfuentes.com.br\/novo\/wp-content\/uploads\/2014\/02\/d4_3-Val\u00e9ria-Darc-ok.jpg\" width=\"360\" height=\"251\" srcset=\"https:\/\/gilfuentes.com.br\/novo\/wp-content\/uploads\/2014\/02\/d4_3-Val\u00e9ria-Darc-ok.jpg 1000w, https:\/\/gilfuentes.com.br\/novo\/wp-content\/uploads\/2014\/02\/d4_3-Val\u00e9ria-Darc-ok-358x250.jpg 358w\" sizes=\"auto, (max-width: 360px) 100vw, 360px\" \/><\/a><\/p>\n<p>A bela Val\u00e9ria D\u2019arc que j\u00e1 brilhou v\u00e1rias vezes no Carnaval suzanense<\/p>\n<p>&nbsp;<\/p>\n<p>&nbsp;<\/p>\n<p><a href=\"https:\/\/gilfuentes.com.br\/novo\/wp-content\/uploads\/2014\/02\/d4_4-Anderson-Magalh\u00e3es-e-J\u00e9ssica-Le\u00e3o-ok.jpg\"><img loading=\"lazy\" decoding=\"async\" class=\"alignnone  wp-image-12763\" alt=\"d4_4-Anderson Magalh\u00e3es e J\u00e9ssica Le\u00e3o-ok\" src=\"https:\/\/gilfuentes.com.br\/novo\/wp-content\/uploads\/2014\/02\/d4_4-Anderson-Magalh\u00e3es-e-J\u00e9ssica-Le\u00e3o-ok.jpg\" width=\"360\" height=\"449\" srcset=\"https:\/\/gilfuentes.com.br\/novo\/wp-content\/uploads\/2014\/02\/d4_4-Anderson-Magalh\u00e3es-e-J\u00e9ssica-Le\u00e3o-ok.jpg 1000w, https:\/\/gilfuentes.com.br\/novo\/wp-content\/uploads\/2014\/02\/d4_4-Anderson-Magalh\u00e3es-e-J\u00e9ssica-Le\u00e3o-ok-200x250.jpg 200w, https:\/\/gilfuentes.com.br\/novo\/wp-content\/uploads\/2014\/02\/d4_4-Anderson-Magalh\u00e3es-e-J\u00e9ssica-Le\u00e3o-ok-821x1024.jpg 821w\" sizes=\"auto, (max-width: 360px) 100vw, 360px\" \/><\/a><\/p>\n<p>O colunista mogiano Anderson Magalh\u00e3es e J\u00e9ssica Le\u00e3o,<br \/>\nque pisou em solo suzanense esbanjando simpatia<\/p>\n<p>&nbsp;<\/p>\n<p>&nbsp;<\/p>\n<p><a href=\"https:\/\/gilfuentes.com.br\/novo\/wp-content\/uploads\/2014\/02\/d4_5-Gil-Fuentes-Suami-Paula-de-Azevedo-e-Eli-Ramos-de-Oliveira-ok.jpg\"><img loading=\"lazy\" decoding=\"async\" class=\"alignnone  wp-image-12764\" alt=\"d4_5-Gil Fuentes, Suami Paula de Azevedo e Eli Ramos de Oliveira-ok\" src=\"https:\/\/gilfuentes.com.br\/novo\/wp-content\/uploads\/2014\/02\/d4_5-Gil-Fuentes-Suami-Paula-de-Azevedo-e-Eli-Ramos-de-Oliveira-ok.jpg\" width=\"360\" height=\"266\" srcset=\"https:\/\/gilfuentes.com.br\/novo\/wp-content\/uploads\/2014\/02\/d4_5-Gil-Fuentes-Suami-Paula-de-Azevedo-e-Eli-Ramos-de-Oliveira-ok.jpg 1000w, https:\/\/gilfuentes.com.br\/novo\/wp-content\/uploads\/2014\/02\/d4_5-Gil-Fuentes-Suami-Paula-de-Azevedo-e-Eli-Ramos-de-Oliveira-ok-337x250.jpg 337w, https:\/\/gilfuentes.com.br\/novo\/wp-content\/uploads\/2014\/02\/d4_5-Gil-Fuentes-Suami-Paula-de-Azevedo-e-Eli-Ramos-de-Oliveira-ok-460x340.jpg 460w\" sizes=\"auto, (max-width: 360px) 100vw, 360px\" \/><\/a><\/p>\n<p>Divido a cena com Suami Paula de Azevedo e Eli Ramos de Oliveira,<br \/>\nque durante anos comandou a Suzansamba<\/p>\n<p>&nbsp;<\/p>\n<p>&nbsp;<\/p>\n","protected":false},"excerpt":{"rendered":"<p>O Carnaval \u00e9, sem d\u00favida, a maior festa popular do planeta. Tive o prazer de participar da comiss\u00e3o julgadora que [&hellip;]<\/p>\n","protected":false},"author":1,"featured_media":12760,"comment_status":"closed","ping_status":"closed","sticky":false,"template":"","format":"standard","meta":{"footnotes":""},"categories":[5,8],"tags":[],"class_list":["post-12759","post","type-post","status-publish","format-standard","has-post-thumbnail","hentry","category-coluna","category-noticias"],"_links":{"self":[{"href":"https:\/\/gilfuentes.com.br\/novo\/wp-json\/wp\/v2\/posts\/12759","targetHints":{"allow":["GET"]}}],"collection":[{"href":"https:\/\/gilfuentes.com.br\/novo\/wp-json\/wp\/v2\/posts"}],"about":[{"href":"https:\/\/gilfuentes.com.br\/novo\/wp-json\/wp\/v2\/types\/post"}],"author":[{"embeddable":true,"href":"https:\/\/gilfuentes.com.br\/novo\/wp-json\/wp\/v2\/users\/1"}],"replies":[{"embeddable":true,"href":"https:\/\/gilfuentes.com.br\/novo\/wp-json\/wp\/v2\/comments?post=12759"}],"version-history":[{"count":5,"href":"https:\/\/gilfuentes.com.br\/novo\/wp-json\/wp\/v2\/posts\/12759\/revisions"}],"predecessor-version":[{"id":12770,"href":"https:\/\/gilfuentes.com.br\/novo\/wp-json\/wp\/v2\/posts\/12759\/revisions\/12770"}],"wp:featuredmedia":[{"embeddable":true,"href":"https:\/\/gilfuentes.com.br\/novo\/wp-json\/wp\/v2\/media\/12760"}],"wp:attachment":[{"href":"https:\/\/gilfuentes.com.br\/novo\/wp-json\/wp\/v2\/media?parent=12759"}],"wp:term":[{"taxonomy":"category","embeddable":true,"href":"https:\/\/gilfuentes.com.br\/novo\/wp-json\/wp\/v2\/categories?post=12759"},{"taxonomy":"post_tag","embeddable":true,"href":"https:\/\/gilfuentes.com.br\/novo\/wp-json\/wp\/v2\/tags?post=12759"}],"curies":[{"name":"wp","href":"https:\/\/api.w.org\/{rel}","templated":true}]}}