{"id":12780,"date":"2014-02-16T10:00:48","date_gmt":"2014-02-16T10:00:48","guid":{"rendered":"https:\/\/gilfuentes.com.br\/novo\/?p=12780"},"modified":"2014-02-14T19:32:12","modified_gmt":"2014-02-14T19:32:12","slug":"festa-a-fantasia-em-dose-dupla","status":"publish","type":"post","link":"https:\/\/gilfuentes.com.br\/novo\/festa-a-fantasia-em-dose-dupla","title":{"rendered":"Festa a fantasia em dose dupla!"},"content":{"rendered":"<p>A ala infantil n\u00e3o se aperta quando o assunto \u00e9 divers\u00e3o. A despedida da inf\u00e2ncia e o ingresso \u00e0 pr\u00e9-adolesc\u00eancia s\u00e3o fases marcantes. Beathriz e Let\u00edcia Correa ganharam gostosa festa na bonita morada no Condom\u00ednio Altos de Suzano para comemorar 12 e 8 anos, respectivamente. Acima Juliana Moreira; Isabella Miranda; a aniversariante, Beathriz Correa; Maria Eduarda Rafful e Giovanna Habu, que curtiram a festa com muita anima\u00e7\u00e3o sob os acordes do Buffet do Tio Pepino.<\/p>\n<p>&nbsp;<\/p>\n<p>&nbsp;<\/p>\n<p>Fotos: Eduardo Romano<\/p>\n<p>&nbsp;<\/p>\n<p>&nbsp;<\/p>\n<p><a href=\"https:\/\/gilfuentes.com.br\/novo\/wp-content\/uploads\/2014\/02\/Fam6_2-Thiago-e-Let\u00edcia-Correa-ok-.jpg\"><img loading=\"lazy\" decoding=\"async\" class=\"alignnone  wp-image-12782\" alt=\"Fam6_2-Thiago e Let\u00edcia Correa-ok\" src=\"https:\/\/gilfuentes.com.br\/novo\/wp-content\/uploads\/2014\/02\/Fam6_2-Thiago-e-Let\u00edcia-Correa-ok-.jpg\" width=\"360\" height=\"540\" srcset=\"https:\/\/gilfuentes.com.br\/novo\/wp-content\/uploads\/2014\/02\/Fam6_2-Thiago-e-Let\u00edcia-Correa-ok-.jpg 1000w, https:\/\/gilfuentes.com.br\/novo\/wp-content\/uploads\/2014\/02\/Fam6_2-Thiago-e-Let\u00edcia-Correa-ok--166x250.jpg 166w, https:\/\/gilfuentes.com.br\/novo\/wp-content\/uploads\/2014\/02\/Fam6_2-Thiago-e-Let\u00edcia-Correa-ok--682x1024.jpg 682w\" sizes=\"auto, (max-width: 360px) 100vw, 360px\" \/><\/a><\/p>\n<p>Thiago e Let\u00edcia Correa curtiram a festa no melhor estilo<\/p>\n<p>&nbsp;<\/p>\n<p>&nbsp;<\/p>\n<p><a href=\"https:\/\/gilfuentes.com.br\/novo\/wp-content\/uploads\/2014\/02\/Fam6_3-Vitoria-Simas-Luiza-Eggert-Rafaela-Andrade-e-Vitor-Andrade-ok.jpg\"><img loading=\"lazy\" decoding=\"async\" class=\"alignnone  wp-image-12783\" alt=\"Fam6_3-Vitoria Simas, Luiza Eggert, Rafaela Andrade e Vitor Andrade-ok\" src=\"https:\/\/gilfuentes.com.br\/novo\/wp-content\/uploads\/2014\/02\/Fam6_3-Vitoria-Simas-Luiza-Eggert-Rafaela-Andrade-e-Vitor-Andrade-ok.jpg\" width=\"360\" height=\"347\" srcset=\"https:\/\/gilfuentes.com.br\/novo\/wp-content\/uploads\/2014\/02\/Fam6_3-Vitoria-Simas-Luiza-Eggert-Rafaela-Andrade-e-Vitor-Andrade-ok.jpg 1000w, https:\/\/gilfuentes.com.br\/novo\/wp-content\/uploads\/2014\/02\/Fam6_3-Vitoria-Simas-Luiza-Eggert-Rafaela-Andrade-e-Vitor-Andrade-ok-259x250.jpg 259w\" sizes=\"auto, (max-width: 360px) 100vw, 360px\" \/><\/a><\/p>\n<p>Vitoria Simas, Luiza Eggert, Rafaela Andrade e Vitor Andrade<\/p>\n<p>&nbsp;<\/p>\n<p>&nbsp;<\/p>\n<p><a href=\"https:\/\/gilfuentes.com.br\/novo\/wp-content\/uploads\/2014\/02\/Fam6_4-Maria-de-Lourdes-Moura-e-Isabelly-Carolina-Silva-ok.jpg\"><img loading=\"lazy\" decoding=\"async\" class=\"alignnone  wp-image-12784\" alt=\"Fam6_4-Maria de Lourdes Moura e Isabelly Carolina Silva-ok\" src=\"https:\/\/gilfuentes.com.br\/novo\/wp-content\/uploads\/2014\/02\/Fam6_4-Maria-de-Lourdes-Moura-e-Isabelly-Carolina-Silva-ok.jpg\" width=\"360\" height=\"345\" srcset=\"https:\/\/gilfuentes.com.br\/novo\/wp-content\/uploads\/2014\/02\/Fam6_4-Maria-de-Lourdes-Moura-e-Isabelly-Carolina-Silva-ok.jpg 1000w, https:\/\/gilfuentes.com.br\/novo\/wp-content\/uploads\/2014\/02\/Fam6_4-Maria-de-Lourdes-Moura-e-Isabelly-Carolina-Silva-ok-260x250.jpg 260w\" sizes=\"auto, (max-width: 360px) 100vw, 360px\" \/><\/a><\/p>\n<p>Maria de Lourdes Moura e Isabelly Carolina Silva<\/p>\n<p>&nbsp;<\/p>\n<p>&nbsp;<\/p>\n<p><a href=\"https:\/\/gilfuentes.com.br\/novo\/wp-content\/uploads\/2014\/02\/Fam6_5.jpg\"><img loading=\"lazy\" decoding=\"async\" class=\"alignnone  wp-image-12785\" alt=\"Fam6_5\" src=\"https:\/\/gilfuentes.com.br\/novo\/wp-content\/uploads\/2014\/02\/Fam6_5.jpg\" width=\"360\" height=\"540\" srcset=\"https:\/\/gilfuentes.com.br\/novo\/wp-content\/uploads\/2014\/02\/Fam6_5.jpg 1000w, https:\/\/gilfuentes.com.br\/novo\/wp-content\/uploads\/2014\/02\/Fam6_5-166x250.jpg 166w, https:\/\/gilfuentes.com.br\/novo\/wp-content\/uploads\/2014\/02\/Fam6_5-682x1024.jpg 682w\" sizes=\"auto, (max-width: 360px) 100vw, 360px\" \/><\/a><\/p>\n<p>Isabelly Carolina Silva e Laura Pessoa<\/p>\n<p>&nbsp;<\/p>\n<p>&nbsp;<\/p>\n<p><a href=\"https:\/\/gilfuentes.com.br\/novo\/wp-content\/uploads\/2014\/02\/Fam6_6-Tio-Pepino-ok.jpg\"><img loading=\"lazy\" decoding=\"async\" class=\"alignnone  wp-image-12786\" alt=\"Fam6_6-Tio Pepino-ok\" src=\"https:\/\/gilfuentes.com.br\/novo\/wp-content\/uploads\/2014\/02\/Fam6_6-Tio-Pepino-ok.jpg\" width=\"360\" height=\"280\" srcset=\"https:\/\/gilfuentes.com.br\/novo\/wp-content\/uploads\/2014\/02\/Fam6_6-Tio-Pepino-ok.jpg 1000w, https:\/\/gilfuentes.com.br\/novo\/wp-content\/uploads\/2014\/02\/Fam6_6-Tio-Pepino-ok-322x250.jpg 322w\" sizes=\"auto, (max-width: 360px) 100vw, 360px\" \/><\/a><\/p>\n<p>Tio Pepino animou a crian\u00e7ada com muito f\u00f4lego<\/p>\n<p>&nbsp;<\/p>\n<p>&nbsp;<\/p>\n<p><a href=\"https:\/\/gilfuentes.com.br\/novo\/wp-content\/uploads\/2014\/02\/Fam6_7-Giovanna-Juliane-Mayara-e-Roberto-Habu-ok.jpg\"><img loading=\"lazy\" decoding=\"async\" class=\"alignnone  wp-image-12787\" alt=\"Fam6_7-Giovanna, Juliane, Mayara e Roberto Habu-ok\" src=\"https:\/\/gilfuentes.com.br\/novo\/wp-content\/uploads\/2014\/02\/Fam6_7-Giovanna-Juliane-Mayara-e-Roberto-Habu-ok.jpg\" width=\"360\" height=\"310\" srcset=\"https:\/\/gilfuentes.com.br\/novo\/wp-content\/uploads\/2014\/02\/Fam6_7-Giovanna-Juliane-Mayara-e-Roberto-Habu-ok.jpg 1000w, https:\/\/gilfuentes.com.br\/novo\/wp-content\/uploads\/2014\/02\/Fam6_7-Giovanna-Juliane-Mayara-e-Roberto-Habu-ok-290x250.jpg 290w\" sizes=\"auto, (max-width: 360px) 100vw, 360px\" \/><\/a><\/p>\n<p>Giovanna, Juliane, Mayara e Roberto Habu<\/p>\n<p>&nbsp;<\/p>\n<p>&nbsp;<\/p>\n<p><a href=\"https:\/\/gilfuentes.com.br\/novo\/wp-content\/uploads\/2014\/02\/Fam6_8-Aline-Admoni-e-Lucas-Gusm\u00e3o-ok.jpg\"><img loading=\"lazy\" decoding=\"async\" class=\"alignnone  wp-image-12788\" alt=\"Fam6_8-Aline Admoni e Lucas Gusm\u00e3o-ok\" src=\"https:\/\/gilfuentes.com.br\/novo\/wp-content\/uploads\/2014\/02\/Fam6_8-Aline-Admoni-e-Lucas-Gusm\u00e3o-ok.jpg\" width=\"360\" height=\"548\" srcset=\"https:\/\/gilfuentes.com.br\/novo\/wp-content\/uploads\/2014\/02\/Fam6_8-Aline-Admoni-e-Lucas-Gusm\u00e3o-ok.jpg 1000w, https:\/\/gilfuentes.com.br\/novo\/wp-content\/uploads\/2014\/02\/Fam6_8-Aline-Admoni-e-Lucas-Gusm\u00e3o-ok-164x250.jpg 164w, https:\/\/gilfuentes.com.br\/novo\/wp-content\/uploads\/2014\/02\/Fam6_8-Aline-Admoni-e-Lucas-Gusm\u00e3o-ok-671x1024.jpg 671w\" sizes=\"auto, (max-width: 360px) 100vw, 360px\" \/><\/a><\/p>\n<p>Aline Admoni e Lucas Gusm\u00e3o<\/p>\n<p>&nbsp;<\/p>\n<p>&nbsp;<\/p>\n<p><a href=\"https:\/\/gilfuentes.com.br\/novo\/wp-content\/uploads\/2014\/02\/Fam6_9-Cristiane-e-Heloisa-Dragon-ok.jpg\"><img loading=\"lazy\" decoding=\"async\" class=\"alignnone  wp-image-12789\" alt=\"Fam6_9-Cristiane e Heloisa Dragon-ok\" src=\"https:\/\/gilfuentes.com.br\/novo\/wp-content\/uploads\/2014\/02\/Fam6_9-Cristiane-e-Heloisa-Dragon-ok.jpg\" width=\"360\" height=\"540\" srcset=\"https:\/\/gilfuentes.com.br\/novo\/wp-content\/uploads\/2014\/02\/Fam6_9-Cristiane-e-Heloisa-Dragon-ok.jpg 1000w, https:\/\/gilfuentes.com.br\/novo\/wp-content\/uploads\/2014\/02\/Fam6_9-Cristiane-e-Heloisa-Dragon-ok-166x250.jpg 166w, https:\/\/gilfuentes.com.br\/novo\/wp-content\/uploads\/2014\/02\/Fam6_9-Cristiane-e-Heloisa-Dragon-ok-682x1024.jpg 682w\" sizes=\"auto, (max-width: 360px) 100vw, 360px\" \/><\/a><\/p>\n<p>Cristiane e Heloisa Dragon<\/p>\n<p>&nbsp;<\/p>\n<p>&nbsp;<\/p>\n","protected":false},"excerpt":{"rendered":"<p>A ala infantil n\u00e3o se aperta quando o assunto \u00e9 divers\u00e3o. A despedida da inf\u00e2ncia e o ingresso \u00e0 pr\u00e9-adolesc\u00eancia [&hellip;]<\/p>\n","protected":false},"author":1,"featured_media":12781,"comment_status":"closed","ping_status":"closed","sticky":false,"template":"","format":"standard","meta":{"footnotes":""},"categories":[5,8],"tags":[],"class_list":["post-12780","post","type-post","status-publish","format-standard","has-post-thumbnail","hentry","category-coluna","category-noticias"],"_links":{"self":[{"href":"https:\/\/gilfuentes.com.br\/novo\/wp-json\/wp\/v2\/posts\/12780","targetHints":{"allow":["GET"]}}],"collection":[{"href":"https:\/\/gilfuentes.com.br\/novo\/wp-json\/wp\/v2\/posts"}],"about":[{"href":"https:\/\/gilfuentes.com.br\/novo\/wp-json\/wp\/v2\/types\/post"}],"author":[{"embeddable":true,"href":"https:\/\/gilfuentes.com.br\/novo\/wp-json\/wp\/v2\/users\/1"}],"replies":[{"embeddable":true,"href":"https:\/\/gilfuentes.com.br\/novo\/wp-json\/wp\/v2\/comments?post=12780"}],"version-history":[{"count":1,"href":"https:\/\/gilfuentes.com.br\/novo\/wp-json\/wp\/v2\/posts\/12780\/revisions"}],"predecessor-version":[{"id":12791,"href":"https:\/\/gilfuentes.com.br\/novo\/wp-json\/wp\/v2\/posts\/12780\/revisions\/12791"}],"wp:featuredmedia":[{"embeddable":true,"href":"https:\/\/gilfuentes.com.br\/novo\/wp-json\/wp\/v2\/media\/12781"}],"wp:attachment":[{"href":"https:\/\/gilfuentes.com.br\/novo\/wp-json\/wp\/v2\/media?parent=12780"}],"wp:term":[{"taxonomy":"category","embeddable":true,"href":"https:\/\/gilfuentes.com.br\/novo\/wp-json\/wp\/v2\/categories?post=12780"},{"taxonomy":"post_tag","embeddable":true,"href":"https:\/\/gilfuentes.com.br\/novo\/wp-json\/wp\/v2\/tags?post=12780"}],"curies":[{"name":"wp","href":"https:\/\/api.w.org\/{rel}","templated":true}]}}