{"id":12823,"date":"2014-02-20T19:55:59","date_gmt":"2014-02-20T19:55:59","guid":{"rendered":"https:\/\/gilfuentes.com.br\/novo\/?p=12823"},"modified":"2014-02-20T19:55:59","modified_gmt":"2014-02-20T19:55:59","slug":"millo-apresenta-showroom-para-famosos","status":"publish","type":"post","link":"https:\/\/gilfuentes.com.br\/novo\/millo-apresenta-showroom-para-famosos","title":{"rendered":"Millo apresenta showroom para famosos"},"content":{"rendered":"<p style=\"text-align: left;\" align=\"center\">Na noite de ontem (19), a Millo, marca brasileira de mobili\u00e1rio sob medida, recebeu arquitetos e decoradores, para a inaugura\u00e7\u00e3o do showroom da marca na Avenida Pacaembu, em S\u00e3o Paulo. Entre os que marcaram presen\u00e7a, est\u00e3o Rodrigo Faro, com a esposa Vera Viel, e o apresentador Amaury Jr.<\/p>\n<p>&nbsp;<\/p>\n<p>Confira quem tamb\u00e9m passou por l\u00e1!<\/p>\n<p>&nbsp;<\/p>\n<p>Fotos: Carol Mendon\u00e7a<\/p>\n<p>&nbsp;<\/p>\n<p>&nbsp;<\/p>\n\n\t\t<style type=\"text\/css\">\n\t\t\t#gallery-1 {\n\t\t\t\tmargin: auto;\n\t\t\t}\n\t\t\t#gallery-1 .gallery-item {\n\t\t\t\tfloat: left;\n\t\t\t\tmargin-top: 10px;\n\t\t\t\ttext-align: center;\n\t\t\t\twidth: 33%;\n\t\t\t}\n\t\t\t#gallery-1 img {\n\t\t\t\tborder: 2px solid #cfcfcf;\n\t\t\t}\n\t\t\t#gallery-1 .gallery-caption {\n\t\t\t\tmargin-left: 0;\n\t\t\t}\n\t\t\t\/* see gallery_shortcode() in wp-includes\/media.php *\/\n\t\t<\/style>\n\t\t<div id='gallery-1' class='gallery galleryid-12823 gallery-columns-3 gallery-size-thumbnail'><dl class='gallery-item'>\n\t\t\t<dt class='gallery-icon landscape'>\n\t\t\t\t<a href='https:\/\/gilfuentes.com.br\/novo\/millo-apresenta-showroom-para-famosos\/vivi_cirello_paulo_machado'><img loading=\"lazy\" decoding=\"async\" width=\"150\" height=\"150\" src=\"https:\/\/gilfuentes.com.br\/novo\/wp-content\/uploads\/2014\/02\/vivi_cirello_paulo_machado-150x150.jpg\" class=\"attachment-thumbnail size-thumbnail\" alt=\"\" aria-describedby=\"gallery-1-12842\" \/><\/a>\n\t\t\t<\/dt>\n\t\t\t\t<dd class='wp-caption-text gallery-caption' id='gallery-1-12842'>\n\t\t\t\tVivi Cirello e Paulo Machado\n\t\t\t\t<\/dd><\/dl><dl class='gallery-item'>\n\t\t\t<dt class='gallery-icon landscape'>\n\t\t\t\t<a href='https:\/\/gilfuentes.com.br\/novo\/millo-apresenta-showroom-para-famosos\/vera_viel_rodrigo_faro_nancy_saeki'><img loading=\"lazy\" decoding=\"async\" width=\"150\" height=\"150\" src=\"https:\/\/gilfuentes.com.br\/novo\/wp-content\/uploads\/2014\/02\/vera_viel_rodrigo_faro_nancy_saeki-150x150.jpg\" class=\"attachment-thumbnail size-thumbnail\" alt=\"\" aria-describedby=\"gallery-1-12841\" \/><\/a>\n\t\t\t<\/dt>\n\t\t\t\t<dd class='wp-caption-text gallery-caption' id='gallery-1-12841'>\n\t\t\t\tVera Viel, Rodrigo Faro e Nancy Saeki\n\t\t\t\t<\/dd><\/dl><dl class='gallery-item'>\n\t\t\t<dt class='gallery-icon landscape'>\n\t\t\t\t<a href='https:\/\/gilfuentes.com.br\/novo\/millo-apresenta-showroom-para-famosos\/vera_viel_rodrigo_faro_amauryjr_willas_wilton_souza-3'><img loading=\"lazy\" decoding=\"async\" width=\"150\" height=\"150\" src=\"https:\/\/gilfuentes.com.br\/novo\/wp-content\/uploads\/2014\/02\/vera_viel_rodrigo_faro_amauryjr_willas_wilton_souza-3-150x150.jpg\" class=\"attachment-thumbnail size-thumbnail\" alt=\"\" aria-describedby=\"gallery-1-12840\" \/><\/a>\n\t\t\t<\/dt>\n\t\t\t\t<dd class='wp-caption-text gallery-caption' id='gallery-1-12840'>\n\t\t\t\tVera Viel, Rodrigo Faro, Amaury Jr., Willas Wilton Souza \n\t\t\t\t<\/dd><\/dl><br style=\"clear: both\" \/><dl class='gallery-item'>\n\t\t\t<dt class='gallery-icon landscape'>\n\t\t\t\t<a href='https:\/\/gilfuentes.com.br\/novo\/millo-apresenta-showroom-para-famosos\/vera_tony_nogueira'><img loading=\"lazy\" decoding=\"async\" width=\"150\" height=\"150\" src=\"https:\/\/gilfuentes.com.br\/novo\/wp-content\/uploads\/2014\/02\/vera_tony_nogueira-150x150.jpg\" class=\"attachment-thumbnail size-thumbnail\" alt=\"\" aria-describedby=\"gallery-1-12839\" \/><\/a>\n\t\t\t<\/dt>\n\t\t\t\t<dd class='wp-caption-text gallery-caption' id='gallery-1-12839'>\n\t\t\t\tVera e Tony Nogueira\n\t\t\t\t<\/dd><\/dl><dl class='gallery-item'>\n\t\t\t<dt class='gallery-icon landscape'>\n\t\t\t\t<a href='https:\/\/gilfuentes.com.br\/novo\/millo-apresenta-showroom-para-famosos\/tatjana_mocenik_denise_monteiro_milena_mainardi'><img loading=\"lazy\" decoding=\"async\" width=\"150\" height=\"150\" src=\"https:\/\/gilfuentes.com.br\/novo\/wp-content\/uploads\/2014\/02\/tatjana_mocenik_denise_monteiro_milena_mainardi-150x150.jpg\" class=\"attachment-thumbnail size-thumbnail\" alt=\"\" aria-describedby=\"gallery-1-12838\" \/><\/a>\n\t\t\t<\/dt>\n\t\t\t\t<dd class='wp-caption-text gallery-caption' id='gallery-1-12838'>\n\t\t\t\tTatjana Mocenik, Denise Monteiro e Milena Mainardi\n\t\t\t\t<\/dd><\/dl><dl class='gallery-item'>\n\t\t\t<dt class='gallery-icon landscape'>\n\t\t\t\t<a href='https:\/\/gilfuentes.com.br\/novo\/millo-apresenta-showroom-para-famosos\/francisco_calio'><img loading=\"lazy\" decoding=\"async\" width=\"150\" height=\"150\" src=\"https:\/\/gilfuentes.com.br\/novo\/wp-content\/uploads\/2014\/02\/francisco_calio-150x150.jpg\" class=\"attachment-thumbnail size-thumbnail\" alt=\"\" aria-describedby=\"gallery-1-12833\" \/><\/a>\n\t\t\t<\/dt>\n\t\t\t\t<dd class='wp-caption-text gallery-caption' id='gallery-1-12833'>\n\t\t\t\tFrancisco Calio\n\t\t\t\t<\/dd><\/dl><br style=\"clear: both\" \/><dl class='gallery-item'>\n\t\t\t<dt class='gallery-icon landscape'>\n\t\t\t\t<a href='https:\/\/gilfuentes.com.br\/novo\/millo-apresenta-showroom-para-famosos\/gina_elimelek_02'><img loading=\"lazy\" decoding=\"async\" width=\"150\" height=\"150\" src=\"https:\/\/gilfuentes.com.br\/novo\/wp-content\/uploads\/2014\/02\/gina_elimelek_02-150x150.jpg\" class=\"attachment-thumbnail size-thumbnail\" alt=\"\" aria-describedby=\"gallery-1-12834\" \/><\/a>\n\t\t\t<\/dt>\n\t\t\t\t<dd class='wp-caption-text gallery-caption' id='gallery-1-12834'>\n\t\t\t\tGina Elimelek\n\t\t\t\t<\/dd><\/dl><dl class='gallery-item'>\n\t\t\t<dt class='gallery-icon landscape'>\n\t\t\t\t<a href='https:\/\/gilfuentes.com.br\/novo\/millo-apresenta-showroom-para-famosos\/nancy_saeki'><img loading=\"lazy\" decoding=\"async\" width=\"150\" height=\"150\" src=\"https:\/\/gilfuentes.com.br\/novo\/wp-content\/uploads\/2014\/02\/nancy_saeki-150x150.jpg\" class=\"attachment-thumbnail size-thumbnail\" alt=\"\" aria-describedby=\"gallery-1-12835\" \/><\/a>\n\t\t\t<\/dt>\n\t\t\t\t<dd class='wp-caption-text gallery-caption' id='gallery-1-12835'>\n\t\t\t\tNancy Saeki\n\t\t\t\t<\/dd><\/dl><dl class='gallery-item'>\n\t\t\t<dt class='gallery-icon landscape'>\n\t\t\t\t<a href='https:\/\/gilfuentes.com.br\/novo\/millo-apresenta-showroom-para-famosos\/paulo_machado_tota_penteado'><img loading=\"lazy\" decoding=\"async\" width=\"150\" height=\"150\" src=\"https:\/\/gilfuentes.com.br\/novo\/wp-content\/uploads\/2014\/02\/paulo_machado_tota_penteado-150x150.jpg\" class=\"attachment-thumbnail size-thumbnail\" alt=\"\" aria-describedby=\"gallery-1-12836\" \/><\/a>\n\t\t\t<\/dt>\n\t\t\t\t<dd class='wp-caption-text gallery-caption' id='gallery-1-12836'>\n\t\t\t\tPaulo Machado e Tota Penteado\n\t\t\t\t<\/dd><\/dl><br style=\"clear: both\" \/><dl class='gallery-item'>\n\t\t\t<dt class='gallery-icon landscape'>\n\t\t\t\t<a href='https:\/\/gilfuentes.com.br\/novo\/millo-apresenta-showroom-para-famosos\/sandra_pestana_cassiane_cenci'><img loading=\"lazy\" decoding=\"async\" width=\"150\" height=\"150\" src=\"https:\/\/gilfuentes.com.br\/novo\/wp-content\/uploads\/2014\/02\/sandra_pestana_cassiane_cenci-150x150.jpg\" class=\"attachment-thumbnail size-thumbnail\" alt=\"\" aria-describedby=\"gallery-1-12837\" \/><\/a>\n\t\t\t<\/dt>\n\t\t\t\t<dd class='wp-caption-text gallery-caption' id='gallery-1-12837'>\n\t\t\t\tSandra Pestana e Cassiane Cenci\n\t\t\t\t<\/dd><\/dl><dl class='gallery-item'>\n\t\t\t<dt class='gallery-icon landscape'>\n\t\t\t\t<a href='https:\/\/gilfuentes.com.br\/novo\/millo-apresenta-showroom-para-famosos\/fabrizio_ceratti_cad_ceratti'><img loading=\"lazy\" decoding=\"async\" width=\"150\" height=\"150\" src=\"https:\/\/gilfuentes.com.br\/novo\/wp-content\/uploads\/2014\/02\/fabrizio_ceratti_cad_ceratti-150x150.jpg\" class=\"attachment-thumbnail size-thumbnail\" alt=\"\" aria-describedby=\"gallery-1-12832\" \/><\/a>\n\t\t\t<\/dt>\n\t\t\t\t<dd class='wp-caption-text gallery-caption' id='gallery-1-12832'>\n\t\t\t\tFabrizio Ceratti e Cad ceratti\n\t\t\t\t<\/dd><\/dl><dl class='gallery-item'>\n\t\t\t<dt class='gallery-icon landscape'>\n\t\t\t\t<a href='https:\/\/gilfuentes.com.br\/novo\/millo-apresenta-showroom-para-famosos\/eduardo-e-gina_elimelek_amauryjr'><img loading=\"lazy\" decoding=\"async\" width=\"150\" height=\"150\" src=\"https:\/\/gilfuentes.com.br\/novo\/wp-content\/uploads\/2014\/02\/Eduardo-e-Gina_Elimelek_amauryjr-150x150.jpg\" class=\"attachment-thumbnail size-thumbnail\" alt=\"\" aria-describedby=\"gallery-1-12831\" \/><\/a>\n\t\t\t<\/dt>\n\t\t\t\t<dd class='wp-caption-text gallery-caption' id='gallery-1-12831'>\n\t\t\t\tEduardo e Gina Elimelek e Amaury Jr.\n\t\t\t\t<\/dd><\/dl><br style=\"clear: both\" \/><dl class='gallery-item'>\n\t\t\t<dt class='gallery-icon landscape'>\n\t\t\t\t<a href='https:\/\/gilfuentes.com.br\/novo\/millo-apresenta-showroom-para-famosos\/denise_monteiro_02'><img loading=\"lazy\" decoding=\"async\" width=\"150\" height=\"150\" src=\"https:\/\/gilfuentes.com.br\/novo\/wp-content\/uploads\/2014\/02\/denise_monteiro_02-150x150.jpg\" class=\"attachment-thumbnail size-thumbnail\" alt=\"\" aria-describedby=\"gallery-1-12830\" \/><\/a>\n\t\t\t<\/dt>\n\t\t\t\t<dd class='wp-caption-text gallery-caption' id='gallery-1-12830'>\n\t\t\t\tDenise Monteiro\n\t\t\t\t<\/dd><\/dl><dl class='gallery-item'>\n\t\t\t<dt class='gallery-icon landscape'>\n\t\t\t\t<a href='https:\/\/gilfuentes.com.br\/novo\/millo-apresenta-showroom-para-famosos\/camila_klein_wilton_de_souza'><img loading=\"lazy\" decoding=\"async\" width=\"150\" height=\"150\" src=\"https:\/\/gilfuentes.com.br\/novo\/wp-content\/uploads\/2014\/02\/camila_klein_wilton_de_souza-150x150.jpg\" class=\"attachment-thumbnail size-thumbnail\" alt=\"\" aria-describedby=\"gallery-1-12829\" \/><\/a>\n\t\t\t<\/dt>\n\t\t\t\t<dd class='wp-caption-text gallery-caption' id='gallery-1-12829'>\n\t\t\t\tCamila Klein e Wilton de Souza\n\t\t\t\t<\/dd><\/dl><dl class='gallery-item'>\n\t\t\t<dt class='gallery-icon landscape'>\n\t\t\t\t<a href='https:\/\/gilfuentes.com.br\/novo\/millo-apresenta-showroom-para-famosos\/augusto_bordin_ita_rodrigues_marcelo_monteiro'><img loading=\"lazy\" decoding=\"async\" width=\"150\" height=\"150\" src=\"https:\/\/gilfuentes.com.br\/novo\/wp-content\/uploads\/2014\/02\/augusto_bordin_ita_rodrigues_marcelo_monteiro-150x150.jpg\" class=\"attachment-thumbnail size-thumbnail\" alt=\"\" aria-describedby=\"gallery-1-12828\" \/><\/a>\n\t\t\t<\/dt>\n\t\t\t\t<dd class='wp-caption-text gallery-caption' id='gallery-1-12828'>\n\t\t\t\tAugusto Bordin, Ita Rodrigues e Marcelo Monteiro\n\t\t\t\t<\/dd><\/dl><br style=\"clear: both\" \/><dl class='gallery-item'>\n\t\t\t<dt class='gallery-icon landscape'>\n\t\t\t\t<a href='https:\/\/gilfuentes.com.br\/novo\/millo-apresenta-showroom-para-famosos\/amauryjr_vera_viel_rodrigo_faro01'><img loading=\"lazy\" decoding=\"async\" width=\"150\" height=\"150\" src=\"https:\/\/gilfuentes.com.br\/novo\/wp-content\/uploads\/2014\/02\/amauryjr_vera_viel_rodrigo_faro01-150x150.jpg\" class=\"attachment-thumbnail size-thumbnail\" alt=\"\" aria-describedby=\"gallery-1-12824\" \/><\/a>\n\t\t\t<\/dt>\n\t\t\t\t<dd class='wp-caption-text gallery-caption' id='gallery-1-12824'>\n\t\t\t\tAmaury Jr., Vera Viel e Rodrigo Faro\n\t\t\t\t<\/dd><\/dl><dl class='gallery-item'>\n\t\t\t<dt class='gallery-icon landscape'>\n\t\t\t\t<a href='https:\/\/gilfuentes.com.br\/novo\/millo-apresenta-showroom-para-famosos\/ana_clara_siqueira_fernanda_dias_daniel_moreira_andreia_bessa'><img loading=\"lazy\" decoding=\"async\" width=\"150\" height=\"150\" src=\"https:\/\/gilfuentes.com.br\/novo\/wp-content\/uploads\/2014\/02\/ana_clara_siqueira_fernanda_dias_daniel_moreira_andreia_bessa-150x150.jpg\" class=\"attachment-thumbnail size-thumbnail\" alt=\"\" aria-describedby=\"gallery-1-12826\" \/><\/a>\n\t\t\t<\/dt>\n\t\t\t\t<dd class='wp-caption-text gallery-caption' id='gallery-1-12826'>\n\t\t\t\tAna Clara Siqueira, Fernanda Dias, Daniel Moreira e Andreia Bessa\n\t\t\t\t<\/dd><\/dl><dl class='gallery-item'>\n\t\t\t<dt class='gallery-icon landscape'>\n\t\t\t\t<a href='https:\/\/gilfuentes.com.br\/novo\/millo-apresenta-showroom-para-famosos\/andreia_bessa_carol_nogueira'><img loading=\"lazy\" decoding=\"async\" width=\"150\" height=\"150\" src=\"https:\/\/gilfuentes.com.br\/novo\/wp-content\/uploads\/2014\/02\/andreia_bessa_carol_nogueira-150x150.jpg\" class=\"attachment-thumbnail size-thumbnail\" alt=\"\" aria-describedby=\"gallery-1-12827\" \/><\/a>\n\t\t\t<\/dt>\n\t\t\t\t<dd class='wp-caption-text gallery-caption' id='gallery-1-12827'>\n\t\t\t\tAndreia Bessa e Carol Nogueira\n\t\t\t\t<\/dd><\/dl><br style=\"clear: both\" \/>\n\t\t<\/div>\n\n<p>&nbsp;<\/p>\n","protected":false},"excerpt":{"rendered":"<p>Na noite de ontem (19), a Millo, marca brasileira de mobili\u00e1rio sob medida, recebeu arquitetos e decoradores, para a inaugura\u00e7\u00e3o [&hellip;]<\/p>\n","protected":false},"author":1,"featured_media":12825,"comment_status":"closed","ping_status":"closed","sticky":false,"template":"","format":"standard","meta":{"footnotes":""},"categories":[5,8],"tags":[],"class_list":["post-12823","post","type-post","status-publish","format-standard","has-post-thumbnail","hentry","category-coluna","category-noticias"],"_links":{"self":[{"href":"https:\/\/gilfuentes.com.br\/novo\/wp-json\/wp\/v2\/posts\/12823","targetHints":{"allow":["GET"]}}],"collection":[{"href":"https:\/\/gilfuentes.com.br\/novo\/wp-json\/wp\/v2\/posts"}],"about":[{"href":"https:\/\/gilfuentes.com.br\/novo\/wp-json\/wp\/v2\/types\/post"}],"author":[{"embeddable":true,"href":"https:\/\/gilfuentes.com.br\/novo\/wp-json\/wp\/v2\/users\/1"}],"replies":[{"embeddable":true,"href":"https:\/\/gilfuentes.com.br\/novo\/wp-json\/wp\/v2\/comments?post=12823"}],"version-history":[{"count":1,"href":"https:\/\/gilfuentes.com.br\/novo\/wp-json\/wp\/v2\/posts\/12823\/revisions"}],"predecessor-version":[{"id":12843,"href":"https:\/\/gilfuentes.com.br\/novo\/wp-json\/wp\/v2\/posts\/12823\/revisions\/12843"}],"wp:featuredmedia":[{"embeddable":true,"href":"https:\/\/gilfuentes.com.br\/novo\/wp-json\/wp\/v2\/media\/12825"}],"wp:attachment":[{"href":"https:\/\/gilfuentes.com.br\/novo\/wp-json\/wp\/v2\/media?parent=12823"}],"wp:term":[{"taxonomy":"category","embeddable":true,"href":"https:\/\/gilfuentes.com.br\/novo\/wp-json\/wp\/v2\/categories?post=12823"},{"taxonomy":"post_tag","embeddable":true,"href":"https:\/\/gilfuentes.com.br\/novo\/wp-json\/wp\/v2\/tags?post=12823"}],"curies":[{"name":"wp","href":"https:\/\/api.w.org\/{rel}","templated":true}]}}