{"id":12863,"date":"2014-02-20T21:10:09","date_gmt":"2014-02-20T21:10:09","guid":{"rendered":"https:\/\/gilfuentes.com.br\/novo\/?p=12863"},"modified":"2014-02-21T11:59:55","modified_gmt":"2014-02-21T11:59:55","slug":"rick-renner-promovem-noite-de-autografos-em-sampa","status":"publish","type":"post","link":"https:\/\/gilfuentes.com.br\/novo\/rick-renner-promovem-noite-de-autografos-em-sampa","title":{"rendered":"Rick &#038; Renner promovem noite de aut\u00f3grafos em Sampa"},"content":{"rendered":"<p style=\"text-align: left;\" align=\"center\">A dupla sertaneja Rick &amp; Renner, considerada uma das maiores do Brasil, ir\u00e1 realizar na pr\u00f3xima quarta-feira (26\/2) uma noite de aut\u00f3grafos na Livraria Cultura do Shopping Villa-Lobos. O evento, que promete agitar a noite paulista, ter\u00e1 in\u00edcio \u00e0s 19 horas e marcar\u00e1 o lan\u00e7amento do DVD da dupla, o \u201cRick &amp; Renner Bom de Dan\u00e7a \u2013 Volume 2\u201d.<\/p>\n<p style=\"text-align: left;\">\u201cEstamos muito ansiosos e felizes para esse evento. Ser\u00e1 maravilhoso realizar essa noite de aut\u00f3grafos, sentir e transmitir carinho ao nosso p\u00fablico. Esperamos uma noite incr\u00edvel e marcante. Contamos com a presen\u00e7a de todos\u201d, convida a dupla.<\/p>\n<p style=\"text-align: left;\">Trazendo 19 can\u00e7\u00f5es, entre in\u00e9ditas e releituras dos grandes sucessos, o novo \u00e1lbum, como j\u00e1 indica o t\u00edtulo, \u00e9 um projeto diferenciado de m\u00fasicas dan\u00e7antes. Distribu\u00eddo pela Radar Records, o disco conta com as participa\u00e7\u00f5es especiais de Rionegro &amp; Solim\u00f5es, L\u00e9o Maia, Eduardo Costa e Pablo do Arrocha.<\/p>\n<p style=\"text-align: left;\">Este \u00e9 o 18\u00ba trabalho dos m\u00fasicos que, juntos, lan\u00e7aram 18 CDs e tr\u00eas DVDs e venderam mais de 10 milh\u00f5es de c\u00f3pias, deixando suas vozes e interpreta\u00e7\u00f5es firmes no cen\u00e1rio nacional por meio de seus grandes sucessos como os hits \u201cMuleca\u201d, \u201cEla \u00e9 Demais\u201d, \u201cCara de Pau\u201d e \u201cFilha\u201d entre muitos outros.<\/p>\n<p style=\"text-align: left;\">Para saber mais, acesse: <a href=\"http:\/\/www.rickerenner.art.br\/\" target=\"_blank\" data-cke-saved-href=\"http:\/\/www.rickerenner.art.br\/\">www.rickerenner.art.br<\/a><\/p>\n<p style=\"text-align: left;\">Servi\u00e7o<\/p>\n<p style=\"text-align: left;\">Rick &amp; Renner na Noite de Lan\u00e7amento e Aut\u00f3grafos do DVD Rick &amp; Renner Bom de Dan\u00e7a \u2013 Volume 2\u201d<\/p>\n<p style=\"text-align: left;\">Data: 26\/02<\/p>\n<p style=\"text-align: left;\">Local: Livraria Cultura do Shopping Villa Lobos<\/p>\n<p style=\"text-align: left;\">Endere\u00e7o: Av. Na\u00e7\u00f5es Unidas, N\u00ba 4777 &#8211; Jardim Universidade Pinheiros<\/p>\n<p style=\"text-align: left;\">Hor\u00e1rio: 19h<\/p>\n<p style=\"text-align: left;\">Classifica\u00e7\u00e3o: Livre<\/p>\n<p style=\"text-align: left;\">Informa\u00e7\u00e3o acesse: <a href=\"http:\/\/www.livrariacultura.com.br\/\" target=\"_blank\" data-cke-saved-href=\"http:\/\/www.livrariacultura.com.br\/\">http:\/\/www.livrariacultura.com.br<\/a><\/p>\n<p style=\"text-align: left;\">Credenciamento de imprensa: Great Assessoria \u2013 (11) 5051-2400<\/p>\n<p>&nbsp;<\/p>\n","protected":false},"excerpt":{"rendered":"<p>A dupla sertaneja Rick &amp; Renner, considerada uma das maiores do Brasil, ir\u00e1 realizar na pr\u00f3xima quarta-feira (26\/2) uma noite [&hellip;]<\/p>\n","protected":false},"author":1,"featured_media":12882,"comment_status":"closed","ping_status":"closed","sticky":false,"template":"","format":"standard","meta":{"footnotes":""},"categories":[5,8],"tags":[],"class_list":["post-12863","post","type-post","status-publish","format-standard","has-post-thumbnail","hentry","category-coluna","category-noticias"],"_links":{"self":[{"href":"https:\/\/gilfuentes.com.br\/novo\/wp-json\/wp\/v2\/posts\/12863","targetHints":{"allow":["GET"]}}],"collection":[{"href":"https:\/\/gilfuentes.com.br\/novo\/wp-json\/wp\/v2\/posts"}],"about":[{"href":"https:\/\/gilfuentes.com.br\/novo\/wp-json\/wp\/v2\/types\/post"}],"author":[{"embeddable":true,"href":"https:\/\/gilfuentes.com.br\/novo\/wp-json\/wp\/v2\/users\/1"}],"replies":[{"embeddable":true,"href":"https:\/\/gilfuentes.com.br\/novo\/wp-json\/wp\/v2\/comments?post=12863"}],"version-history":[{"count":3,"href":"https:\/\/gilfuentes.com.br\/novo\/wp-json\/wp\/v2\/posts\/12863\/revisions"}],"predecessor-version":[{"id":12868,"href":"https:\/\/gilfuentes.com.br\/novo\/wp-json\/wp\/v2\/posts\/12863\/revisions\/12868"}],"wp:featuredmedia":[{"embeddable":true,"href":"https:\/\/gilfuentes.com.br\/novo\/wp-json\/wp\/v2\/media\/12882"}],"wp:attachment":[{"href":"https:\/\/gilfuentes.com.br\/novo\/wp-json\/wp\/v2\/media?parent=12863"}],"wp:term":[{"taxonomy":"category","embeddable":true,"href":"https:\/\/gilfuentes.com.br\/novo\/wp-json\/wp\/v2\/categories?post=12863"},{"taxonomy":"post_tag","embeddable":true,"href":"https:\/\/gilfuentes.com.br\/novo\/wp-json\/wp\/v2\/tags?post=12863"}],"curies":[{"name":"wp","href":"https:\/\/api.w.org\/{rel}","templated":true}]}}