{"id":12897,"date":"2014-02-21T20:08:29","date_gmt":"2014-02-21T20:08:29","guid":{"rendered":"https:\/\/gilfuentes.com.br\/novo\/?p=12897"},"modified":"2014-02-21T20:11:25","modified_gmt":"2014-02-21T20:11:25","slug":"camarote-vip-gil-fuentes-carnaval-2014","status":"publish","type":"post","link":"https:\/\/gilfuentes.com.br\/novo\/camarote-vip-gil-fuentes-carnaval-2014","title":{"rendered":"Camarote VIP Gil Fuentes &#8211; Carnaval 2014"},"content":{"rendered":"<p>Tudo certo para as tr\u00eas noites de folia em Suzano. O<strong> Camarote VIP Gil Fuentes<\/strong> vai receber convidados ilustres durante as noites de desfiles dos blocos e escolas de samba de Suzano. A Avenida Mogi das Cruzes ser\u00e1 transformada na Avenida Cultural para receber os foli\u00f5es nos dias 1, 2 e 3 de mar\u00e7o de 2014.<\/p>\n<p>&nbsp;<\/p>\n<p>O <strong>Camarote VIP Gil Fuentes<\/strong> ser\u00e1 tem\u00e1tico, em homenagem \u00e0 Copa do Mundo. O estilo verde e amarelo estar\u00e1 impresso nas camisetas &#8211; passaporte obrigat\u00f3rio para o ingresso no camarote &#8211; bem como na decora\u00e7\u00e3o, que ganha detalhes no melhor estilo Brasil.<\/p>\n<p>&nbsp;<\/p>\n<p>A arte da camiseta do\u00a0<strong>Camarote VIP Gil Fuentes\u00a0<\/strong>foi criada pelo designer Eduardo Romano, que estilizou um tamborim e imprimiu cores marcantes na folia do Momo.<\/p>\n<p>&nbsp;<\/p>\n<p><strong>Open Bar<\/strong><\/p>\n<p>Durante as tr\u00eas noites de folia (1, 2 e 3 de mar\u00e7o) os convidados do <strong>CamaroteVIP Gil Fuentes<\/strong> ir\u00e3o desfrutar de total conforto bem como do servi\u00e7o de Open Bar. A ala infantil tamb\u00e9m ter\u00e1 sua vez com guloseimas e adere\u00e7os atraentes.<\/p>\n<p>&nbsp;<\/p>\n<p>Parceiros do\u00a0<strong>Camarote VIP Gil Fuentes<\/strong><\/p>\n<p>Rede DS de Comunica\u00e7\u00e3o<\/p>\n<p>G2 Construtora<\/p>\n<p>McDonald&#8217;s<\/p>\n<p>Beautiful Night<\/p>\n<p>Vivant Neg\u00f3cios Imobili\u00e1rios<\/p>\n<p>R&amp;N Seguros<\/p>\n<p>Unisuz<\/p>\n<p>Fuentes Photo &amp; Est\u00fadio<\/p>\n<p>Col\u00e9gio Forma\u00e7\u00e3o Suzano<\/p>\n<p>Cultura Idiomas<\/p>\n<p>Karen Camargo &#8211; Arte em Acess\u00f3rios<\/p>\n<p>In\u00eas Refei\u00e7\u00f5es<\/p>\n<p>Kilo Nobre<\/p>\n<p>Fitness Center<\/p>\n<p>&nbsp;<\/p>\n<p>&nbsp;<\/p>\n","protected":false},"excerpt":{"rendered":"<p>Tudo certo para as tr\u00eas noites de folia em Suzano. O Camarote VIP Gil Fuentes vai receber convidados ilustres durante [&hellip;]<\/p>\n","protected":false},"author":1,"featured_media":12898,"comment_status":"closed","ping_status":"closed","sticky":false,"template":"","format":"standard","meta":{"footnotes":""},"categories":[5,8],"tags":[],"class_list":["post-12897","post","type-post","status-publish","format-standard","has-post-thumbnail","hentry","category-coluna","category-noticias"],"_links":{"self":[{"href":"https:\/\/gilfuentes.com.br\/novo\/wp-json\/wp\/v2\/posts\/12897","targetHints":{"allow":["GET"]}}],"collection":[{"href":"https:\/\/gilfuentes.com.br\/novo\/wp-json\/wp\/v2\/posts"}],"about":[{"href":"https:\/\/gilfuentes.com.br\/novo\/wp-json\/wp\/v2\/types\/post"}],"author":[{"embeddable":true,"href":"https:\/\/gilfuentes.com.br\/novo\/wp-json\/wp\/v2\/users\/1"}],"replies":[{"embeddable":true,"href":"https:\/\/gilfuentes.com.br\/novo\/wp-json\/wp\/v2\/comments?post=12897"}],"version-history":[{"count":6,"href":"https:\/\/gilfuentes.com.br\/novo\/wp-json\/wp\/v2\/posts\/12897\/revisions"}],"predecessor-version":[{"id":12904,"href":"https:\/\/gilfuentes.com.br\/novo\/wp-json\/wp\/v2\/posts\/12897\/revisions\/12904"}],"wp:featuredmedia":[{"embeddable":true,"href":"https:\/\/gilfuentes.com.br\/novo\/wp-json\/wp\/v2\/media\/12898"}],"wp:attachment":[{"href":"https:\/\/gilfuentes.com.br\/novo\/wp-json\/wp\/v2\/media?parent=12897"}],"wp:term":[{"taxonomy":"category","embeddable":true,"href":"https:\/\/gilfuentes.com.br\/novo\/wp-json\/wp\/v2\/categories?post=12897"},{"taxonomy":"post_tag","embeddable":true,"href":"https:\/\/gilfuentes.com.br\/novo\/wp-json\/wp\/v2\/tags?post=12897"}],"curies":[{"name":"wp","href":"https:\/\/api.w.org\/{rel}","templated":true}]}}