{"id":12919,"date":"2014-02-23T10:00:27","date_gmt":"2014-02-23T10:00:27","guid":{"rendered":"https:\/\/gilfuentes.com.br\/novo\/?p=12919"},"modified":"2014-02-22T14:50:47","modified_gmt":"2014-02-22T14:50:47","slug":"marcos-evaristo-rei-momo-do-carnaval-2014-de-suzano","status":"publish","type":"post","link":"https:\/\/gilfuentes.com.br\/novo\/marcos-evaristo-rei-momo-do-carnaval-2014-de-suzano","title":{"rendered":"Marcos Evaristo \u2013 Rei Momo do Carnaval 2014  de Suzano"},"content":{"rendered":"<p>&nbsp;<\/p>\n<p><em>Sua paix\u00e3o pelo Carnaval come\u00e7ou ainda crian\u00e7a. Seu pai o introduziu neste mundo fascinante de cores e melodias harmoniosas, onde o ritmo e o sorriso imperam. Marcos Evaristo \u00e9 modelista e gerente administrativo. Se superou ao vencer o concurso de Rei Momo do Carnaval 2014 de Suzano e derrotar o seu principal advers\u00e1rio, Ivanildo Junior da Silva, Rei Momo do Carnaval 2012.<\/em><\/p>\n<p>&nbsp;<\/p>\n<p>Fotos: Eduardo Romano<\/p>\n<p>&nbsp;<\/p>\n<p>&nbsp;<\/p>\n<p><a href=\"https:\/\/gilfuentes.com.br\/novo\/wp-content\/uploads\/2014\/02\/2-Marcos-Evaristo-ok.jpg\"><img loading=\"lazy\" decoding=\"async\" class=\"alignnone  wp-image-12922\" alt=\"2-Marcos Evaristo-ok\" src=\"https:\/\/gilfuentes.com.br\/novo\/wp-content\/uploads\/2014\/02\/2-Marcos-Evaristo-ok.jpg\" width=\"360\" height=\"544\" srcset=\"https:\/\/gilfuentes.com.br\/novo\/wp-content\/uploads\/2014\/02\/2-Marcos-Evaristo-ok.jpg 1000w, https:\/\/gilfuentes.com.br\/novo\/wp-content\/uploads\/2014\/02\/2-Marcos-Evaristo-ok-165x250.jpg 165w, https:\/\/gilfuentes.com.br\/novo\/wp-content\/uploads\/2014\/02\/2-Marcos-Evaristo-ok-677x1024.jpg 677w\" sizes=\"auto, (max-width: 360px) 100vw, 360px\" \/><\/a><\/p>\n<p>&nbsp;<\/p>\n<p>&nbsp;<\/p>\n<p><strong>Voc\u00ea j\u00e1 tem uma hist\u00f3ria no Carnaval de Suzano. Fale um pouco sobre isso.<\/strong><\/p>\n<p><strong>Marcos Evaristo<\/strong> \u2013 Atuo no Carnaval de\u00a0 S\u00e3o Paulo. Em Suzano estou h\u00e1 14 anos,\u00a0tanto como destaque de luxo\u00a0pela GRES P\u00e9rola Negra, auxiliando no desenvolvimento de fantasias e coreografia, comiss\u00e3o de frente na GRES Casa Branca,\u00a0em 2008\u00a0e 2009. Participei tamb\u00e9m de desfiles em Mogi das Cruzes, mas sempre foquei no Carnaval de Suzano.<\/p>\n<p>&nbsp;<\/p>\n<p><strong>Como o Carnaval entrou na sua vida?<\/strong><\/p>\n<p><strong>Marcos<\/strong> \u2013 Fui incentivado pelo meu pai, que sempre saiu na Vai-Vai, em S\u00e3o Paulo, e era apaixonado pelo Carnaval e tamb\u00e9m em Suzano quando o Carnaval era na Glic\u00e9rio e matin\u00eas no Gin\u00e1sio Municipal. Sempre que poss\u00edvel est\u00e1vamos\u00a0assistindo os blocos, escolas de samba e toda aquela disputa das\u00a0 escolas mais antigas, muitas hoje n\u00e3o desfilam mais, o que \u00e9 uma pena, pois se tratava de uma disputa bem acirrada, por\u00e9m sadia entre\u00a0 Galo de Ouro,\u00a0Tigre do Vale, P\u00e9rola Negra\u00a0, Cruzeiro do Sul e outras. Entre o encanto do brilho, plumas e bateria surgiu esse amor pelo Carnaval de Suzano.<\/p>\n<p>&nbsp;<\/p>\n<p>&nbsp;<\/p>\n<p><a href=\"https:\/\/gilfuentes.com.br\/novo\/wp-content\/uploads\/2014\/02\/3-Marcos-Evaristo-ok.jpg\"><img loading=\"lazy\" decoding=\"async\" class=\"alignnone  wp-image-12923\" alt=\"3-Marcos Evaristo-ok\" src=\"https:\/\/gilfuentes.com.br\/novo\/wp-content\/uploads\/2014\/02\/3-Marcos-Evaristo-ok.jpg\" width=\"360\" height=\"479\" srcset=\"https:\/\/gilfuentes.com.br\/novo\/wp-content\/uploads\/2014\/02\/3-Marcos-Evaristo-ok.jpg 1000w, https:\/\/gilfuentes.com.br\/novo\/wp-content\/uploads\/2014\/02\/3-Marcos-Evaristo-ok-187x250.jpg 187w, https:\/\/gilfuentes.com.br\/novo\/wp-content\/uploads\/2014\/02\/3-Marcos-Evaristo-ok-768x1024.jpg 768w\" sizes=\"auto, (max-width: 360px) 100vw, 360px\" \/><\/a><\/p>\n<p>&nbsp;<\/p>\n<p>&nbsp;<\/p>\n<p><strong>Era um sonho seu ser rei momo?<\/strong><\/p>\n<p><strong>Marcos<\/strong> \u2013 Sim, realmente era. Sempre tive aquele respeito pelas cortes passadas, e hoje fazendo parte dela, sei o papel importante que ela tem. Espelho de simpatia, cortesia, alegria e saber receber as pessoas que\u00a0ir\u00e3o assistir aos desfiles e esperam ver tudo isso e sonhar em quem sabe estar fazendo parte de tudo aquilo.<\/p>\n<p>&nbsp;<\/p>\n<p><strong>Como est\u00e1 se preparando para enfrentar a passarela do samba nas noites de folia?<\/strong><\/p>\n<p><strong>Marcos<\/strong> \u2013 O preparo f\u00edsico \u00e9 poder estar nos ensaios, sempre poder estar perto da bateria que contagia qualquer um. \u00c9 preciso tomar muito l\u00edquido para hidratar, mas a vontade de fazer um belo reinado \u00e9 maior.<br \/>\n<strong>Como foi vencer o concurso para Rei Momo do Carnaval 2014 de Suzano?<\/strong><\/p>\n<p><strong>Marcos<\/strong> \u2013 Foi desafiador e ao mesmo tempo emocionante. Tudo passa muito r\u00e1pido. Concorrer j\u00e1 \u00e9 dif\u00edcil e concorrer com a Corte anterior foi bem mais, mas como eu disse, acredito em posso fazer realmente\u00a0 um bom Carnaval em 2014.<\/p>\n<p>&nbsp;<\/p>\n<p>&nbsp;<\/p>\n<p><span style=\"text-decoration: underline;\"><strong>Jogo r\u00e1pido<\/strong><\/span><\/p>\n<p>&nbsp;<\/p>\n<p><strong>Um lugar<\/strong><br \/>\nMinha casa<\/p>\n<p>&nbsp;<\/p>\n<p><strong>Um cheiro<\/strong><br \/>\nCheirinho de m\u00e3e<\/p>\n<p>&nbsp;<\/p>\n<p><strong>Uma cor<\/strong><br \/>\nAmarelo<\/p>\n<p>&nbsp;<\/p>\n<p><strong>Um livro<\/strong><br \/>\nOs Miser\u00e1veis, de Victor Hugo<\/p>\n<p>&nbsp;<\/p>\n<p><strong>Um filme<\/strong><br \/>\nOs Miser\u00e1veis<\/p>\n<p>&nbsp;<\/p>\n<p><strong>Uma m\u00fasica<br \/>\n<\/strong>Maria, Maria de Milton Nascimento<\/p>\n<p>&nbsp;<\/p>\n<p><strong>Um momento<\/strong><br \/>\nSempre com a fam\u00edlia<\/p>\n<p>&nbsp;<\/p>\n<p><strong>Um homem<\/strong><br \/>\nMeu pai<\/p>\n<p>&nbsp;<\/p>\n<p><strong>Uma mulher<\/strong><br \/>\nMinha m\u00e3e, sempre<\/p>\n<p>&nbsp;<\/p>\n<p><strong>Deus<\/strong><br \/>\nSabedoria<\/p>\n<p>&nbsp;<\/p>\n<p>&nbsp;<\/p>\n<p>&nbsp;<\/p>\n","protected":false},"excerpt":{"rendered":"<p>&nbsp; Sua paix\u00e3o pelo Carnaval come\u00e7ou ainda crian\u00e7a. Seu pai o introduziu neste mundo fascinante de cores e melodias harmoniosas, [&hellip;]<\/p>\n","protected":false},"author":1,"featured_media":12921,"comment_status":"closed","ping_status":"closed","sticky":false,"template":"","format":"standard","meta":{"footnotes":""},"categories":[5,8],"tags":[],"class_list":["post-12919","post","type-post","status-publish","format-standard","has-post-thumbnail","hentry","category-coluna","category-noticias"],"_links":{"self":[{"href":"https:\/\/gilfuentes.com.br\/novo\/wp-json\/wp\/v2\/posts\/12919","targetHints":{"allow":["GET"]}}],"collection":[{"href":"https:\/\/gilfuentes.com.br\/novo\/wp-json\/wp\/v2\/posts"}],"about":[{"href":"https:\/\/gilfuentes.com.br\/novo\/wp-json\/wp\/v2\/types\/post"}],"author":[{"embeddable":true,"href":"https:\/\/gilfuentes.com.br\/novo\/wp-json\/wp\/v2\/users\/1"}],"replies":[{"embeddable":true,"href":"https:\/\/gilfuentes.com.br\/novo\/wp-json\/wp\/v2\/comments?post=12919"}],"version-history":[{"count":3,"href":"https:\/\/gilfuentes.com.br\/novo\/wp-json\/wp\/v2\/posts\/12919\/revisions"}],"predecessor-version":[{"id":12925,"href":"https:\/\/gilfuentes.com.br\/novo\/wp-json\/wp\/v2\/posts\/12919\/revisions\/12925"}],"wp:featuredmedia":[{"embeddable":true,"href":"https:\/\/gilfuentes.com.br\/novo\/wp-json\/wp\/v2\/media\/12921"}],"wp:attachment":[{"href":"https:\/\/gilfuentes.com.br\/novo\/wp-json\/wp\/v2\/media?parent=12919"}],"wp:term":[{"taxonomy":"category","embeddable":true,"href":"https:\/\/gilfuentes.com.br\/novo\/wp-json\/wp\/v2\/categories?post=12919"},{"taxonomy":"post_tag","embeddable":true,"href":"https:\/\/gilfuentes.com.br\/novo\/wp-json\/wp\/v2\/tags?post=12919"}],"curies":[{"name":"wp","href":"https:\/\/api.w.org\/{rel}","templated":true}]}}