{"id":12948,"date":"2014-02-26T10:00:57","date_gmt":"2014-02-26T10:00:57","guid":{"rendered":"https:\/\/gilfuentes.com.br\/novo\/?p=12948"},"modified":"2014-02-25T20:16:31","modified_gmt":"2014-02-25T20:16:31","slug":"a-arte-de-pedro-neves","status":"publish","type":"post","link":"https:\/\/gilfuentes.com.br\/novo\/a-arte-de-pedro-neves","title":{"rendered":"A Arte de Pedro Neves"},"content":{"rendered":"<p>Pedro Neves abriu a temporada de arte do ano. Por meio da Secretaria de Cultura de Suzano est\u00e1 no Centro Cultural Palmeiras \u201cProf. Luiz Antonio da Silva\u201d com a exposi\u00e7\u00e3o \u201cA Arte de Pedro Neves\u201d at\u00e9 esta sexta-feira, dia 28. Trata-se de uma mostra individual com 11 obras suas e mais 17 obras do seu acervo particular, com obras de: Paulo Ac\u00eancio e \u00canio Cintra, de S\u00e3o Paulo; Daniel de Souza Melo e Keneth Moses, de Mogi das Cruzes; On\u00e9lio Cruz e Mago, de Ferraz de Vasconcelos. Os artistas de Suzano est\u00e3o representados por Mario Freire, Betto, Alexandre Almeida, Agota Kiura, Walter Chiachio, C\u00e9lia Pess\u00f4a, Luiz Alberto e Pedro Silva Galv\u00e3o. De 4 a 28 de mar\u00e7o a exposi\u00e7\u00e3o estar\u00e1 no Centro Cultural Colorado \u201cMonteiro Lobato\u201d.<\/p>\n<p>&nbsp;<\/p>\n<p>&nbsp;<\/p>\n<p>Fotos: Divulga\u00e7\u00e3o<\/p>\n<p>&nbsp;<\/p>\n<p><a href=\"https:\/\/gilfuentes.com.br\/novo\/wp-content\/uploads\/2014\/02\/d4_22.jpg\"><img loading=\"lazy\" decoding=\"async\" class=\"alignnone  wp-image-12950\" alt=\"d4_2\" src=\"https:\/\/gilfuentes.com.br\/novo\/wp-content\/uploads\/2014\/02\/d4_22.jpg\" width=\"423\" height=\"317\" srcset=\"https:\/\/gilfuentes.com.br\/novo\/wp-content\/uploads\/2014\/02\/d4_22.jpg 3264w, https:\/\/gilfuentes.com.br\/novo\/wp-content\/uploads\/2014\/02\/d4_22-333x250.jpg 333w, https:\/\/gilfuentes.com.br\/novo\/wp-content\/uploads\/2014\/02\/d4_22-1024x768.jpg 1024w\" sizes=\"auto, (max-width: 423px) 100vw, 423px\" \/><\/a><\/p>\n<p>&nbsp;<\/p>\n<p>Jos\u00e9 Neves, Lulinha do brasil e Pedro Neves<\/p>\n<p>&nbsp;<\/p>\n<p>&nbsp;<\/p>\n<p><a href=\"https:\/\/gilfuentes.com.br\/novo\/wp-content\/uploads\/2014\/02\/d4_32.jpg\"><img loading=\"lazy\" decoding=\"async\" class=\"alignnone  wp-image-12951\" alt=\"d4_3\" src=\"https:\/\/gilfuentes.com.br\/novo\/wp-content\/uploads\/2014\/02\/d4_32.jpg\" width=\"423\" height=\"317\" srcset=\"https:\/\/gilfuentes.com.br\/novo\/wp-content\/uploads\/2014\/02\/d4_32.jpg 3264w, https:\/\/gilfuentes.com.br\/novo\/wp-content\/uploads\/2014\/02\/d4_32-333x250.jpg 333w, https:\/\/gilfuentes.com.br\/novo\/wp-content\/uploads\/2014\/02\/d4_32-1024x768.jpg 1024w\" sizes=\"auto, (max-width: 423px) 100vw, 423px\" \/><\/a><\/p>\n<p>&nbsp;<\/p>\n<p>A artista pl\u00e1stica Linda Fuga, do Grupo Frontesp\u00edcio, de Mogi das Cruzes<\/p>\n<p>&nbsp;<\/p>\n<p>&nbsp;<\/p>\n<p>&nbsp;<\/p>\n","protected":false},"excerpt":{"rendered":"<p>Pedro Neves abriu a temporada de arte do ano. Por meio da Secretaria de Cultura de Suzano est\u00e1 no Centro [&hellip;]<\/p>\n","protected":false},"author":1,"featured_media":12949,"comment_status":"closed","ping_status":"closed","sticky":false,"template":"","format":"standard","meta":{"footnotes":""},"categories":[5,8],"tags":[],"class_list":["post-12948","post","type-post","status-publish","format-standard","has-post-thumbnail","hentry","category-coluna","category-noticias"],"_links":{"self":[{"href":"https:\/\/gilfuentes.com.br\/novo\/wp-json\/wp\/v2\/posts\/12948","targetHints":{"allow":["GET"]}}],"collection":[{"href":"https:\/\/gilfuentes.com.br\/novo\/wp-json\/wp\/v2\/posts"}],"about":[{"href":"https:\/\/gilfuentes.com.br\/novo\/wp-json\/wp\/v2\/types\/post"}],"author":[{"embeddable":true,"href":"https:\/\/gilfuentes.com.br\/novo\/wp-json\/wp\/v2\/users\/1"}],"replies":[{"embeddable":true,"href":"https:\/\/gilfuentes.com.br\/novo\/wp-json\/wp\/v2\/comments?post=12948"}],"version-history":[{"count":1,"href":"https:\/\/gilfuentes.com.br\/novo\/wp-json\/wp\/v2\/posts\/12948\/revisions"}],"predecessor-version":[{"id":12954,"href":"https:\/\/gilfuentes.com.br\/novo\/wp-json\/wp\/v2\/posts\/12948\/revisions\/12954"}],"wp:featuredmedia":[{"embeddable":true,"href":"https:\/\/gilfuentes.com.br\/novo\/wp-json\/wp\/v2\/media\/12949"}],"wp:attachment":[{"href":"https:\/\/gilfuentes.com.br\/novo\/wp-json\/wp\/v2\/media?parent=12948"}],"wp:term":[{"taxonomy":"category","embeddable":true,"href":"https:\/\/gilfuentes.com.br\/novo\/wp-json\/wp\/v2\/categories?post=12948"},{"taxonomy":"post_tag","embeddable":true,"href":"https:\/\/gilfuentes.com.br\/novo\/wp-json\/wp\/v2\/tags?post=12948"}],"curies":[{"name":"wp","href":"https:\/\/api.w.org\/{rel}","templated":true}]}}