{"id":13053,"date":"2014-03-08T15:00:15","date_gmt":"2014-03-08T15:00:15","guid":{"rendered":"https:\/\/gilfuentes.com.br\/novo\/?p=13053"},"modified":"2014-03-08T15:03:11","modified_gmt":"2014-03-08T15:03:11","slug":"mulheres-de-talento","status":"publish","type":"post","link":"https:\/\/gilfuentes.com.br\/novo\/mulheres-de-talento","title":{"rendered":"Mulheres de Talento!"},"content":{"rendered":"<p>Erin Brokovich \u00e9 um filme biogr\u00e1fico, que conta a vida de uma mulher solteira, com tr\u00eas filhos e desempregada que, para sobreviver, vai trabalhar como arquivista em um escrit\u00f3rio de advocacia. L\u00e1 ela descobre que uma empresa de energia el\u00e9trica est\u00e1 contaminando a \u00e1gua de uma pequena cidade da Calif\u00f3rnia com subst\u00e2ncias t\u00f3xicas.<\/p>\n<p>&nbsp;<\/p>\n<p>Ela trabalhou durante cinco anos reunindo provas para abrir uma a\u00e7\u00e3o judicial contra essa companhia e ganhou a causa. A atriz que a representou no cinema foi Julia Roberts e pelo se desempenho neste filme ela ganhou o Oscar de melhor atriz em 2001. No Brasil o filme recebeu o t\u00edtulo de Erin Brokovich &#8211; Uma mulher de talento.<\/p>\n<p>&nbsp;<\/p>\n<p>O talento das mulheres aparece naturalmente naquilo que elas se prop\u00f5em a fazer ou nas profiss\u00f5es que escolhem seguir: m\u00e9dicas, advogadas, administradoras, empres\u00e1rias, pol\u00edticas, motoristas, dirigentes de escolas de samba, oper\u00e1rias, bab\u00e1s, s\u00edndicas. Cada uma, a seu modo, tem sua forma pr\u00f3pria de se guiar em sua escolha.<\/p>\n<p>&nbsp;<\/p>\n<p>O dia 8 de mar\u00e7o \u00e9 dedicado \u00e0 mulher. Essa data foi oficializada pela ONU em 1975, e determinada como \u201cDia Internacional da Mulher\u201d.<\/p>\n<p>&nbsp;<\/p>\n<p>A data foi escolhida por que nesse dia, no ano de 1857, em Nova York, 129 tecel\u00e3s morreram carbonizadas no galp\u00e3o da f\u00e1brica em que trabalhavam. Elas faziam uma greve por melhores condi\u00e7\u00f5es de trabalho e foram trancadas dentro da f\u00e1brica que depois foi incendiada.<\/p>\n<p>&nbsp;<\/p>\n<p>A data foi criada para que se realizassem debates, reuni\u00f5es e confer\u00eancias, cujo objetivo \u00e9 discutir o papel da mulher na sociedade atual.<\/p>\n<p>&nbsp;<\/p>\n<p>Hoje as mulheres ocupam cargos p\u00fablicos, presidem empresas, dirigem ind\u00fastrias, s\u00e3o empreendedoras, ao mesmo tempo em que s\u00e3o m\u00e3es, esposas, filhas, av\u00f3s. Est\u00e3o sempre atentas as necessidades familiares, deixando fluir a emo\u00e7\u00e3o e o carinho por aqueles que lhes s\u00e3o caros.<\/p>\n<p>O dia 8 de mar\u00e7o n\u00e3o \u00e9 apenas o dia da mulher, mas \u00e9 um dia em especial, no qual podemos parar e refletir sobre todas as barreiras que foram vencidas para que consegu\u00edssemos ser bem sucedidas na carreira que escolhemos seguir sem perder a feminilidade e o direito de ser feliz.<\/p>\n<p>&nbsp;<\/p>\n<p>Para homenagear as mulheres, nesse dia t\u00e3o especial, trazemos o poema Mulher escrito por Ilsa da Luz Barbosa:<\/p>\n<p>&nbsp;<\/p>\n<p>&nbsp;<\/p>\n<p><span style=\"text-decoration: underline;\"><strong>Mulher<\/strong><\/span><\/p>\n<p>Ilsa da Luz Barbosa<\/p>\n<p>&nbsp;<\/p>\n<p>Voc\u00ea que busca no dia a dia sua independ\u00eancia, sua liberdade, sua identidade pr\u00f3pria;<\/p>\n<p>Voc\u00ea que luta profissional e emocionalmente, para ser valorizada e compreendida;<\/p>\n<p>Voc\u00ea que a cada momento tenta ser a companheira, a amiga, a \u201crainha do lar\u201d;<\/p>\n<p>Voc\u00ea que batalha incansavelmente por seus pr\u00f3prios direitos e tamb\u00e9m por um mundo mais justo e por uma sociedade sem viol\u00eancias;<\/p>\n<p>Voc\u00ea que resiste aos sarcasmos daqueles que a chamam pejorativamente, de feminista liberal e que j\u00e1 ocupa um espa\u00e7o na f\u00e1brica, na escola, na empresa e na pol\u00edtica;<\/p>\n<p>Voc\u00ea, eu, n\u00f3s que temos a capacidade de gerar outro ser, temos tamb\u00e9m o dever de gerar alternativas para que a nossa A\u00e7\u00e3o criadora, realmente ajude outras mulheres a conquistarem a liberdade de Ser&#8230;<\/p>\n<p>&nbsp;<\/p>\n<p>&nbsp;<\/p>\n","protected":false},"excerpt":{"rendered":"<p>Erin Brokovich \u00e9 um filme biogr\u00e1fico, que conta a vida de uma mulher solteira, com tr\u00eas filhos e desempregada que, [&hellip;]<\/p>\n","protected":false},"author":1,"featured_media":13054,"comment_status":"closed","ping_status":"closed","sticky":false,"template":"","format":"standard","meta":{"footnotes":""},"categories":[5,6],"tags":[],"class_list":["post-13053","post","type-post","status-publish","format-standard","has-post-thumbnail","hentry","category-coluna","category-colunistas"],"_links":{"self":[{"href":"https:\/\/gilfuentes.com.br\/novo\/wp-json\/wp\/v2\/posts\/13053","targetHints":{"allow":["GET"]}}],"collection":[{"href":"https:\/\/gilfuentes.com.br\/novo\/wp-json\/wp\/v2\/posts"}],"about":[{"href":"https:\/\/gilfuentes.com.br\/novo\/wp-json\/wp\/v2\/types\/post"}],"author":[{"embeddable":true,"href":"https:\/\/gilfuentes.com.br\/novo\/wp-json\/wp\/v2\/users\/1"}],"replies":[{"embeddable":true,"href":"https:\/\/gilfuentes.com.br\/novo\/wp-json\/wp\/v2\/comments?post=13053"}],"version-history":[{"count":1,"href":"https:\/\/gilfuentes.com.br\/novo\/wp-json\/wp\/v2\/posts\/13053\/revisions"}],"predecessor-version":[{"id":13055,"href":"https:\/\/gilfuentes.com.br\/novo\/wp-json\/wp\/v2\/posts\/13053\/revisions\/13055"}],"wp:featuredmedia":[{"embeddable":true,"href":"https:\/\/gilfuentes.com.br\/novo\/wp-json\/wp\/v2\/media\/13054"}],"wp:attachment":[{"href":"https:\/\/gilfuentes.com.br\/novo\/wp-json\/wp\/v2\/media?parent=13053"}],"wp:term":[{"taxonomy":"category","embeddable":true,"href":"https:\/\/gilfuentes.com.br\/novo\/wp-json\/wp\/v2\/categories?post=13053"},{"taxonomy":"post_tag","embeddable":true,"href":"https:\/\/gilfuentes.com.br\/novo\/wp-json\/wp\/v2\/tags?post=13053"}],"curies":[{"name":"wp","href":"https:\/\/api.w.org\/{rel}","templated":true}]}}