{"id":13056,"date":"2014-03-09T21:03:06","date_gmt":"2014-03-09T21:03:06","guid":{"rendered":"https:\/\/gilfuentes.com.br\/novo\/?p=13056"},"modified":"2014-03-09T21:25:30","modified_gmt":"2014-03-09T21:25:30","slug":"meu-brasil-no-wtc-sp","status":"publish","type":"post","link":"https:\/\/gilfuentes.com.br\/novo\/meu-brasil-no-wtc-sp","title":{"rendered":"Meu Brasil no WTC-SP"},"content":{"rendered":"<p>O Complexo WTC-SP recebe o espet\u00e1culo \u201cMeu Brasil\u201d, dia 11 de mar\u00e7o, \u00e0s 20 horas. Na apresenta\u00e7\u00e3o, o diretor art\u00edstico Anderson Couto faz uma viagem pela m\u00fasica do Brasil, na vis\u00e3o de radialista, atendendo aos pedidos dos ouvintes. Grandes \u00edcones da m\u00fasica popular brasileira s\u00e3o homenageados no espet\u00e1culo, como Vinicius de Moraes, Tom Jobim, Adoniram Barbosa e Chico Buarque, mostrando a verdadeira forma\u00e7\u00e3o da identidade musical brasileira.<\/p>\n<p>&nbsp;<\/p>\n<p>&nbsp;<\/p>\n<p><a href=\"https:\/\/gilfuentes.com.br\/novo\/wp-content\/uploads\/2014\/03\/Convite-Meu-Brasil.jpg\"><img loading=\"lazy\" decoding=\"async\" class=\"alignnone  wp-image-13057\" alt=\"Convite Meu Brasil\" src=\"https:\/\/gilfuentes.com.br\/novo\/wp-content\/uploads\/2014\/03\/Convite-Meu-Brasil.jpg\" width=\"540\" height=\"370\" srcset=\"https:\/\/gilfuentes.com.br\/novo\/wp-content\/uploads\/2014\/03\/Convite-Meu-Brasil.jpg 1500w, https:\/\/gilfuentes.com.br\/novo\/wp-content\/uploads\/2014\/03\/Convite-Meu-Brasil-364x250.jpg 364w, https:\/\/gilfuentes.com.br\/novo\/wp-content\/uploads\/2014\/03\/Convite-Meu-Brasil-1024x702.jpg 1024w\" sizes=\"auto, (max-width: 540px) 100vw, 540px\" \/><\/a><\/p>\n<p>&nbsp;<\/p>\n<p>&nbsp;<\/p>\n<p>Servi\u00e7o:<\/p>\n<p>Meu Brasil<br \/>\nQuando: 11 de mar\u00e7o de 2014<\/p>\n<p>Hor\u00e1rio: 19h30<br \/>\nOnde: WTC Teatro &#8211; Av. Na\u00e7\u00f5es Unidas, 12559 &#8211; Brooklin &#8211; S\u00e3o Paulo<\/p>\n<p>Informa\u00e7\u00f5es: 3043-9650<\/p>\n<p>&nbsp;<\/p>\n<p>SOBRE O COMPLEXO WTC-SP<\/p>\n<p>Inaugurado em 1995, o World Trade Center S\u00e3o Paulo \u2013 WTC-SP \u00e9 um complexo empresarial composto por cinco unidades de neg\u00f3cios que se integram: WTC Tower, Sheraton S\u00e3o Paulo WTC Hotel, WTC Events Center, WTC Business Club e pelo D&amp;D Shopping. O complexo \u00e9 pioneiro na regi\u00e3o da Av. Berrini, um dos principais centros de business em S\u00e3o Paulo.<\/p>\n<p>Mais informa\u00e7\u00f5es em: <a href=\"http:\/\/wtc.com.br\" target=\"_blank\" data-cke-saved-href=\"http:\/\/wtc.com.br\">http:\/\/wtc.com.br<\/a><\/p>\n<p>&nbsp;<\/p>\n<p>Informa\u00e7\u00f5es \u00e0 imprensa<\/p>\n<p>Marina Fran\u00e7a \u2013 <a href=\"mailto:marina@mdassessoriacom.com.br\" data-cke-saved-href=\"mailto:marina@mdassessoriacom.com.br\">marina@mdassessoriacom.com.br<\/a><\/p>\n<p>M\u00e1rcia Dadamos \u2013 <a title=\"blocked::mailto:marciadadamos@uol.com.br&lt;br \/&gt;\nblocked::mailto:marciadadamos@uol.com.br&lt;br \/&gt;\nmailto:marciadadamos@uol.com.br&lt;br \/&gt;\nblocked::mailto:marciadadamos@uol.com.br&lt;br \/&gt;\nmailto:marciadadamos@uol.com.br\" href=\"mailto:marciadadamos@uol.com.br\" target=\"_blank\" data-cke-saved-href=\"mailto:marciadadamos@uol.com.br\">marciadadamos@uol.com.br<\/a><\/p>\n<p>MD assessoria &amp; comunica\u00e7\u00e3o<\/p>\n<p>11 3049-1888 \/ 96470-7439<\/p>\n<p>&nbsp;<\/p>\n<p>&nbsp;<\/p>\n","protected":false},"excerpt":{"rendered":"<p>O Complexo WTC-SP recebe o espet\u00e1culo \u201cMeu Brasil\u201d, dia 11 de mar\u00e7o, \u00e0s 20 horas. Na apresenta\u00e7\u00e3o, o diretor art\u00edstico [&hellip;]<\/p>\n","protected":false},"author":1,"featured_media":13060,"comment_status":"closed","ping_status":"closed","sticky":false,"template":"","format":"standard","meta":{"footnotes":""},"categories":[5,8],"tags":[],"class_list":["post-13056","post","type-post","status-publish","format-standard","has-post-thumbnail","hentry","category-coluna","category-noticias"],"_links":{"self":[{"href":"https:\/\/gilfuentes.com.br\/novo\/wp-json\/wp\/v2\/posts\/13056","targetHints":{"allow":["GET"]}}],"collection":[{"href":"https:\/\/gilfuentes.com.br\/novo\/wp-json\/wp\/v2\/posts"}],"about":[{"href":"https:\/\/gilfuentes.com.br\/novo\/wp-json\/wp\/v2\/types\/post"}],"author":[{"embeddable":true,"href":"https:\/\/gilfuentes.com.br\/novo\/wp-json\/wp\/v2\/users\/1"}],"replies":[{"embeddable":true,"href":"https:\/\/gilfuentes.com.br\/novo\/wp-json\/wp\/v2\/comments?post=13056"}],"version-history":[{"count":3,"href":"https:\/\/gilfuentes.com.br\/novo\/wp-json\/wp\/v2\/posts\/13056\/revisions"}],"predecessor-version":[{"id":13059,"href":"https:\/\/gilfuentes.com.br\/novo\/wp-json\/wp\/v2\/posts\/13056\/revisions\/13059"}],"wp:featuredmedia":[{"embeddable":true,"href":"https:\/\/gilfuentes.com.br\/novo\/wp-json\/wp\/v2\/media\/13060"}],"wp:attachment":[{"href":"https:\/\/gilfuentes.com.br\/novo\/wp-json\/wp\/v2\/media?parent=13056"}],"wp:term":[{"taxonomy":"category","embeddable":true,"href":"https:\/\/gilfuentes.com.br\/novo\/wp-json\/wp\/v2\/categories?post=13056"},{"taxonomy":"post_tag","embeddable":true,"href":"https:\/\/gilfuentes.com.br\/novo\/wp-json\/wp\/v2\/tags?post=13056"}],"curies":[{"name":"wp","href":"https:\/\/api.w.org\/{rel}","templated":true}]}}