{"id":13123,"date":"2014-03-14T18:04:55","date_gmt":"2014-03-14T18:04:55","guid":{"rendered":"https:\/\/gilfuentes.com.br\/novo\/?p=13123"},"modified":"2014-03-14T19:17:15","modified_gmt":"2014-03-14T19:17:15","slug":"ivan-siqueira-se-suicida-em-mogi","status":"publish","type":"post","link":"https:\/\/gilfuentes.com.br\/novo\/ivan-siqueira-se-suicida-em-mogi","title":{"rendered":"Ivan Siqueira suicidou-se em Mogi das Cruzes"},"content":{"rendered":"<p>Ivan Siqueira foi um vereador atuante em Mogi das Cruzes. Teve oito mandatos e por v\u00e1rias vezes assumiu a presid\u00eancia da Casa de Leis. Hoje (14) por volta das 10 horas ele atirou na pr\u00f3pria cabe\u00e7a diante do t\u00famulo dos pais, no Cemit\u00e9rio S\u00e3o Salvador. Foi encontrado ainda com vida e levado para o Hospital Luzia de Pinho Melo, mas n\u00e3o resistiu. Sua morte foi anunciada por volta das 12h30. No dia 17 de janeiro ele completou 82 anos.<\/p>\n<p>&nbsp;<\/p>\n<p><a href=\"https:\/\/gilfuentes.com.br\/novo\/wp-content\/uploads\/2014\/03\/Ivan-Siqueira.jpg\"><img loading=\"lazy\" decoding=\"async\" class=\"alignnone size-full wp-image-13125\" alt=\"Ivan Siqueira\" src=\"https:\/\/gilfuentes.com.br\/novo\/wp-content\/uploads\/2014\/03\/Ivan-Siqueira.jpg\" width=\"300\" height=\"225\" \/><\/a><\/p>\n<p>&nbsp;<\/p>\n<p>&nbsp;<\/p>\n<p>&nbsp;<\/p>\n<p>&nbsp;<\/p>\n<p>&nbsp;<\/p>\n","protected":false},"excerpt":{"rendered":"<p>Ivan Siqueira foi um vereador atuante em Mogi das Cruzes. Teve oito mandatos e por v\u00e1rias vezes assumiu a presid\u00eancia [&hellip;]<\/p>\n","protected":false},"author":1,"featured_media":13129,"comment_status":"closed","ping_status":"closed","sticky":false,"template":"","format":"standard","meta":{"footnotes":""},"categories":[5,8],"tags":[],"class_list":["post-13123","post","type-post","status-publish","format-standard","has-post-thumbnail","hentry","category-coluna","category-noticias"],"_links":{"self":[{"href":"https:\/\/gilfuentes.com.br\/novo\/wp-json\/wp\/v2\/posts\/13123","targetHints":{"allow":["GET"]}}],"collection":[{"href":"https:\/\/gilfuentes.com.br\/novo\/wp-json\/wp\/v2\/posts"}],"about":[{"href":"https:\/\/gilfuentes.com.br\/novo\/wp-json\/wp\/v2\/types\/post"}],"author":[{"embeddable":true,"href":"https:\/\/gilfuentes.com.br\/novo\/wp-json\/wp\/v2\/users\/1"}],"replies":[{"embeddable":true,"href":"https:\/\/gilfuentes.com.br\/novo\/wp-json\/wp\/v2\/comments?post=13123"}],"version-history":[{"count":3,"href":"https:\/\/gilfuentes.com.br\/novo\/wp-json\/wp\/v2\/posts\/13123\/revisions"}],"predecessor-version":[{"id":13142,"href":"https:\/\/gilfuentes.com.br\/novo\/wp-json\/wp\/v2\/posts\/13123\/revisions\/13142"}],"wp:featuredmedia":[{"embeddable":true,"href":"https:\/\/gilfuentes.com.br\/novo\/wp-json\/wp\/v2\/media\/13129"}],"wp:attachment":[{"href":"https:\/\/gilfuentes.com.br\/novo\/wp-json\/wp\/v2\/media?parent=13123"}],"wp:term":[{"taxonomy":"category","embeddable":true,"href":"https:\/\/gilfuentes.com.br\/novo\/wp-json\/wp\/v2\/categories?post=13123"},{"taxonomy":"post_tag","embeddable":true,"href":"https:\/\/gilfuentes.com.br\/novo\/wp-json\/wp\/v2\/tags?post=13123"}],"curies":[{"name":"wp","href":"https:\/\/api.w.org\/{rel}","templated":true}]}}