{"id":13205,"date":"2014-03-19T19:41:48","date_gmt":"2014-03-19T19:41:48","guid":{"rendered":"https:\/\/gilfuentes.com.br\/novo\/?p=13205"},"modified":"2014-03-19T19:41:48","modified_gmt":"2014-03-19T19:41:48","slug":"elis-a-musical-no-teatro-alfa","status":"publish","type":"post","link":"https:\/\/gilfuentes.com.br\/novo\/elis-a-musical-no-teatro-alfa","title":{"rendered":"Elis &#8211; A Musical no Teatro Alfa"},"content":{"rendered":"<p>Laila Garin, que j\u00e1 coleciona pr\u00eamios pela sua atua\u00e7\u00e3o como Elis Regina, emocionou os dois filhos da cantora, Jo\u00e3o Marcelo B\u00f4scoli e Pedro Camargo Mariano, na noite do \u00faltimo s\u00e1bado ao estrear\u00a0&#8220;Elis &#8211; A Musical&#8221;, no\u00a0Teatro Alfa, em Sampa. O cantor Jair Rodrigues esteve presente e foi\u00a0homenageado.<\/p>\n<p>&nbsp;<\/p>\n<p>&nbsp;<\/p>\n<p><img loading=\"lazy\" decoding=\"async\" class=\"alignnone size-full wp-image-13207\" alt=\"download\" src=\"https:\/\/gilfuentes.com.br\/novo\/wp-content\/uploads\/2014\/03\/download.jpg\" width=\"251\" height=\"201\" \/>\u00a0 \u00a0 \u00a0 \u00a0 \u00a0\u00a0<img loading=\"lazy\" decoding=\"async\" class=\"alignnone  wp-image-13208\" alt=\"laila\" src=\"https:\/\/gilfuentes.com.br\/novo\/wp-content\/uploads\/2014\/03\/laila.jpg\" width=\"223\" height=\"148\" srcset=\"https:\/\/gilfuentes.com.br\/novo\/wp-content\/uploads\/2014\/03\/laila.jpg 620w, https:\/\/gilfuentes.com.br\/novo\/wp-content\/uploads\/2014\/03\/laila-376x250.jpg 376w\" sizes=\"auto, (max-width: 223px) 100vw, 223px\" \/><\/p>\n<p>&nbsp;<\/p>\n<p>&nbsp;<\/p>\n","protected":false},"excerpt":{"rendered":"<p>Laila Garin, que j\u00e1 coleciona pr\u00eamios pela sua atua\u00e7\u00e3o como Elis Regina, emocionou os dois filhos da cantora, Jo\u00e3o Marcelo [&hellip;]<\/p>\n","protected":false},"author":1,"featured_media":13206,"comment_status":"closed","ping_status":"closed","sticky":false,"template":"","format":"standard","meta":{"footnotes":""},"categories":[5,8],"tags":[],"class_list":["post-13205","post","type-post","status-publish","format-standard","has-post-thumbnail","hentry","category-coluna","category-noticias"],"_links":{"self":[{"href":"https:\/\/gilfuentes.com.br\/novo\/wp-json\/wp\/v2\/posts\/13205","targetHints":{"allow":["GET"]}}],"collection":[{"href":"https:\/\/gilfuentes.com.br\/novo\/wp-json\/wp\/v2\/posts"}],"about":[{"href":"https:\/\/gilfuentes.com.br\/novo\/wp-json\/wp\/v2\/types\/post"}],"author":[{"embeddable":true,"href":"https:\/\/gilfuentes.com.br\/novo\/wp-json\/wp\/v2\/users\/1"}],"replies":[{"embeddable":true,"href":"https:\/\/gilfuentes.com.br\/novo\/wp-json\/wp\/v2\/comments?post=13205"}],"version-history":[{"count":1,"href":"https:\/\/gilfuentes.com.br\/novo\/wp-json\/wp\/v2\/posts\/13205\/revisions"}],"predecessor-version":[{"id":13209,"href":"https:\/\/gilfuentes.com.br\/novo\/wp-json\/wp\/v2\/posts\/13205\/revisions\/13209"}],"wp:featuredmedia":[{"embeddable":true,"href":"https:\/\/gilfuentes.com.br\/novo\/wp-json\/wp\/v2\/media\/13206"}],"wp:attachment":[{"href":"https:\/\/gilfuentes.com.br\/novo\/wp-json\/wp\/v2\/media?parent=13205"}],"wp:term":[{"taxonomy":"category","embeddable":true,"href":"https:\/\/gilfuentes.com.br\/novo\/wp-json\/wp\/v2\/categories?post=13205"},{"taxonomy":"post_tag","embeddable":true,"href":"https:\/\/gilfuentes.com.br\/novo\/wp-json\/wp\/v2\/tags?post=13205"}],"curies":[{"name":"wp","href":"https:\/\/api.w.org\/{rel}","templated":true}]}}