{"id":13235,"date":"2014-03-20T09:35:25","date_gmt":"2014-03-20T09:35:25","guid":{"rendered":"https:\/\/gilfuentes.com.br\/novo\/?p=13235"},"modified":"2014-03-19T20:20:35","modified_gmt":"2014-03-19T20:20:35","slug":"destaques-do-ano-2013","status":"publish","type":"post","link":"https:\/\/gilfuentes.com.br\/novo\/destaques-do-ano-2013","title":{"rendered":"Destaques do Ano 2013"},"content":{"rendered":"<p>Thiago Batalha comandou no Clube de Campo de Mogi das Cruzes a entrega do Pr\u00eamio Destaques\u00a0 do Ano 2013. Willy Damasceno foi o colunista social do ano.<\/p>\n<p><a href=\"https:\/\/gilfuentes.com.br\/novo\/wp-content\/uploads\/2014\/03\/d4_42.jpg\"><img loading=\"lazy\" decoding=\"async\" class=\"alignnone  wp-image-13237\" alt=\"d4_4\" src=\"https:\/\/gilfuentes.com.br\/novo\/wp-content\/uploads\/2014\/03\/d4_42.jpg\" width=\"346\" height=\"238\" srcset=\"https:\/\/gilfuentes.com.br\/novo\/wp-content\/uploads\/2014\/03\/d4_42.jpg 960w, https:\/\/gilfuentes.com.br\/novo\/wp-content\/uploads\/2014\/03\/d4_42-363x250.jpg 363w\" sizes=\"auto, (max-width: 346px) 100vw, 346px\" \/><\/a><\/p>\n<p>&nbsp;<\/p>\n<p>Ivo Filho recebeu o Pr\u00eamio Destaques do Ano 2013 pela Revista Actual Magazine, da qual tamb\u00e9m fa\u00e7o parte como colunista.<\/p>\n<p>&nbsp;<\/p>\n<p><a href=\"https:\/\/gilfuentes.com.br\/novo\/wp-content\/uploads\/2014\/03\/d4_51.jpg\"><img loading=\"lazy\" decoding=\"async\" class=\"alignnone  wp-image-13238\" alt=\"d4_5\" src=\"https:\/\/gilfuentes.com.br\/novo\/wp-content\/uploads\/2014\/03\/d4_51.jpg\" width=\"346\" height=\"230\" srcset=\"https:\/\/gilfuentes.com.br\/novo\/wp-content\/uploads\/2014\/03\/d4_51.jpg 960w, https:\/\/gilfuentes.com.br\/novo\/wp-content\/uploads\/2014\/03\/d4_51-375x250.jpg 375w\" sizes=\"auto, (max-width: 346px) 100vw, 346px\" \/><\/a><\/p>\n<p>&nbsp;<\/p>\n<p>Lu Andrade marcou presen\u00e7a na entrega do pr\u00eamio Destaques do Ano e entra em cena com Vin\u00edcius Matos de Oliveira.<\/p>\n<p>&nbsp;<\/p>\n<p>&nbsp;<\/p>\n","protected":false},"excerpt":{"rendered":"<p>Thiago Batalha comandou no Clube de Campo de Mogi das Cruzes a entrega do Pr\u00eamio Destaques\u00a0 do Ano 2013. Willy [&hellip;]<\/p>\n","protected":false},"author":1,"featured_media":13236,"comment_status":"closed","ping_status":"closed","sticky":false,"template":"","format":"standard","meta":{"footnotes":""},"categories":[5,8],"tags":[],"class_list":["post-13235","post","type-post","status-publish","format-standard","has-post-thumbnail","hentry","category-coluna","category-noticias"],"_links":{"self":[{"href":"https:\/\/gilfuentes.com.br\/novo\/wp-json\/wp\/v2\/posts\/13235","targetHints":{"allow":["GET"]}}],"collection":[{"href":"https:\/\/gilfuentes.com.br\/novo\/wp-json\/wp\/v2\/posts"}],"about":[{"href":"https:\/\/gilfuentes.com.br\/novo\/wp-json\/wp\/v2\/types\/post"}],"author":[{"embeddable":true,"href":"https:\/\/gilfuentes.com.br\/novo\/wp-json\/wp\/v2\/users\/1"}],"replies":[{"embeddable":true,"href":"https:\/\/gilfuentes.com.br\/novo\/wp-json\/wp\/v2\/comments?post=13235"}],"version-history":[{"count":3,"href":"https:\/\/gilfuentes.com.br\/novo\/wp-json\/wp\/v2\/posts\/13235\/revisions"}],"predecessor-version":[{"id":13241,"href":"https:\/\/gilfuentes.com.br\/novo\/wp-json\/wp\/v2\/posts\/13235\/revisions\/13241"}],"wp:featuredmedia":[{"embeddable":true,"href":"https:\/\/gilfuentes.com.br\/novo\/wp-json\/wp\/v2\/media\/13236"}],"wp:attachment":[{"href":"https:\/\/gilfuentes.com.br\/novo\/wp-json\/wp\/v2\/media?parent=13235"}],"wp:term":[{"taxonomy":"category","embeddable":true,"href":"https:\/\/gilfuentes.com.br\/novo\/wp-json\/wp\/v2\/categories?post=13235"},{"taxonomy":"post_tag","embeddable":true,"href":"https:\/\/gilfuentes.com.br\/novo\/wp-json\/wp\/v2\/tags?post=13235"}],"curies":[{"name":"wp","href":"https:\/\/api.w.org\/{rel}","templated":true}]}}