{"id":13285,"date":"2014-03-23T09:00:41","date_gmt":"2014-03-23T09:00:41","guid":{"rendered":"https:\/\/gilfuentes.com.br\/novo\/?p=13285"},"modified":"2014-03-25T18:04:28","modified_gmt":"2014-03-25T18:04:28","slug":"13285","status":"publish","type":"post","link":"https:\/\/gilfuentes.com.br\/novo\/13285","title":{"rendered":"Entrevista com Betto Dorta"},"content":{"rendered":"<p>&nbsp;<\/p>\n<p>&nbsp;<\/p>\n<p>FOTOS: Eduardo Romano<\/p>\n<p>&nbsp;<\/p>\n<p><b>Qual sua forma\u00e7\u00e3o?<\/b><\/p>\n<p><b>\u00a0Roberto de Lima Dorta- <\/b>Comecei minha forma\u00e7\u00e3o art\u00edstica dentro da Cultura de Suzano, com o mestre Antonio Palomares, depois cursei a faculdade de tecnologia de desenho de anima\u00e7\u00e3o na Universidade Braz Cubas,\u00a0 mas nunca parei de\u00a0 estudar e fazer pesquisas relacionadas a artes em geral.<\/p>\n<p>&nbsp;<\/p>\n<p><b>Como iniciou sua vida no mundo das artes?<\/b><\/p>\n<p><b>Betto Dorta-<\/b> Comecei profissionalmente em 1992 na \u00e1rea de comunica\u00e7\u00e3o visual, onde transitei em v\u00e1rios ateliers de pinturas trabalhando tamb\u00e9m com murais e cen\u00e1rios.<\/p>\n<p><b>Como migrou da arte de rua para a arte pop?<\/b><\/p>\n<p><b>Betto Dorta-<\/b> Na verdade, meu trabalho na arte de rua \u00e9 relacionado a arte pop tamb\u00e9m. Gosto muito do estilo pop desde que conheci\u00a0 trabalhos dos artistas Andy Warhol e Roy Lichtenstein. Percebi que era o estilo de arte que gostaria de fazer, n\u00e3o sigo propriamente o estilo deles, mas gosto de trabalhar voltado para a cultura de massa, com cores vivas e modificar o formato de minhas refer\u00eancias.<\/p>\n<p>&nbsp;<\/p>\n<p><b>Qual o seu estilo preferido?<\/b><\/p>\n<p><b>Betto Dorta-<\/b> A pop art e o cubismo.<\/p>\n<p>&nbsp;<\/p>\n<p><b>Quais t\u00e9cnicas utiliza?<\/b><\/p>\n<p><b>Betto Dorta-<\/b> Nesta exposi\u00e7\u00e3o, como s\u00e3o muitos trabalhos e de fases diferentes, utilizei diversas t\u00e9cnicas,\u00a0 (esculturas de materiais n\u00e3o muito convencionais como papel\u00f5es, pregos madeiras e m\u00f3veis quebrados), tamb\u00e9m pinturas em objetos j\u00e1 existentes, como\u00a0 orelh\u00e3o, um manequim de loja e\u00a0 telas em relevo.<\/p>\n<p>&nbsp;<\/p>\n<p><img loading=\"lazy\" decoding=\"async\" class=\"alignnone  wp-image-13293\" alt=\"Betto2\" src=\"https:\/\/gilfuentes.com.br\/novo\/wp-content\/uploads\/2014\/03\/Betto2.jpg\" width=\"480\" height=\"720\" srcset=\"https:\/\/gilfuentes.com.br\/novo\/wp-content\/uploads\/2014\/03\/Betto2.jpg 800w, https:\/\/gilfuentes.com.br\/novo\/wp-content\/uploads\/2014\/03\/Betto2-166x250.jpg 166w, https:\/\/gilfuentes.com.br\/novo\/wp-content\/uploads\/2014\/03\/Betto2-682x1024.jpg 682w\" sizes=\"auto, (max-width: 480px) 100vw, 480px\" \/><\/p>\n<p>&nbsp;<\/p>\n<p><b>Porque \u201cDo Papa ao Pop\u201d?<\/b><\/p>\n<p><b>Betto Dorta\u2013<\/b> Porque acho que o Papa atualmente \u00e9 a figura mais popular no mundo todo, e como trabalho com o pop propriamente dito difunde com o estilo da exposi\u00e7\u00e3o&#8230; Do Papa ao Pop significa uma coisa s\u00f3, a cultura das massas.<\/p>\n<p>&nbsp;<\/p>\n<p><b>Voc\u00ea \u00e9 cat\u00f3lico?<\/b><\/p>\n<p><b>Betto Dorta-<\/b> Sim, eu gosto muito de duas coisas no catolicismo, o vinho e o pecado (brincadeira&#8230;rs). Essa frase \u00e9 do cartunista Angeli, que sou f\u00e3.<\/p>\n<p>&nbsp;<\/p>\n<p><b>Como v\u00ea o Papa Francisco?<\/b><\/p>\n<p><b>Betto Dorta- <\/b>O Papa Francisco entusiasmou o mundo com suas posi\u00e7\u00f5es populares no campo social, falando sobre alguns dogmas intoc\u00e1veis da igreja e dando li\u00e7\u00f5es de humildade e amor ao pr\u00f3ximo, gosto muito dele..<\/p>\n<p>&nbsp;<\/p>\n<p><b>Vive da arte?<\/b><\/p>\n<p><b>Betto Dorta-<\/b> Quando o artista se prop\u00f5e a viver da sua arte, tem que saber que \u00e9 uma luta di\u00e1ria. As vezes estamos em alta, outras vezes n\u00e3o. A profiss\u00e3o de artista n\u00e3o se limita em tempo de forma\u00e7\u00e3o, em um hor\u00e1rio determinado como algumas profiss\u00f5es, ela \u00e9 24 horas por dia. Acordamos e dormimos pensando em arte. \u00c9 como um celibato (menos a parte de ficar solteiro&#8230;rs). \u00c9 uma profiss\u00e3o muito dif\u00edcil, mas n\u00e3o me imagino fazendo outra coisa.<\/p>\n<p>&nbsp;<\/p>\n<p><b>O que o p\u00fablico vai encontrar nesta exposi\u00e7\u00e3o?<\/b><\/p>\n<p><b>Betto Dorta-<\/b> Vai encontrar uma mescla dos meus 21 anos de carreira, como esculturas, pinturas em telas, e algumas obras in\u00e9ditas como uma releitura de Guernica, de Pablo Picasso, que mede 2 x 1m90.<\/p>\n<p>&nbsp;<\/p>\n<p><b>Onde podemos encontrar as obras de Betto Dorta para comprar?<\/b><\/p>\n<p><b>Betto Dorta-<\/b> Em exposi\u00e7\u00f5es como a de agora, que fica no Centro de Educa\u00e7\u00e3o e Cultura \u201cFrancisco Carlos Moriconi\u201d at\u00e9 o dia 31 de mar\u00e7o, ou em redes sociais. Tenho postado muito meus trabalhos no Facebook, para quem quiser conhecer minha arte e saber os lugares que exponho.<\/p>\n<p>&nbsp;<\/p>\n<p><img loading=\"lazy\" decoding=\"async\" class=\"alignnone  wp-image-13294\" alt=\"Betto3\" src=\"https:\/\/gilfuentes.com.br\/novo\/wp-content\/uploads\/2014\/03\/Betto3.jpg\" width=\"540\" height=\"360\" srcset=\"https:\/\/gilfuentes.com.br\/novo\/wp-content\/uploads\/2014\/03\/Betto3.jpg 900w, https:\/\/gilfuentes.com.br\/novo\/wp-content\/uploads\/2014\/03\/Betto3-375x250.jpg 375w\" sizes=\"auto, (max-width: 540px) 100vw, 540px\" \/><\/p>\n<p>&nbsp;<\/p>\n<p>JOGO R\u00c1PIDO<\/p>\n<p>&nbsp;<\/p>\n<p>Um lugar<br \/>\nPraia<\/p>\n<p>&nbsp;<\/p>\n<p>Um cheiro<br \/>\nTerra molhada<\/p>\n<p>&nbsp;<\/p>\n<p>Uma cor<br \/>\nBranco<\/p>\n<p>&nbsp;<\/p>\n<p>Um livro<br \/>\nN\u00e3o ver\u00e1s pa\u00eds nenhum, de Ign\u00e1cio de Loyola Brand\u00e3o<\/p>\n<p>&nbsp;<\/p>\n<p>Um filme<br \/>\nModigliani ? Paix\u00e3o pela Vida<\/p>\n<p>&nbsp;<\/p>\n<p>Uma m\u00fasica<br \/>\nMetal contra as nuvens &#8211; Legi\u00e3o Urbana<\/p>\n<p>&nbsp;<\/p>\n<p>Um momento<br \/>\nNascimento de minhas filhas<\/p>\n<p>&nbsp;<\/p>\n<p>Um homem<br \/>\nDeus<\/p>\n<p>&nbsp;<\/p>\n<p>Uma mulher<br \/>\nMinha mulher e minha m\u00e3e<\/p>\n<p>&nbsp;<\/p>\n<p>Deus<br \/>\nVida<\/p>\n<p>&nbsp;<\/p>\n<p>.<\/p>\n","protected":false},"excerpt":{"rendered":"<p>&nbsp; &nbsp; FOTOS: Eduardo Romano &nbsp; Qual sua forma\u00e7\u00e3o? \u00a0Roberto de Lima Dorta- Comecei minha forma\u00e7\u00e3o art\u00edstica dentro da Cultura [&hellip;]<\/p>\n","protected":false},"author":1,"featured_media":13292,"comment_status":"closed","ping_status":"closed","sticky":false,"template":"","format":"standard","meta":{"footnotes":""},"categories":[5,8],"tags":[],"class_list":["post-13285","post","type-post","status-publish","format-standard","has-post-thumbnail","hentry","category-coluna","category-noticias"],"_links":{"self":[{"href":"https:\/\/gilfuentes.com.br\/novo\/wp-json\/wp\/v2\/posts\/13285","targetHints":{"allow":["GET"]}}],"collection":[{"href":"https:\/\/gilfuentes.com.br\/novo\/wp-json\/wp\/v2\/posts"}],"about":[{"href":"https:\/\/gilfuentes.com.br\/novo\/wp-json\/wp\/v2\/types\/post"}],"author":[{"embeddable":true,"href":"https:\/\/gilfuentes.com.br\/novo\/wp-json\/wp\/v2\/users\/1"}],"replies":[{"embeddable":true,"href":"https:\/\/gilfuentes.com.br\/novo\/wp-json\/wp\/v2\/comments?post=13285"}],"version-history":[{"count":7,"href":"https:\/\/gilfuentes.com.br\/novo\/wp-json\/wp\/v2\/posts\/13285\/revisions"}],"predecessor-version":[{"id":13309,"href":"https:\/\/gilfuentes.com.br\/novo\/wp-json\/wp\/v2\/posts\/13285\/revisions\/13309"}],"wp:featuredmedia":[{"embeddable":true,"href":"https:\/\/gilfuentes.com.br\/novo\/wp-json\/wp\/v2\/media\/13292"}],"wp:attachment":[{"href":"https:\/\/gilfuentes.com.br\/novo\/wp-json\/wp\/v2\/media?parent=13285"}],"wp:term":[{"taxonomy":"category","embeddable":true,"href":"https:\/\/gilfuentes.com.br\/novo\/wp-json\/wp\/v2\/categories?post=13285"},{"taxonomy":"post_tag","embeddable":true,"href":"https:\/\/gilfuentes.com.br\/novo\/wp-json\/wp\/v2\/tags?post=13285"}],"curies":[{"name":"wp","href":"https:\/\/api.w.org\/{rel}","templated":true}]}}