{"id":13337,"date":"2014-03-25T19:47:29","date_gmt":"2014-03-25T19:47:29","guid":{"rendered":"https:\/\/gilfuentes.com.br\/novo\/?p=13337"},"modified":"2014-03-25T19:47:29","modified_gmt":"2014-03-25T19:47:29","slug":"a-arte-de-pedro-neves-2","status":"publish","type":"post","link":"https:\/\/gilfuentes.com.br\/novo\/a-arte-de-pedro-neves-2","title":{"rendered":"A Arte de Pedro Neves"},"content":{"rendered":"<p>O Centro Cultural Colorado Monteiro Lobato recebeu ontem (24) a exposi\u00e7\u00e3o individual \u201cA Arte de Pedro Neves\u201d.<\/p>\n<p>&nbsp;<\/p>\n<p>A mostra fica em cartaz at\u00e9 dia 30 de abril, com 28 trabalhos, sendo 17 obras de seu acervo particular. Esta \u00e9 uma iniciativa da Prefeitura de Suzano, por meio da Secretaria de Cultura, que visa incentivar e dar visibilidade aos talentos e a produ\u00e7\u00e3o cultural da cidade. A entrada \u00e9 franca.<\/p>\n<p>&nbsp;<\/p>\n<p>Natural de Pernambuco, Pedro Neves aborda diversos temas com uso de t\u00e9cnicas que variam desde o estilo cl\u00e1ssico ao moderno. As pe\u00e7as compostas com a t\u00e9cnica a \u00f3leo sobre tela, est\u00e3o tituladas como: Auto-retrato do artista, Amor incondicional, Repouso do ga\u00facho, Retrato de fam\u00edlia, O rei do Pop, Retrato do pai do artista, Michael Jackson imortal e O Jovem Michael Jackson andando nas nuvens.<\/p>\n<p>Neves j\u00e1 produziu 2.900 obras, fez 285 exposi\u00e7\u00f5es em 32 anos de carreira art\u00edstica. Realizou exposi\u00e7\u00f5es no Brasil e exterior. Possui obras em acervos como a Casa Brasil; Espanha, Jap\u00e3o Rotary Clube; cidade de Gifu e Universidade da Fl\u00f3rida, Miami (EUA).<\/p>\n<p>&nbsp;<\/p>\n<p>Fazem parte de seu acervo, talentos consagrados de Suzano e regi\u00e3o, al\u00e9m de outras cidades: Mario Freire, Betto, Alexandre Almeida, Agota Kiura, Walter Chiachio, C\u00e9lia Pess\u00f4a, Luiz Alberto e Pedro Silva Galv\u00e3o, de Suzano; Paulo Ac\u00eancio e \u00canio Cintra, de S\u00e3o Paulo; Daniel de Souza Melo e Keneth Moses, de Mogi das Cruzes; On\u00e9lio Cruz e Mago, de Ferraz de Vasconcelos. Esse conjunto art\u00edstico apresenta a riqueza das t\u00e9cnicas empregadas no \u00f3leo e acr\u00edlica sobre tela, pintura a l\u00e1pis de cor, pirogravura e l\u00e1pis grafite sobre papel.<\/p>\n<p>&nbsp;<\/p>\n<p>O Centro Cultural Colorado fica na rua Domingos Victorino, 68, Jardim Colorado e funciona de segunda a sexta-feira, das 8h \u00e0s 17 horas.<\/p>\n<p>&nbsp;<\/p>\n","protected":false},"excerpt":{"rendered":"<p>O Centro Cultural Colorado Monteiro Lobato recebeu ontem (24) a exposi\u00e7\u00e3o individual \u201cA Arte de Pedro Neves\u201d. &nbsp; A mostra [&hellip;]<\/p>\n","protected":false},"author":1,"featured_media":13338,"comment_status":"closed","ping_status":"closed","sticky":false,"template":"","format":"standard","meta":{"footnotes":""},"categories":[5,8],"tags":[],"class_list":["post-13337","post","type-post","status-publish","format-standard","has-post-thumbnail","hentry","category-coluna","category-noticias"],"_links":{"self":[{"href":"https:\/\/gilfuentes.com.br\/novo\/wp-json\/wp\/v2\/posts\/13337","targetHints":{"allow":["GET"]}}],"collection":[{"href":"https:\/\/gilfuentes.com.br\/novo\/wp-json\/wp\/v2\/posts"}],"about":[{"href":"https:\/\/gilfuentes.com.br\/novo\/wp-json\/wp\/v2\/types\/post"}],"author":[{"embeddable":true,"href":"https:\/\/gilfuentes.com.br\/novo\/wp-json\/wp\/v2\/users\/1"}],"replies":[{"embeddable":true,"href":"https:\/\/gilfuentes.com.br\/novo\/wp-json\/wp\/v2\/comments?post=13337"}],"version-history":[{"count":1,"href":"https:\/\/gilfuentes.com.br\/novo\/wp-json\/wp\/v2\/posts\/13337\/revisions"}],"predecessor-version":[{"id":13339,"href":"https:\/\/gilfuentes.com.br\/novo\/wp-json\/wp\/v2\/posts\/13337\/revisions\/13339"}],"wp:featuredmedia":[{"embeddable":true,"href":"https:\/\/gilfuentes.com.br\/novo\/wp-json\/wp\/v2\/media\/13338"}],"wp:attachment":[{"href":"https:\/\/gilfuentes.com.br\/novo\/wp-json\/wp\/v2\/media?parent=13337"}],"wp:term":[{"taxonomy":"category","embeddable":true,"href":"https:\/\/gilfuentes.com.br\/novo\/wp-json\/wp\/v2\/categories?post=13337"},{"taxonomy":"post_tag","embeddable":true,"href":"https:\/\/gilfuentes.com.br\/novo\/wp-json\/wp\/v2\/tags?post=13337"}],"curies":[{"name":"wp","href":"https:\/\/api.w.org\/{rel}","templated":true}]}}