{"id":13391,"date":"2014-03-30T10:00:33","date_gmt":"2014-03-30T13:00:33","guid":{"rendered":"https:\/\/gilfuentes.com.br\/novo\/?p=13391"},"modified":"2014-03-28T16:56:08","modified_gmt":"2014-03-28T19:56:08","slug":"13391","status":"publish","type":"post","link":"https:\/\/gilfuentes.com.br\/novo\/13391","title":{"rendered":"Entrevista com Padre Dorival Aparecido de Moraes"},"content":{"rendered":"<p>&nbsp;<\/p>\n<p>&nbsp;<\/p>\n<p><b>Pa<\/b><b>dre Dorival Aparecido de Moraes<\/b><\/p>\n<p>&nbsp;<\/p>\n<p><b>\u00a0<\/b><b><a href=\"https:\/\/gilfuentes.com.br\/novo\/wp-content\/uploads\/2014\/03\/Fam6_2.jpg\"><img loading=\"lazy\" decoding=\"async\" class=\"alignnone  wp-image-13395\" alt=\"Fam6_2\" src=\"https:\/\/gilfuentes.com.br\/novo\/wp-content\/uploads\/2014\/03\/Fam6_2.jpg\" width=\"403\" height=\"269\" srcset=\"https:\/\/gilfuentes.com.br\/novo\/wp-content\/uploads\/2014\/03\/Fam6_2.jpg 5184w, https:\/\/gilfuentes.com.br\/novo\/wp-content\/uploads\/2014\/03\/Fam6_2-375x250.jpg 375w, https:\/\/gilfuentes.com.br\/novo\/wp-content\/uploads\/2014\/03\/Fam6_2-1024x682.jpg 1024w\" sizes=\"auto, (max-width: 403px) 100vw, 403px\" \/><\/a><\/b><\/p>\n<p>&nbsp;<\/p>\n<p>&nbsp;<\/p>\n<p><b>Quantos anos de sacerd\u00f3cio?<\/b><\/p>\n<p><b>Padre Dorival Aparecido de Moraes &#8211;<\/b> Estou para completar 29 anos de feliz sacerd\u00f3cio de uma vida ministerial muito feliz, n\u00e3o obstante as dificuldades e os limites que cada um tem.<\/p>\n<p>&nbsp;<\/p>\n<p><b>Quando teve a certeza que deveria atender ao chamado de Deus?<\/b><\/p>\n<p><b>Padre Dorival &#8211;<\/b> Eu estou na verdade buscando esta certeza cada dia na viv\u00eancia desse chamado, a certeza definitiva s\u00f3 depois da morte. Quando eu morrer padre.<\/p>\n<p>&nbsp;<\/p>\n<p><b>Alguma vez pensou em desistir?<\/b><\/p>\n<p><b>Padre Dorival &#8211;<\/b> Nunca! E n\u00e3o faltaram motivos. A cruz \u00e9 muito grande, e ela tem me ajudado a me encontrar.<\/p>\n<p>&nbsp;<\/p>\n<p><b>O Papa Francisco trouxe um novo alento para a Igreja Cat\u00f3lica?<\/b><\/p>\n<p><b>Padre Dorival &#8211;<\/b> O Papa Francisco tem demonstrado uma vontade de acertar. Mas \u00e9 bom lembrar que \u00e9 melhor acertarmos juntos do que sozinho.<\/p>\n<p>&nbsp;<\/p>\n<p><b>Como v\u00ea a postura do Papa perante os cat\u00f3licos?<\/b><\/p>\n<p><b>Padre Dorival &#8211;<\/b> Tenho acompanhado o Santo Padre muito de perto, ele \u00e9 muito personalista, isto \u00e9 bem perto do povo e fala uma linguagem bastante coloquial. Estou esperando algo mais, vamos ver.<\/p>\n<p>&nbsp;<\/p>\n<p><b>Est\u00e1 \u00e0 frente do Santu\u00e1rio Sagrado Cora\u00e7\u00e3o de Jesus h\u00e1 mais de uma d\u00e9cada. Como foi recebido em Mogi das Cruzes?<\/b><\/p>\n<p><b>Padre Dorival &#8211;<\/b> Estou frente do Santu\u00e1rio Sagrado Cora\u00e7\u00e3o de Jesus h\u00e1 14 anos. No primeiro momento houve resist\u00eancia, mas agora j\u00e1 me conhecem e me tem apoiado, gosto de Mogi, amo seu povo especialmente os do meu redil.<\/p>\n<p>&nbsp;<\/p>\n<p><b>Acabou de completar 60 anos de vida. O que esta idade significa?<\/b><\/p>\n<p><b>Padre Dorival &#8211;<\/b> Esta idade significa muito pra mim, \u00e9 um presente de Deus. Eu tinha tudo para n\u00e3o ter chegado aqui e Deus me foi bom. Vou aproveitar o m\u00e1ximo, trabalhando na causa Dele. Daqui pra frente \u00e9 lucro.<\/p>\n<p>&nbsp;<\/p>\n<p>&nbsp;<\/p>\n<p><a href=\"https:\/\/gilfuentes.com.br\/novo\/wp-content\/uploads\/2014\/03\/TESTA3.jpg\"><img loading=\"lazy\" decoding=\"async\" class=\"alignnone  wp-image-13397\" alt=\"TESTA\" src=\"https:\/\/gilfuentes.com.br\/novo\/wp-content\/uploads\/2014\/03\/TESTA3.jpg\" width=\"432\" height=\"648\" srcset=\"https:\/\/gilfuentes.com.br\/novo\/wp-content\/uploads\/2014\/03\/TESTA3.jpg 2000w, https:\/\/gilfuentes.com.br\/novo\/wp-content\/uploads\/2014\/03\/TESTA3-166x250.jpg 166w, https:\/\/gilfuentes.com.br\/novo\/wp-content\/uploads\/2014\/03\/TESTA3-682x1024.jpg 682w\" sizes=\"auto, (max-width: 432px) 100vw, 432px\" \/><\/a><\/p>\n<p>&nbsp;<\/p>\n<p>&nbsp;<\/p>\n<p><b>O senhor \u00e9 muito devoto de Nossa Senhora da Rosa M\u00edstica? Continua com as missas em Seu louvor?<\/b><\/p>\n<p><b>Padre Dorival &#8211;<\/b> Sim! Sou muito devoto de Nossa Senhora, devo a Ela todo meu minist\u00e9rio, em todos os momentos dif\u00edceis de minha vida Ela esteve presente. Aqui em Mogi tenho celebrado a missa em Louvor a Ela. Muita gente vem a essa missa, e a\u00ed mesmo no Cemit\u00e9rio Colina dos Ip\u00eas, tenho duas missas no ano levando a Sua imagem. \u00c9 um \u201csucesso\u201d.<\/p>\n<p>&nbsp;<\/p>\n<p>&nbsp;<\/p>\n<p><b><span style=\"text-decoration: underline;\">JOGO R\u00c1PIDO<\/span><\/b><\/p>\n<p>&nbsp;<\/p>\n<p><b>Um lugar<\/b><\/p>\n<p>Campos do Jord\u00e3o<\/p>\n<p>&nbsp;<\/p>\n<p><b>Um cheiro<\/b><\/p>\n<p>Da relva<\/p>\n<p>&nbsp;<\/p>\n<p><b>Uma cor<\/b><\/p>\n<p>Preta<\/p>\n<p>&nbsp;<\/p>\n<p><b>Um livro<\/b><\/p>\n<p>A B\u00edblia Sagrada e tudo que fala dela<\/p>\n<p>&nbsp;<\/p>\n<p><b>Um filme<\/b><\/p>\n<p>Que estejam carregados de mensagens boas para vida<\/p>\n<p>&nbsp;<\/p>\n<p><b>Uma m\u00fasica<\/b><\/p>\n<p>Que Santidade de Vida (Ricardo S\u00e1)<\/p>\n<p>&nbsp;<\/p>\n<p><b>Um momento<\/b><\/p>\n<p>Minha ordena\u00e7\u00e3o sacerdotal<\/p>\n<p>&nbsp;<\/p>\n<p><b>Uma mulher<\/b><\/p>\n<p>Madre Teresa de Calcut\u00e1<\/p>\n<p>&nbsp;<\/p>\n<p><b>Um homem<\/b><\/p>\n<p>Papa Jo\u00e3o XXIII<\/p>\n<p>&nbsp;<\/p>\n<p><b>Deus<\/b><\/p>\n<p>\u00c9 tudo! \u00c9 por quem me sinto amado de verdade<\/p>\n<p>&nbsp;<\/p>\n<p>&nbsp;<\/p>\n","protected":false},"excerpt":{"rendered":"<p>&nbsp; &nbsp; Padre Dorival Aparecido de Moraes &nbsp; \u00a0 &nbsp; &nbsp; Quantos anos de sacerd\u00f3cio? Padre Dorival Aparecido de Moraes [&hellip;]<\/p>\n","protected":false},"author":1,"featured_media":13392,"comment_status":"closed","ping_status":"closed","sticky":false,"template":"","format":"standard","meta":{"footnotes":""},"categories":[5,8],"tags":[],"class_list":["post-13391","post","type-post","status-publish","format-standard","has-post-thumbnail","hentry","category-coluna","category-noticias"],"_links":{"self":[{"href":"https:\/\/gilfuentes.com.br\/novo\/wp-json\/wp\/v2\/posts\/13391","targetHints":{"allow":["GET"]}}],"collection":[{"href":"https:\/\/gilfuentes.com.br\/novo\/wp-json\/wp\/v2\/posts"}],"about":[{"href":"https:\/\/gilfuentes.com.br\/novo\/wp-json\/wp\/v2\/types\/post"}],"author":[{"embeddable":true,"href":"https:\/\/gilfuentes.com.br\/novo\/wp-json\/wp\/v2\/users\/1"}],"replies":[{"embeddable":true,"href":"https:\/\/gilfuentes.com.br\/novo\/wp-json\/wp\/v2\/comments?post=13391"}],"version-history":[{"count":3,"href":"https:\/\/gilfuentes.com.br\/novo\/wp-json\/wp\/v2\/posts\/13391\/revisions"}],"predecessor-version":[{"id":13398,"href":"https:\/\/gilfuentes.com.br\/novo\/wp-json\/wp\/v2\/posts\/13391\/revisions\/13398"}],"wp:featuredmedia":[{"embeddable":true,"href":"https:\/\/gilfuentes.com.br\/novo\/wp-json\/wp\/v2\/media\/13392"}],"wp:attachment":[{"href":"https:\/\/gilfuentes.com.br\/novo\/wp-json\/wp\/v2\/media?parent=13391"}],"wp:term":[{"taxonomy":"category","embeddable":true,"href":"https:\/\/gilfuentes.com.br\/novo\/wp-json\/wp\/v2\/categories?post=13391"},{"taxonomy":"post_tag","embeddable":true,"href":"https:\/\/gilfuentes.com.br\/novo\/wp-json\/wp\/v2\/tags?post=13391"}],"curies":[{"name":"wp","href":"https:\/\/api.w.org\/{rel}","templated":true}]}}