{"id":13399,"date":"2014-03-29T10:00:24","date_gmt":"2014-03-29T13:00:24","guid":{"rendered":"https:\/\/gilfuentes.com.br\/novo\/?p=13399"},"modified":"2014-03-28T17:11:14","modified_gmt":"2014-03-28T20:11:14","slug":"os-15-anos-de-gabriella-tamborilla","status":"publish","type":"post","link":"https:\/\/gilfuentes.com.br\/novo\/os-15-anos-de-gabriella-tamborilla","title":{"rendered":"Os 15 anos de Gabriella Tamborilla"},"content":{"rendered":"<p>Gabriella Tamborilla\u00a0 ganhou gostosa festa \u00e0 fantasia, no XI Paulista de Po\u00e1, para comemorar seus 15 anos. Abusou da criatividade, do bom gosto e fez a galera entrar no clima.<\/p>\n<p>&nbsp;<\/p>\n<p>Fotos: Herbert Fuentes<\/p>\n<p>&nbsp;<\/p>\n<p>&nbsp;<\/p>\n\n\t\t<style type=\"text\/css\">\n\t\t\t#gallery-1 {\n\t\t\t\tmargin: auto;\n\t\t\t}\n\t\t\t#gallery-1 .gallery-item {\n\t\t\t\tfloat: left;\n\t\t\t\tmargin-top: 10px;\n\t\t\t\ttext-align: center;\n\t\t\t\twidth: 33%;\n\t\t\t}\n\t\t\t#gallery-1 img {\n\t\t\t\tborder: 2px solid #cfcfcf;\n\t\t\t}\n\t\t\t#gallery-1 .gallery-caption {\n\t\t\t\tmargin-left: 0;\n\t\t\t}\n\t\t\t\/* see gallery_shortcode() in wp-includes\/media.php *\/\n\t\t<\/style>\n\t\t<div id='gallery-1' class='gallery galleryid-13399 gallery-columns-3 gallery-size-thumbnail'><dl class='gallery-item'>\n\t\t\t<dt class='gallery-icon portrait'>\n\t\t\t\t<a href='https:\/\/gilfuentes.com.br\/novo\/os-15-anos-de-gabriella-tamborilla\/d4_1-gabriella-tamborilla'><img loading=\"lazy\" decoding=\"async\" width=\"150\" height=\"150\" src=\"https:\/\/gilfuentes.com.br\/novo\/wp-content\/uploads\/2014\/03\/d4_1-Gabriella-Tamborilla-150x150.jpg\" class=\"attachment-thumbnail size-thumbnail\" alt=\"\" aria-describedby=\"gallery-1-13400\" \/><\/a>\n\t\t\t<\/dt>\n\t\t\t\t<dd class='wp-caption-text gallery-caption' id='gallery-1-13400'>\n\t\t\t\tGabriella Tamborilla\n\t\t\t\t<\/dd><\/dl><dl class='gallery-item'>\n\t\t\t<dt class='gallery-icon landscape'>\n\t\t\t\t<a href='https:\/\/gilfuentes.com.br\/novo\/os-15-anos-de-gabriella-tamborilla\/d4_2-gabriella-tamborilla-com-sua-mae-jessica-tamborilla-o-irmao-joao-guilherme-tamborilla-e-a-avo-sonia-tamborilla'><img loading=\"lazy\" decoding=\"async\" width=\"150\" height=\"150\" src=\"https:\/\/gilfuentes.com.br\/novo\/wp-content\/uploads\/2014\/03\/d4_2-Gabriella-Tamborilla-com-sua-m\u00e3e-J\u00e9ssica-Tamborilla-o-irm\u00e3o-Jo\u00e3o-Guilherme-Tamborilla-e-a-av\u00f3-S\u00f4nia-Tamborilla-150x150.jpg\" class=\"attachment-thumbnail size-thumbnail\" alt=\"\" aria-describedby=\"gallery-1-13401\" \/><\/a>\n\t\t\t<\/dt>\n\t\t\t\t<dd class='wp-caption-text gallery-caption' id='gallery-1-13401'>\n\t\t\t\tGabriella Tamborilla com sua m\u00e3e, J\u00e9ssica Tamborilla; o irm\u00e3o, Jo\u00e3o Guilherme Tamborilla; e a av\u00f3 S\u00f4nia Tamborilla\n\t\t\t\t<\/dd><\/dl><dl class='gallery-item'>\n\t\t\t<dt class='gallery-icon landscape'>\n\t\t\t\t<a href='https:\/\/gilfuentes.com.br\/novo\/os-15-anos-de-gabriella-tamborilla\/d4_3-victor-rafael-conceicao-e-marselia-lopes'><img loading=\"lazy\" decoding=\"async\" width=\"150\" height=\"150\" src=\"https:\/\/gilfuentes.com.br\/novo\/wp-content\/uploads\/2014\/03\/d4_3-Victor-Rafael-Concei\u00e7\u00e3o-e-Marselia-Lopes-150x150.jpg\" class=\"attachment-thumbnail size-thumbnail\" alt=\"\" aria-describedby=\"gallery-1-13402\" \/><\/a>\n\t\t\t<\/dt>\n\t\t\t\t<dd class='wp-caption-text gallery-caption' id='gallery-1-13402'>\n\t\t\t\tRafael Concei\u00e7\u00e3o e Marselia Lopes\n\t\t\t\t<\/dd><\/dl><br style=\"clear: both\" \/><dl class='gallery-item'>\n\t\t\t<dt class='gallery-icon landscape'>\n\t\t\t\t<a href='https:\/\/gilfuentes.com.br\/novo\/os-15-anos-de-gabriella-tamborilla\/d4_4-daniela-luqueti-larissa-luquetti-marcely-garcia-lucas-luquetti-paulo-luquetti-angela-luquetti'><img loading=\"lazy\" decoding=\"async\" width=\"150\" height=\"150\" src=\"https:\/\/gilfuentes.com.br\/novo\/wp-content\/uploads\/2014\/03\/d4_4-Daniela-Luqueti-Larissa-Luquetti-Marcely-Garcia-Lucas-Luquetti-Paulo-Luquetti-Angela-Luquetti-150x150.jpg\" class=\"attachment-thumbnail size-thumbnail\" alt=\"\" aria-describedby=\"gallery-1-13403\" \/><\/a>\n\t\t\t<\/dt>\n\t\t\t\t<dd class='wp-caption-text gallery-caption' id='gallery-1-13403'>\n\t\t\t\tDaniela Luqueti, Larissa Luquetti,  Marcely Garcia, Lucas Luquetti, Paulo Luquetti, Angela Luquetti\n\t\t\t\t<\/dd><\/dl>\n\t\t\t<br style='clear: both' \/>\n\t\t<\/div>\n\n","protected":false},"excerpt":{"rendered":"<p>Gabriella Tamborilla\u00a0 ganhou gostosa festa \u00e0 fantasia, no XI Paulista de Po\u00e1, para comemorar seus 15 anos. Abusou da criatividade, [&hellip;]<\/p>\n","protected":false},"author":1,"featured_media":13404,"comment_status":"closed","ping_status":"closed","sticky":false,"template":"","format":"standard","meta":{"footnotes":""},"categories":[5,8],"tags":[],"class_list":["post-13399","post","type-post","status-publish","format-standard","has-post-thumbnail","hentry","category-coluna","category-noticias"],"_links":{"self":[{"href":"https:\/\/gilfuentes.com.br\/novo\/wp-json\/wp\/v2\/posts\/13399","targetHints":{"allow":["GET"]}}],"collection":[{"href":"https:\/\/gilfuentes.com.br\/novo\/wp-json\/wp\/v2\/posts"}],"about":[{"href":"https:\/\/gilfuentes.com.br\/novo\/wp-json\/wp\/v2\/types\/post"}],"author":[{"embeddable":true,"href":"https:\/\/gilfuentes.com.br\/novo\/wp-json\/wp\/v2\/users\/1"}],"replies":[{"embeddable":true,"href":"https:\/\/gilfuentes.com.br\/novo\/wp-json\/wp\/v2\/comments?post=13399"}],"version-history":[{"count":1,"href":"https:\/\/gilfuentes.com.br\/novo\/wp-json\/wp\/v2\/posts\/13399\/revisions"}],"predecessor-version":[{"id":13405,"href":"https:\/\/gilfuentes.com.br\/novo\/wp-json\/wp\/v2\/posts\/13399\/revisions\/13405"}],"wp:featuredmedia":[{"embeddable":true,"href":"https:\/\/gilfuentes.com.br\/novo\/wp-json\/wp\/v2\/media\/13404"}],"wp:attachment":[{"href":"https:\/\/gilfuentes.com.br\/novo\/wp-json\/wp\/v2\/media?parent=13399"}],"wp:term":[{"taxonomy":"category","embeddable":true,"href":"https:\/\/gilfuentes.com.br\/novo\/wp-json\/wp\/v2\/categories?post=13399"},{"taxonomy":"post_tag","embeddable":true,"href":"https:\/\/gilfuentes.com.br\/novo\/wp-json\/wp\/v2\/tags?post=13399"}],"curies":[{"name":"wp","href":"https:\/\/api.w.org\/{rel}","templated":true}]}}