{"id":13419,"date":"2014-03-29T16:00:05","date_gmt":"2014-03-29T19:00:05","guid":{"rendered":"https:\/\/gilfuentes.com.br\/novo\/?p=13419"},"modified":"2014-03-30T12:24:43","modified_gmt":"2014-03-30T15:24:43","slug":"carmen-emociona-no-armando-de-re-em-suzano","status":"publish","type":"post","link":"https:\/\/gilfuentes.com.br\/novo\/carmen-emociona-no-armando-de-re-em-suzano","title":{"rendered":"Carmen emociona no &#8220;Armando de R\u00e9&#8221;, em Suzano"},"content":{"rendered":"<p>\u00d3pera Curta \u00e9 um tipo de espet\u00e1culo de teatro musical criado por Cleber Papa e Rosana Caramaschi, sob a dire\u00e7\u00e3o musical Lu\u00eds Gustavo Petri, baseado em \u00f3peras famosas e na literatura que lhes deu origem. A \u00d3pera Curta possui uma dramaturgia pr\u00f3pria que engloba partes consideradas imprescind\u00edveis das \u00f3peras convencionais.A \u00d3pera Curta, como novo modelo de cria\u00e7\u00e3o e de produ\u00e7\u00e3o, deu origem \u00e0 Companhia de \u00d3pera Curta uma \u201ctour company\u201d contempor\u00e2nea voltada para a apresenta\u00e7\u00e3o dos t\u00edtulos em v\u00e1rios tipos de teatro.<\/p>\n<p>&nbsp;<\/p>\n<p>Foram produzidos os espet\u00e1culos Madame Butterfly, Carmen, La Traviata e La Boh\u00e8me, todos com o subt\u00edtulo \u201cA \u00f3pera contada e cantada\u201d.<\/p>\n<p>&nbsp;<\/p>\n<p>Hoje a \u00d3pera Curta transformou-se num programa da Secretaria de Cultura do Estado de S\u00e3o Paulo e desde 2009 os espet\u00e1culos t\u00eam sido apresentados em cidades do Estado. At\u00e9 2012, mais de 70.000 pessoas ter\u00e3o assistido aos espet\u00e1culos de \u00d3pera Curta.<\/p>\n<p>&nbsp;<\/p>\n<p>O espet\u00e1culo foi apresentado na noite de sexta-feira (28\/03), no Teatro Municipal Dr. Armando de R\u00e9, pela Prefeitura de Suzano, por meio da Secretaria de Cultura.<\/p>\n<p>&nbsp;<\/p>\n<p>FOTOS: EDUARDO ROMANO<\/p>\n<p>&nbsp;<\/p>\n<p>&nbsp;<\/p>\n\n\t\t<style type=\"text\/css\">\n\t\t\t#gallery-1 {\n\t\t\t\tmargin: auto;\n\t\t\t}\n\t\t\t#gallery-1 .gallery-item {\n\t\t\t\tfloat: left;\n\t\t\t\tmargin-top: 10px;\n\t\t\t\ttext-align: center;\n\t\t\t\twidth: 33%;\n\t\t\t}\n\t\t\t#gallery-1 img {\n\t\t\t\tborder: 2px solid #cfcfcf;\n\t\t\t}\n\t\t\t#gallery-1 .gallery-caption {\n\t\t\t\tmargin-left: 0;\n\t\t\t}\n\t\t\t\/* see gallery_shortcode() in wp-includes\/media.php *\/\n\t\t<\/style>\n\t\t<div id='gallery-1' class='gallery galleryid-13419 gallery-columns-3 gallery-size-thumbnail'><dl class='gallery-item'>\n\t\t\t<dt class='gallery-icon landscape'>\n\t\t\t\t<a href='https:\/\/gilfuentes.com.br\/novo\/carmen-emociona-no-armando-de-re-em-suzano\/img_1164-2'><img loading=\"lazy\" decoding=\"async\" width=\"150\" height=\"150\" src=\"https:\/\/gilfuentes.com.br\/novo\/wp-content\/uploads\/2014\/03\/IMG_1164-150x150.jpg\" class=\"attachment-thumbnail size-thumbnail\" alt=\"\" \/><\/a>\n\t\t\t<\/dt><\/dl><dl class='gallery-item'>\n\t\t\t<dt class='gallery-icon portrait'>\n\t\t\t\t<a href='https:\/\/gilfuentes.com.br\/novo\/carmen-emociona-no-armando-de-re-em-suzano\/img_1169'><img loading=\"lazy\" decoding=\"async\" width=\"150\" height=\"150\" src=\"https:\/\/gilfuentes.com.br\/novo\/wp-content\/uploads\/2014\/03\/IMG_1169-150x150.jpg\" class=\"attachment-thumbnail size-thumbnail\" alt=\"\" \/><\/a>\n\t\t\t<\/dt><\/dl><dl class='gallery-item'>\n\t\t\t<dt class='gallery-icon landscape'>\n\t\t\t\t<a href='https:\/\/gilfuentes.com.br\/novo\/carmen-emociona-no-armando-de-re-em-suzano\/img_1201'><img loading=\"lazy\" decoding=\"async\" width=\"150\" height=\"150\" src=\"https:\/\/gilfuentes.com.br\/novo\/wp-content\/uploads\/2014\/03\/IMG_1201-150x150.jpg\" class=\"attachment-thumbnail size-thumbnail\" alt=\"\" \/><\/a>\n\t\t\t<\/dt><\/dl><br style=\"clear: both\" \/><dl class='gallery-item'>\n\t\t\t<dt class='gallery-icon landscape'>\n\t\t\t\t<a href='https:\/\/gilfuentes.com.br\/novo\/carmen-emociona-no-armando-de-re-em-suzano\/img_1216'><img loading=\"lazy\" decoding=\"async\" width=\"150\" height=\"150\" src=\"https:\/\/gilfuentes.com.br\/novo\/wp-content\/uploads\/2014\/03\/IMG_1216-150x150.jpg\" class=\"attachment-thumbnail size-thumbnail\" alt=\"\" \/><\/a>\n\t\t\t<\/dt><\/dl><dl class='gallery-item'>\n\t\t\t<dt class='gallery-icon landscape'>\n\t\t\t\t<a href='https:\/\/gilfuentes.com.br\/novo\/carmen-emociona-no-armando-de-re-em-suzano\/img_1221'><img loading=\"lazy\" decoding=\"async\" width=\"150\" height=\"150\" src=\"https:\/\/gilfuentes.com.br\/novo\/wp-content\/uploads\/2014\/03\/IMG_1221-150x150.jpg\" class=\"attachment-thumbnail size-thumbnail\" alt=\"\" \/><\/a>\n\t\t\t<\/dt><\/dl><dl class='gallery-item'>\n\t\t\t<dt class='gallery-icon landscape'>\n\t\t\t\t<a href='https:\/\/gilfuentes.com.br\/novo\/carmen-emociona-no-armando-de-re-em-suzano\/img_1244'><img loading=\"lazy\" decoding=\"async\" width=\"150\" height=\"150\" src=\"https:\/\/gilfuentes.com.br\/novo\/wp-content\/uploads\/2014\/03\/IMG_1244-150x150.jpg\" class=\"attachment-thumbnail size-thumbnail\" alt=\"\" \/><\/a>\n\t\t\t<\/dt><\/dl><br style=\"clear: both\" \/><dl class='gallery-item'>\n\t\t\t<dt class='gallery-icon landscape'>\n\t\t\t\t<a href='https:\/\/gilfuentes.com.br\/novo\/carmen-emociona-no-armando-de-re-em-suzano\/img_1258'><img loading=\"lazy\" decoding=\"async\" width=\"150\" height=\"150\" src=\"https:\/\/gilfuentes.com.br\/novo\/wp-content\/uploads\/2014\/03\/IMG_1258-150x150.jpg\" class=\"attachment-thumbnail size-thumbnail\" alt=\"\" \/><\/a>\n\t\t\t<\/dt><\/dl><dl class='gallery-item'>\n\t\t\t<dt class='gallery-icon landscape'>\n\t\t\t\t<a href='https:\/\/gilfuentes.com.br\/novo\/carmen-emociona-no-armando-de-re-em-suzano\/arte-site'><img loading=\"lazy\" decoding=\"async\" width=\"150\" height=\"150\" src=\"https:\/\/gilfuentes.com.br\/novo\/wp-content\/uploads\/2014\/03\/Arte-site-150x150.jpg\" class=\"attachment-thumbnail size-thumbnail\" alt=\"\" \/><\/a>\n\t\t\t<\/dt><\/dl><dl class='gallery-item'>\n\t\t\t<dt class='gallery-icon landscape'>\n\t\t\t\t<a href='https:\/\/gilfuentes.com.br\/novo\/carmen-emociona-no-armando-de-re-em-suzano\/img_1268'><img loading=\"lazy\" decoding=\"async\" width=\"150\" height=\"150\" src=\"https:\/\/gilfuentes.com.br\/novo\/wp-content\/uploads\/2014\/03\/IMG_1268-150x150.jpg\" class=\"attachment-thumbnail size-thumbnail\" alt=\"\" \/><\/a>\n\t\t\t<\/dt><\/dl><br style=\"clear: both\" \/>\n\t\t<\/div>\n\n<p>&nbsp;<\/p>\n<p>&nbsp;<\/p>\n<p><strong>CARMEN<\/strong><\/p>\n<p>A \u00f3pera contada e cantada \u00e9 um espet\u00e1culo da Companhia de \u00d3pera Curta, produzido pela Casa da \u00d3pera\u201d\u2013 pontua Cleber Papa, criador da s\u00e9rie e diretor c\u00eanico do espet\u00e1culo. \u201cDesde 2009, vimos trabalhando na s\u00e9rie que j\u00e1 apresentou Madame Butterfly, tamb\u00e9m com a dire\u00e7\u00e3o musical do Maestro Luiz Gustavo Petri, regente titular da Orquestra Sinf\u00f4nica de Santos. A s\u00e9rie \u00d3pera Contada e Cantada apresenta espet\u00e1culos que narram a hist\u00f3ria de \u00f3pera famosas sempre a partir do ponto de vista de um dos personagens. Em Carmen, tudo acontece em Sevilha e, na nossa narrativa, quem conta a vers\u00e3o \u00e9 o jovem Lillas Pastia, descendente do antigo propriet\u00e1rio da taverna e da sexta gera\u00e7\u00e3o da fam\u00edlia, no mesmo bar onde se reuniam os contrabandistas. Os demais personagens s\u00e3o apresentados pelos pr\u00f3prios frequentadores da taverna que interferem no espet\u00e1culo, transformando-se em Dom Jos\u00e9, Micaela, Escamillo e na pr\u00f3pria Carmen, acrescentam suas impress\u00f5es, sua participa\u00e7\u00e3o nos fatos.\u201d<\/p>\n<p>&nbsp;<\/p>\n<p>Carmen \u00e9 um cl\u00e1ssico. A partir de um conto de Prosper Merim\u00e9e, a \u00f3pera foi criada por Georges Bizet e nela a cigana Carmen conquista Dom Jos\u00e9, namorado de Micaela, obrigando-o a deixar os Drag\u00f5es Reais onde era tenente e juntar-se aos contrabandistas. Como o tenente Dom Jos\u00e9 fica em d\u00favida entre a guarda real e a vida de aventuras com a cigana que o troca por Escamillo, o mais famoso\u00a0toreador\u00a0de Espanha.<\/p>\n<p>&nbsp;<\/p>\n<p>Neste espet\u00e1culo, a trama se desenvolve com ares de grande drama, de intensas cores rom\u00e2nticas, reunindo as magn\u00edficas pe\u00e7as da \u00f3pera, o conte\u00fado do conto original, o libreto e uma dose de liberdade criativa tornando este espet\u00e1culo uma obra original tanto pronta para atender quem j\u00e1 conhece Carmen, quanto para servir de refer\u00eancia e introdu\u00e7\u00e3o para quem nunca teve a oportunidade de assistir a uma \u00f3pera.<\/p>\n<p>&nbsp;<\/p>\n<p>&nbsp;<\/p>\n","protected":false},"excerpt":{"rendered":"<p>\u00d3pera Curta \u00e9 um tipo de espet\u00e1culo de teatro musical criado por Cleber Papa e Rosana Caramaschi, sob a dire\u00e7\u00e3o [&hellip;]<\/p>\n","protected":false},"author":1,"featured_media":13420,"comment_status":"closed","ping_status":"closed","sticky":false,"template":"","format":"standard","meta":{"footnotes":""},"categories":[5,8],"tags":[],"class_list":["post-13419","post","type-post","status-publish","format-standard","has-post-thumbnail","hentry","category-coluna","category-noticias"],"_links":{"self":[{"href":"https:\/\/gilfuentes.com.br\/novo\/wp-json\/wp\/v2\/posts\/13419","targetHints":{"allow":["GET"]}}],"collection":[{"href":"https:\/\/gilfuentes.com.br\/novo\/wp-json\/wp\/v2\/posts"}],"about":[{"href":"https:\/\/gilfuentes.com.br\/novo\/wp-json\/wp\/v2\/types\/post"}],"author":[{"embeddable":true,"href":"https:\/\/gilfuentes.com.br\/novo\/wp-json\/wp\/v2\/users\/1"}],"replies":[{"embeddable":true,"href":"https:\/\/gilfuentes.com.br\/novo\/wp-json\/wp\/v2\/comments?post=13419"}],"version-history":[{"count":3,"href":"https:\/\/gilfuentes.com.br\/novo\/wp-json\/wp\/v2\/posts\/13419\/revisions"}],"predecessor-version":[{"id":13431,"href":"https:\/\/gilfuentes.com.br\/novo\/wp-json\/wp\/v2\/posts\/13419\/revisions\/13431"}],"wp:featuredmedia":[{"embeddable":true,"href":"https:\/\/gilfuentes.com.br\/novo\/wp-json\/wp\/v2\/media\/13420"}],"wp:attachment":[{"href":"https:\/\/gilfuentes.com.br\/novo\/wp-json\/wp\/v2\/media?parent=13419"}],"wp:term":[{"taxonomy":"category","embeddable":true,"href":"https:\/\/gilfuentes.com.br\/novo\/wp-json\/wp\/v2\/categories?post=13419"},{"taxonomy":"post_tag","embeddable":true,"href":"https:\/\/gilfuentes.com.br\/novo\/wp-json\/wp\/v2\/tags?post=13419"}],"curies":[{"name":"wp","href":"https:\/\/api.w.org\/{rel}","templated":true}]}}