{"id":13459,"date":"2014-04-03T20:24:23","date_gmt":"2014-04-03T23:24:23","guid":{"rendered":"https:\/\/gilfuentes.com.br\/novo\/?p=13459"},"modified":"2014-04-04T15:42:47","modified_gmt":"2014-04-04T18:42:47","slug":"suzano-comemora-65-anos","status":"publish","type":"post","link":"https:\/\/gilfuentes.com.br\/novo\/suzano-comemora-65-anos","title":{"rendered":"Suzano comemora 65 anos"},"content":{"rendered":"<p>Dom Pedro Luiz Stringhini na missa realizada ontem (2\/04) na Igreja Matriz de S\u00e3o Sebasti\u00e3o de Suzano, em comemora\u00e7\u00e3o aos 65 anos da cidade.<\/p>\n<p>&nbsp;<\/p>\n<p>Fotos Piero Leite<\/p>\n<p>&nbsp;<\/p>\n\n\t\t<style type=\"text\/css\">\n\t\t\t#gallery-1 {\n\t\t\t\tmargin: auto;\n\t\t\t}\n\t\t\t#gallery-1 .gallery-item {\n\t\t\t\tfloat: left;\n\t\t\t\tmargin-top: 10px;\n\t\t\t\ttext-align: center;\n\t\t\t\twidth: 33%;\n\t\t\t}\n\t\t\t#gallery-1 img {\n\t\t\t\tborder: 2px solid #cfcfcf;\n\t\t\t}\n\t\t\t#gallery-1 .gallery-caption {\n\t\t\t\tmargin-left: 0;\n\t\t\t}\n\t\t\t\/* see gallery_shortcode() in wp-includes\/media.php *\/\n\t\t<\/style>\n\t\t<div id='gallery-1' class='gallery galleryid-13459 gallery-columns-3 gallery-size-thumbnail'><dl class='gallery-item'>\n\t\t\t<dt class='gallery-icon portrait'>\n\t\t\t\t<a href='https:\/\/gilfuentes.com.br\/novo\/suzano-comemora-65-anos\/d4_4-18'><img loading=\"lazy\" decoding=\"async\" width=\"150\" height=\"150\" src=\"https:\/\/gilfuentes.com.br\/novo\/wp-content\/uploads\/2014\/04\/d4_4-150x150.jpg\" class=\"attachment-thumbnail size-thumbnail\" alt=\"\" aria-describedby=\"gallery-1-13463\" \/><\/a>\n\t\t\t<\/dt>\n\t\t\t\t<dd class='wp-caption-text gallery-caption' id='gallery-1-13463'>\n\t\t\t\tViviane Galv\u00e3o e Estevam Galv\u00e3o\n\t\t\t\t<\/dd><\/dl><dl class='gallery-item'>\n\t\t\t<dt class='gallery-icon landscape'>\n\t\t\t\t<a href='https:\/\/gilfuentes.com.br\/novo\/suzano-comemora-65-anos\/d4_3-laudelina-ramos-e-maria-tokuzumi-ok'><img loading=\"lazy\" decoding=\"async\" width=\"150\" height=\"150\" src=\"https:\/\/gilfuentes.com.br\/novo\/wp-content\/uploads\/2014\/04\/d4_3-Laudelina-Ramos-e-Maria-Tokuzumi-ok-150x150.jpg\" class=\"attachment-thumbnail size-thumbnail\" alt=\"\" aria-describedby=\"gallery-1-13462\" \/><\/a>\n\t\t\t<\/dt>\n\t\t\t\t<dd class='wp-caption-text gallery-caption' id='gallery-1-13462'>\n\t\t\t\tLaudelina Ramos e Maria Tokuzumi\n\t\t\t\t<\/dd><\/dl><dl class='gallery-item'>\n\t\t\t<dt class='gallery-icon portrait'>\n\t\t\t\t<a href='https:\/\/gilfuentes.com.br\/novo\/suzano-comemora-65-anos\/d4_2-19'><img loading=\"lazy\" decoding=\"async\" width=\"150\" height=\"150\" src=\"https:\/\/gilfuentes.com.br\/novo\/wp-content\/uploads\/2014\/04\/d4_2-150x150.jpg\" class=\"attachment-thumbnail size-thumbnail\" alt=\"\" aria-describedby=\"gallery-1-13461\" \/><\/a>\n\t\t\t<\/dt>\n\t\t\t\t<dd class='wp-caption-text gallery-caption' id='gallery-1-13461'>\n\t\t\t\tNilce e Paulo Tokuzumi\n\t\t\t\t<\/dd><\/dl><br style=\"clear: both\" \/>\n\t\t<\/div>\n\n<p>&nbsp;<\/p>\n<p>&nbsp;<\/p>\n","protected":false},"excerpt":{"rendered":"<p>Dom Pedro Luiz Stringhini na missa realizada ontem (2\/04) na Igreja Matriz de S\u00e3o Sebasti\u00e3o de Suzano, em comemora\u00e7\u00e3o aos [&hellip;]<\/p>\n","protected":false},"author":1,"featured_media":13460,"comment_status":"closed","ping_status":"closed","sticky":false,"template":"","format":"standard","meta":{"footnotes":""},"categories":[5,8],"tags":[],"class_list":["post-13459","post","type-post","status-publish","format-standard","has-post-thumbnail","hentry","category-coluna","category-noticias"],"_links":{"self":[{"href":"https:\/\/gilfuentes.com.br\/novo\/wp-json\/wp\/v2\/posts\/13459","targetHints":{"allow":["GET"]}}],"collection":[{"href":"https:\/\/gilfuentes.com.br\/novo\/wp-json\/wp\/v2\/posts"}],"about":[{"href":"https:\/\/gilfuentes.com.br\/novo\/wp-json\/wp\/v2\/types\/post"}],"author":[{"embeddable":true,"href":"https:\/\/gilfuentes.com.br\/novo\/wp-json\/wp\/v2\/users\/1"}],"replies":[{"embeddable":true,"href":"https:\/\/gilfuentes.com.br\/novo\/wp-json\/wp\/v2\/comments?post=13459"}],"version-history":[{"count":2,"href":"https:\/\/gilfuentes.com.br\/novo\/wp-json\/wp\/v2\/posts\/13459\/revisions"}],"predecessor-version":[{"id":13466,"href":"https:\/\/gilfuentes.com.br\/novo\/wp-json\/wp\/v2\/posts\/13459\/revisions\/13466"}],"wp:featuredmedia":[{"embeddable":true,"href":"https:\/\/gilfuentes.com.br\/novo\/wp-json\/wp\/v2\/media\/13460"}],"wp:attachment":[{"href":"https:\/\/gilfuentes.com.br\/novo\/wp-json\/wp\/v2\/media?parent=13459"}],"wp:term":[{"taxonomy":"category","embeddable":true,"href":"https:\/\/gilfuentes.com.br\/novo\/wp-json\/wp\/v2\/categories?post=13459"},{"taxonomy":"post_tag","embeddable":true,"href":"https:\/\/gilfuentes.com.br\/novo\/wp-json\/wp\/v2\/tags?post=13459"}],"curies":[{"name":"wp","href":"https:\/\/api.w.org\/{rel}","templated":true}]}}