{"id":13603,"date":"2014-04-12T21:38:02","date_gmt":"2014-04-13T00:38:02","guid":{"rendered":"https:\/\/gilfuentes.com.br\/novo\/?p=13603"},"modified":"2014-04-12T11:27:17","modified_gmt":"2014-04-12T14:27:17","slug":"lucas-anderi-apresenta-lebanese-collection","status":"publish","type":"post","link":"https:\/\/gilfuentes.com.br\/novo\/lucas-anderi-apresenta-lebanese-collection","title":{"rendered":"Lucas Anderi apresenta &#8220;Lebanese Collection&#8221;"},"content":{"rendered":"<p>Na manh\u00e3 de sexta-feira o estilista Lucas Anderi promoveu um avant-premier no Hotel Unique, com 27 modelos de noiva, minutos antes da abertura do Casamoda Noivas. Sua nova cole\u00e7\u00e3o \u201cLebanese Collection\u201d est\u00e1 exuberante, rendada, transparente e cheia de rosas. Um luxo que ganhou produ\u00e7\u00e3o de Nazih Youssef Franciss, que entra com o p\u00e9 direito no mercado paulistano com sua grife NY Franciss. Acima o talentoso estilista com a modelo e atriz Maia Casavedall, que abriu o desfile com um vestido negro e fechou com um vestido azul.<\/p>\n<p>&nbsp;<\/p>\n<p>Fotos Eduardo Romano<\/p>\n<p>&nbsp;<\/p>\n\n\t\t<style type=\"text\/css\">\n\t\t\t#gallery-1 {\n\t\t\t\tmargin: auto;\n\t\t\t}\n\t\t\t#gallery-1 .gallery-item {\n\t\t\t\tfloat: left;\n\t\t\t\tmargin-top: 10px;\n\t\t\t\ttext-align: center;\n\t\t\t\twidth: 33%;\n\t\t\t}\n\t\t\t#gallery-1 img {\n\t\t\t\tborder: 2px solid #cfcfcf;\n\t\t\t}\n\t\t\t#gallery-1 .gallery-caption {\n\t\t\t\tmargin-left: 0;\n\t\t\t}\n\t\t\t\/* see gallery_shortcode() in wp-includes\/media.php *\/\n\t\t<\/style>\n\t\t<div id='gallery-1' class='gallery galleryid-13603 gallery-columns-3 gallery-size-thumbnail'><dl class='gallery-item'>\n\t\t\t<dt class='gallery-icon portrait'>\n\t\t\t\t<a href='https:\/\/gilfuentes.com.br\/novo\/lucas-anderi-apresenta-lebanese-collection\/fam6_3-8'><img loading=\"lazy\" decoding=\"async\" width=\"150\" height=\"150\" src=\"https:\/\/gilfuentes.com.br\/novo\/wp-content\/uploads\/2014\/04\/fam6_3-150x150.jpg\" class=\"attachment-thumbnail size-thumbnail\" alt=\"\" \/><\/a>\n\t\t\t<\/dt><\/dl><dl class='gallery-item'>\n\t\t\t<dt class='gallery-icon portrait'>\n\t\t\t\t<a href='https:\/\/gilfuentes.com.br\/novo\/lucas-anderi-apresenta-lebanese-collection\/fam6_2-maria-casavedal-ok'><img loading=\"lazy\" decoding=\"async\" width=\"150\" height=\"150\" src=\"https:\/\/gilfuentes.com.br\/novo\/wp-content\/uploads\/2014\/04\/fam6_2-Maria-Casavedal-ok-150x150.jpg\" class=\"attachment-thumbnail size-thumbnail\" alt=\"\" \/><\/a>\n\t\t\t<\/dt><\/dl><dl class='gallery-item'>\n\t\t\t<dt class='gallery-icon portrait'>\n\t\t\t\t<a href='https:\/\/gilfuentes.com.br\/novo\/lucas-anderi-apresenta-lebanese-collection\/fam6_5-3'><img loading=\"lazy\" decoding=\"async\" width=\"150\" height=\"150\" src=\"https:\/\/gilfuentes.com.br\/novo\/wp-content\/uploads\/2014\/04\/fam6_5-150x150.jpg\" class=\"attachment-thumbnail size-thumbnail\" alt=\"\" \/><\/a>\n\t\t\t<\/dt><\/dl><br style=\"clear: both\" \/><dl class='gallery-item'>\n\t\t\t<dt class='gallery-icon portrait'>\n\t\t\t\t<a href='https:\/\/gilfuentes.com.br\/novo\/lucas-anderi-apresenta-lebanese-collection\/testa-24'><img loading=\"lazy\" decoding=\"async\" width=\"150\" height=\"150\" src=\"https:\/\/gilfuentes.com.br\/novo\/wp-content\/uploads\/2014\/04\/TESTA-150x150.jpg\" class=\"attachment-thumbnail size-thumbnail\" alt=\"\" \/><\/a>\n\t\t\t<\/dt><\/dl><dl class='gallery-item'>\n\t\t\t<dt class='gallery-icon portrait'>\n\t\t\t\t<a href='https:\/\/gilfuentes.com.br\/novo\/lucas-anderi-apresenta-lebanese-collection\/fam6_4-maria-casavedall-ok'><img loading=\"lazy\" decoding=\"async\" width=\"150\" height=\"150\" src=\"https:\/\/gilfuentes.com.br\/novo\/wp-content\/uploads\/2014\/04\/Fam6_4-Maria-Casavedall-ok-150x150.jpg\" class=\"attachment-thumbnail size-thumbnail\" alt=\"\" \/><\/a>\n\t\t\t<\/dt><\/dl><dl class='gallery-item'>\n\t\t\t<dt class='gallery-icon portrait'>\n\t\t\t\t<a href='https:\/\/gilfuentes.com.br\/novo\/lucas-anderi-apresenta-lebanese-collection\/fam6_7-2'><img loading=\"lazy\" decoding=\"async\" width=\"150\" height=\"150\" src=\"https:\/\/gilfuentes.com.br\/novo\/wp-content\/uploads\/2014\/04\/fam6_7-150x150.jpg\" class=\"attachment-thumbnail size-thumbnail\" alt=\"\" \/><\/a>\n\t\t\t<\/dt><\/dl><br style=\"clear: both\" \/><dl class='gallery-item'>\n\t\t\t<dt class='gallery-icon portrait'>\n\t\t\t\t<a href='https:\/\/gilfuentes.com.br\/novo\/lucas-anderi-apresenta-lebanese-collection\/fam6_6-2'><img loading=\"lazy\" decoding=\"async\" width=\"150\" height=\"150\" src=\"https:\/\/gilfuentes.com.br\/novo\/wp-content\/uploads\/2014\/04\/fam6_6-150x150.jpg\" class=\"attachment-thumbnail size-thumbnail\" alt=\"\" \/><\/a>\n\t\t\t<\/dt><\/dl><dl class='gallery-item'>\n\t\t\t<dt class='gallery-icon portrait'>\n\t\t\t\t<a href='https:\/\/gilfuentes.com.br\/novo\/lucas-anderi-apresenta-lebanese-collection\/fam6_8-2'><img loading=\"lazy\" decoding=\"async\" width=\"150\" height=\"150\" src=\"https:\/\/gilfuentes.com.br\/novo\/wp-content\/uploads\/2014\/04\/fam6_8-150x150.jpg\" class=\"attachment-thumbnail size-thumbnail\" alt=\"\" \/><\/a>\n\t\t\t<\/dt><\/dl><dl class='gallery-item'>\n\t\t\t<dt class='gallery-icon portrait'>\n\t\t\t\t<a href='https:\/\/gilfuentes.com.br\/novo\/lucas-anderi-apresenta-lebanese-collection\/fam6_9'><img loading=\"lazy\" decoding=\"async\" width=\"150\" height=\"150\" src=\"https:\/\/gilfuentes.com.br\/novo\/wp-content\/uploads\/2014\/04\/fam6_9-150x150.jpg\" class=\"attachment-thumbnail size-thumbnail\" alt=\"\" \/><\/a>\n\t\t\t<\/dt><\/dl><br style=\"clear: both\" \/><dl class='gallery-item'>\n\t\t\t<dt class='gallery-icon landscape'>\n\t\t\t\t<a href='https:\/\/gilfuentes.com.br\/novo\/lucas-anderi-apresenta-lebanese-collection\/fam6_10-divido-a-cena-com-nazih-youssef-franciss-e-theresa-casavedall-mae-de-maria'><img loading=\"lazy\" decoding=\"async\" width=\"150\" height=\"150\" src=\"https:\/\/gilfuentes.com.br\/novo\/wp-content\/uploads\/2014\/04\/fam6_10-Divido-a-cena-com-Nazih-Youssef-Franciss-e-Theresa-Casavedall-m\u00e3e-de-Maria-150x150.jpg\" class=\"attachment-thumbnail size-thumbnail\" alt=\"\" aria-describedby=\"gallery-1-13613\" \/><\/a>\n\t\t\t<\/dt>\n\t\t\t\t<dd class='wp-caption-text gallery-caption' id='gallery-1-13613'>\n\t\t\t\tGil Fuentes, Nazih Franciss e Theresa Casavedall (m\u00e3e de Maria Casavedall)\n\t\t\t\t<\/dd><\/dl>\n\t\t\t<br style='clear: both' \/>\n\t\t<\/div>\n\n<p>&nbsp;<\/p>\n<p>&nbsp;<\/p>\n","protected":false},"excerpt":{"rendered":"<p>Na manh\u00e3 de sexta-feira o estilista Lucas Anderi promoveu um avant-premier no Hotel Unique, com 27 modelos de noiva, minutos [&hellip;]<\/p>\n","protected":false},"author":1,"featured_media":13604,"comment_status":"closed","ping_status":"closed","sticky":false,"template":"","format":"standard","meta":{"footnotes":""},"categories":[5,8],"tags":[],"class_list":["post-13603","post","type-post","status-publish","format-standard","has-post-thumbnail","hentry","category-coluna","category-noticias"],"_links":{"self":[{"href":"https:\/\/gilfuentes.com.br\/novo\/wp-json\/wp\/v2\/posts\/13603","targetHints":{"allow":["GET"]}}],"collection":[{"href":"https:\/\/gilfuentes.com.br\/novo\/wp-json\/wp\/v2\/posts"}],"about":[{"href":"https:\/\/gilfuentes.com.br\/novo\/wp-json\/wp\/v2\/types\/post"}],"author":[{"embeddable":true,"href":"https:\/\/gilfuentes.com.br\/novo\/wp-json\/wp\/v2\/users\/1"}],"replies":[{"embeddable":true,"href":"https:\/\/gilfuentes.com.br\/novo\/wp-json\/wp\/v2\/comments?post=13603"}],"version-history":[{"count":1,"href":"https:\/\/gilfuentes.com.br\/novo\/wp-json\/wp\/v2\/posts\/13603\/revisions"}],"predecessor-version":[{"id":13615,"href":"https:\/\/gilfuentes.com.br\/novo\/wp-json\/wp\/v2\/posts\/13603\/revisions\/13615"}],"wp:featuredmedia":[{"embeddable":true,"href":"https:\/\/gilfuentes.com.br\/novo\/wp-json\/wp\/v2\/media\/13604"}],"wp:attachment":[{"href":"https:\/\/gilfuentes.com.br\/novo\/wp-json\/wp\/v2\/media?parent=13603"}],"wp:term":[{"taxonomy":"category","embeddable":true,"href":"https:\/\/gilfuentes.com.br\/novo\/wp-json\/wp\/v2\/categories?post=13603"},{"taxonomy":"post_tag","embeddable":true,"href":"https:\/\/gilfuentes.com.br\/novo\/wp-json\/wp\/v2\/tags?post=13603"}],"curies":[{"name":"wp","href":"https:\/\/api.w.org\/{rel}","templated":true}]}}