{"id":13698,"date":"2014-04-20T11:21:40","date_gmt":"2014-04-20T14:21:40","guid":{"rendered":"https:\/\/gilfuentes.com.br\/novo\/?p=13698"},"modified":"2014-04-19T12:05:22","modified_gmt":"2014-04-19T15:05:22","slug":"entrevista-com-nazih-youssef-franciss","status":"publish","type":"post","link":"https:\/\/gilfuentes.com.br\/novo\/entrevista-com-nazih-youssef-franciss","title":{"rendered":"Entrevista com Nazih Youssef Franciss"},"content":{"rendered":"<p><b>Como foi o processo de implanta\u00e7\u00e3o da Faculdade UNISUZ?<\/b><\/p>\n<p><b>Nazih Youssef Franciss &#8211; <\/b>Meu pai era professor de matem\u00e1tica em universidade no L\u00edbano e desde que chegou em Suzano, em 1976, tinha o sonho de abrir uma faculdade. Em 95 abrimos o col\u00e9gio e eu comecei trabalhando na administra\u00e7\u00e3o e cursava arquitetura. Entre 95 e 99 ocorreu o processo de instala\u00e7\u00e3o e credenciamento da faculdade. Em 99 saiu a primeira portaria para Ci\u00eancias Cont\u00e1beis e depois autoriza\u00e7\u00e3o para Administra\u00e7\u00e3o. Em 2000 come\u00e7amos com dois cursos e duas turmas. Assumi a dire\u00e7\u00e3o. \u00c9ramos eu e a secret\u00e1ria, a Arlete, que continua na faculdade. O curso de Direito foi reconhecido com nota m\u00e1xima, que \u00e9 5, e \u00e9 recomendado pela OAB. Desde a implanta\u00e7\u00e3o em 2003, o curso tem as melhores aprova\u00e7\u00f5es na OAB no Alto Tiet\u00ea e Vale do Para\u00edba. A UNISUZ foi a \u00fanica institui\u00e7\u00e3o do Estado convidada para capacitar as 91 Diretorias de Ensino, com o modelo de trabalho desenvolvido por meio do Programa Escola da Fam\u00edlia. Fui convidado como diretor, e o Leandro Bassini, como vice, para publicar um artigo na Revista da ABMES &#8211; Associa\u00e7\u00e3o Brasileira das Mantenedoras de Ensino Superior. Escrevemos sobre Responsabilidade Social com base no trabalho diferenciado da UNISUZ, como a Integra\u00e7\u00e3o Solid\u00e1ria, a\u00e7\u00f5es em parceria com ONGs e prefeituras, aproximando a faculdade da comunidade. De dois cursos e cinquenta alunos, hoje temos dez cursos e mais de dois mil alunos.<\/p>\n<p>&nbsp;<\/p>\n<p><b>\u00a0Porque deixou a dire\u00e7\u00e3o?<\/b><\/p>\n<p><b>Nazih &#8211; <\/b>Cumpri a minha miss\u00e3o no ensino superior. Quero novos desafios e h\u00e1 dois anos venho planejando sair da dire\u00e7\u00e3o e ficar s\u00f3 na mantenedora e no col\u00e9gio, e me dedicar \u00e0 arquitetura, que sempre foi minha paix\u00e3o. Desde ent\u00e3o venho trabalhando para abrir uma nova empresa. Estava aguardando o momento certo e ele chegou. O que eu j\u00e1 fazia como hobbie, produzir e organizar eventos, agora virou neg\u00f3cio.<\/p>\n<p>&nbsp;<\/p>\n<p><b>Como surgiu a NY Franciss?<\/b><\/p>\n<p><b>Nazih &#8211; <\/b>Da paix\u00e3o pela arquitetura e eventos, meu cuidado pela est\u00e9tica e decora\u00e7\u00e3o. Sempre participei dos eventos da fam\u00edlia e os da institui\u00e7\u00e3o. Cuidava dos detalhes das formaturas, do protocolo e cerimonial, inclusive,\u00a0 fiz cursos na \u00e1rea. Acho que est\u00e1 no sangue liban\u00eas esse gosto em receber bem, sempre com toque refinado. \u00c9 da cultura libanesa, mesmo quando recebemos algu\u00e9m na cozinha tem que ser com eleg\u00e2ncia e de um jeito que a pessoa fique bem a vontade.<\/p>\n<p>&nbsp;<\/p>\n<p><b>Qual a \u00e1rea que pretende atuar?<\/b><\/p>\n<p><b>Nazih &#8211; <\/b>Na produ\u00e7\u00e3o e cenografia de eventos. \u00c9 uma consultoria. Na arquitetura, tenho mais perfil para design de interiores, mas tamb\u00e9m trabalharei com projetos de edifica\u00e7\u00f5es comerciais e residenciais, e paisagismo. Esse ser\u00e1 um trabalho em parceria com outros profissionais.<\/p>\n<p>&nbsp;<\/p>\n<p><b>Quem s\u00e3o estes profissionais?<\/b><\/p>\n<p><b>Nazih &#8211;<\/b> A Lea Passarell \u00e9 arquiteta (de Belo Horizonte) e est\u00e1 em S\u00e3o Paulo h\u00e1 mais de dez anos. O estilo dela \u00e9 contempor\u00e2neo. O Droysen Tomich \u00e9 um paisagista de Belo Horizonte. Ele tem um perfil moderno e elegante, variando as cria\u00e7\u00f5es, os tipos de plantas, mas sempre com foco no verde. Tamb\u00e9m teremos a parceria da competente arquiteta e decoradora, Ge\u00f3rgia Barros, que \u00e9 conhecida na regi\u00e3o.<\/p>\n<p>&nbsp;<\/p>\n<p><b>Quais eventos organizou em S\u00e3o Paulo?<\/b><\/p>\n<p><b>Nazih &#8211; <\/b>Fiz v\u00e1rios eventos sociais, dentre eles, casamentos de alto n\u00edvel, elegantes e sofisticados. Assinei projetos diferenciados e exclusivos para os noivos, com ambienta\u00e7\u00f5es incr\u00edveis. J\u00e1 realizei eventos corporativos de grande porte, tamb\u00e9m com toques diferenciados e o \u00faltimo, para minha surpresa, foi a produ\u00e7\u00e3o e cenografia de um evento de moda de grande porte. Al\u00e9m disso, fiz festas menores, mais \u00edntimas, mas que exigiam eleg\u00e2ncia e um projeto de cenografia e produ\u00e7\u00e3o.<\/p>\n<p>&nbsp;<\/p>\n<p><b>E o evento da col\u00f4nia libanesa?<\/b><\/p>\n<p><b>Nazih &#8211; <\/b>O c\u00f4nsul-geral do L\u00edbano em S\u00e3o Paulo, Kabalan Frangieh, esteve em um casamento que produzi, no Clube Monte L\u00edbano, e me convidou para organizar a comemora\u00e7\u00e3o dos 70 anos da Independ\u00eancia do L\u00edbano. Foi um evento com mais de duas mil pessoas.<\/p>\n<p>&nbsp;<\/p>\n<p><b>Como foi produzir o desfile do estilista Lucas Anderi no Hotel Unique, no Casamoda Noivas?<\/b><\/p>\n<p><b>Nazih &#8211; <\/b>O Lucas \u00e9 meu primo, e me convidou para cuidar do desfile que abriria o Casamoda Noivas, maior evento de noivas do pa\u00eds. Comecei a trabalhar desde o segundo semestre do ano passado. Tive uma equipe maravilhosa, fiz um projeto de cenografia incr\u00edvel e foi um sucesso. A Maria Casadevall abriu e encerrou o desfile. Foi um voto de confian\u00e7a do Lucas. Todo mundo elogiou muito. A gente tem que acreditar no que faz e dar o melhor de si.<\/p>\n<p>&nbsp;<\/p>\n<p><b>Quais os pr\u00f3ximos projetos?<\/b><\/p>\n<p><b>Nazih &#8211; <\/b>Inaugurar o escrit\u00f3rio. Estou atrasando pela demanda de clientes para decora\u00e7\u00e3o de apartamentos e festas que surgiram. Para esse ano\u00a0 tenho tr\u00eas casamentos fechados, em espa\u00e7os bem legais, e reuni\u00f5es agendadas com grandes empresas. Ainda n\u00e3o posso divulgar nomes, mas posso adiantar que vem muito trabalho bacana por a\u00ed.<\/p>\n<p>&nbsp;<\/p>\n<p><b>Quando inaugura o seu escrit\u00f3rio e onde ser\u00e1?<\/b><\/p>\n<p><b>Nazih &#8211; <\/b>Em maio, na Alameda Lorena, nos Jardins. Ser\u00e1 um espa\u00e7o flex\u00edvel para trabalho, reuni\u00f5es e apresenta\u00e7\u00e3o de montagem de festas. Como deixei a estrutura modular, tamb\u00e9m poderemos fazer recep\u00e7\u00f5es, mini jantar para padrinhos de noivos, degusta\u00e7\u00f5es, vernissage, sempre com rela\u00e7\u00e3o \u00e0 arquitetura, decora\u00e7\u00e3o, paisagismo, produ\u00e7\u00e3o e cenografia.<\/p>\n<p>&nbsp;<\/p>\n<p><b>JOGO R\u00c1PIDO<\/b><\/p>\n<p>Um Lugar: Minha Casa<\/p>\n<p>Um cheiro: Da Casa da Av\u00f3<\/p>\n<p>Uma cor: Azul<\/p>\n<p>Um Livro: O Mundo e Plano &#8211; Uma Hist\u00f3ria do S\u00e9culo XXI, de Thomas Friedman<\/p>\n<p>Um Filme: \u00c0 Espera de um Milagre<\/p>\n<p>Uma M\u00fasica: Tocando em Frente, de Almir Sater<\/p>\n<p>Um Momento: Nascimento da Minha Sobrinha<\/p>\n<p>Uma Mulher: Minha M\u00e3e<\/p>\n<p>Um Homem: Meu Pai<\/p>\n<p>Deus: Tudo<\/p>\n","protected":false},"excerpt":{"rendered":"<p>Como foi o processo de implanta\u00e7\u00e3o da Faculdade UNISUZ? Nazih Youssef Franciss &#8211; Meu pai era professor de matem\u00e1tica em [&hellip;]<\/p>\n","protected":false},"author":1,"featured_media":13702,"comment_status":"closed","ping_status":"closed","sticky":false,"template":"","format":"standard","meta":{"footnotes":""},"categories":[5,8],"tags":[],"class_list":["post-13698","post","type-post","status-publish","format-standard","has-post-thumbnail","hentry","category-coluna","category-noticias"],"_links":{"self":[{"href":"https:\/\/gilfuentes.com.br\/novo\/wp-json\/wp\/v2\/posts\/13698","targetHints":{"allow":["GET"]}}],"collection":[{"href":"https:\/\/gilfuentes.com.br\/novo\/wp-json\/wp\/v2\/posts"}],"about":[{"href":"https:\/\/gilfuentes.com.br\/novo\/wp-json\/wp\/v2\/types\/post"}],"author":[{"embeddable":true,"href":"https:\/\/gilfuentes.com.br\/novo\/wp-json\/wp\/v2\/users\/1"}],"replies":[{"embeddable":true,"href":"https:\/\/gilfuentes.com.br\/novo\/wp-json\/wp\/v2\/comments?post=13698"}],"version-history":[{"count":4,"href":"https:\/\/gilfuentes.com.br\/novo\/wp-json\/wp\/v2\/posts\/13698\/revisions"}],"predecessor-version":[{"id":13704,"href":"https:\/\/gilfuentes.com.br\/novo\/wp-json\/wp\/v2\/posts\/13698\/revisions\/13704"}],"wp:featuredmedia":[{"embeddable":true,"href":"https:\/\/gilfuentes.com.br\/novo\/wp-json\/wp\/v2\/media\/13702"}],"wp:attachment":[{"href":"https:\/\/gilfuentes.com.br\/novo\/wp-json\/wp\/v2\/media?parent=13698"}],"wp:term":[{"taxonomy":"category","embeddable":true,"href":"https:\/\/gilfuentes.com.br\/novo\/wp-json\/wp\/v2\/categories?post=13698"},{"taxonomy":"post_tag","embeddable":true,"href":"https:\/\/gilfuentes.com.br\/novo\/wp-json\/wp\/v2\/tags?post=13698"}],"curies":[{"name":"wp","href":"https:\/\/api.w.org\/{rel}","templated":true}]}}