{"id":13733,"date":"2014-04-27T21:31:04","date_gmt":"2014-04-28T00:31:04","guid":{"rendered":"https:\/\/gilfuentes.com.br\/novo\/?p=13733"},"modified":"2014-04-27T21:34:52","modified_gmt":"2014-04-28T00:34:52","slug":"marilia-e-nilva-comandam-o-cha-da-rede-feminina","status":"publish","type":"post","link":"https:\/\/gilfuentes.com.br\/novo\/marilia-e-nilva-comandam-o-cha-da-rede-feminina","title":{"rendered":"Mar\u00edlia e Nilva comandaram o Ch\u00e1 da Rede Feminina"},"content":{"rendered":"<p>Mar\u00edlia Gomes Mathias e Nilva Alves Pacheco comandaram o Ch\u00e1 Beneficente da Rede Feminina de Combate ao C\u00e2ncer na \u00faltima quinta-feira, no Colonial &#8211; Restaurante e Pizzaria. As volunt\u00e1rias suzanenses realizam um trabalho digno e merecem aplausos. Toda renda ser\u00e1 revertida para o Instituto do C\u00e2ncer Dr. Arnaldo Vieira de Carvalho, que recebe prontamente todos os pacientes encaminhados por elas.<\/p>\n<p>&nbsp;<\/p>\n<p>Fotos: Eduardo Romano<\/p>\n<p>&nbsp;<\/p>\n\n\t\t<style type=\"text\/css\">\n\t\t\t#gallery-1 {\n\t\t\t\tmargin: auto;\n\t\t\t}\n\t\t\t#gallery-1 .gallery-item {\n\t\t\t\tfloat: left;\n\t\t\t\tmargin-top: 10px;\n\t\t\t\ttext-align: center;\n\t\t\t\twidth: 33%;\n\t\t\t}\n\t\t\t#gallery-1 img {\n\t\t\t\tborder: 2px solid #cfcfcf;\n\t\t\t}\n\t\t\t#gallery-1 .gallery-caption {\n\t\t\t\tmargin-left: 0;\n\t\t\t}\n\t\t\t\/* see gallery_shortcode() in wp-includes\/media.php *\/\n\t\t<\/style>\n\t\t<div id='gallery-1' class='gallery galleryid-13733 gallery-columns-3 gallery-size-thumbnail'><dl class='gallery-item'>\n\t\t\t<dt class='gallery-icon landscape'>\n\t\t\t\t<a href='https:\/\/gilfuentes.com.br\/novo\/marilia-e-nilva-comandam-o-cha-da-rede-feminina\/fam6_4-yaiko-sabanai-sagawa-e-marcia-fugimura-ok'><img loading=\"lazy\" decoding=\"async\" width=\"150\" height=\"150\" src=\"https:\/\/gilfuentes.com.br\/novo\/wp-content\/uploads\/2014\/04\/Fam6_4-Yaiko-Sabanai-Sagawa-e-Marcia-Fugimura-ok-150x150.jpg\" class=\"attachment-thumbnail size-thumbnail\" alt=\"\" aria-describedby=\"gallery-1-13737\" \/><\/a>\n\t\t\t<\/dt>\n\t\t\t\t<dd class='wp-caption-text gallery-caption' id='gallery-1-13737'>\n\t\t\t\tYaiko Sabanai Sagawa e Marcia Fugimura\n\t\t\t\t<\/dd><\/dl><dl class='gallery-item'>\n\t\t\t<dt class='gallery-icon landscape'>\n\t\t\t\t<a href='https:\/\/gilfuentes.com.br\/novo\/marilia-e-nilva-comandam-o-cha-da-rede-feminina\/fam6_3-joana-quareli-moraes-maria-albina-pellizzoni-arlete-tavares-ok'><img loading=\"lazy\" decoding=\"async\" width=\"150\" height=\"150\" src=\"https:\/\/gilfuentes.com.br\/novo\/wp-content\/uploads\/2014\/04\/Fam6_3-Joana-Quareli-Moraes-Maria-Albina-Pellizzoni-Arlete-Tavares-ok-150x150.jpg\" class=\"attachment-thumbnail size-thumbnail\" alt=\"\" aria-describedby=\"gallery-1-13736\" \/><\/a>\n\t\t\t<\/dt>\n\t\t\t\t<dd class='wp-caption-text gallery-caption' id='gallery-1-13736'>\n\t\t\t\tJoana Quareli Moraes, Maria Albina Pellizzoni, Arlete Tavares\n\t\t\t\t<\/dd><\/dl><dl class='gallery-item'>\n\t\t\t<dt class='gallery-icon landscape'>\n\t\t\t\t<a href='https:\/\/gilfuentes.com.br\/novo\/marilia-e-nilva-comandam-o-cha-da-rede-feminina\/fam6_2-yasuko-toyoda-e-tiroka-hanagusku-ok'><img loading=\"lazy\" decoding=\"async\" width=\"150\" height=\"150\" src=\"https:\/\/gilfuentes.com.br\/novo\/wp-content\/uploads\/2014\/04\/Fam6_2-Yasuko-Toyoda-e-Tiroka-Hanagusku-ok-150x150.jpg\" class=\"attachment-thumbnail size-thumbnail\" alt=\"\" aria-describedby=\"gallery-1-13735\" \/><\/a>\n\t\t\t<\/dt>\n\t\t\t\t<dd class='wp-caption-text gallery-caption' id='gallery-1-13735'>\n\t\t\t\tYasuko Toyoda e Tiroka Hanagusku\n\t\t\t\t<\/dd><\/dl><br style=\"clear: both\" \/><dl class='gallery-item'>\n\t\t\t<dt class='gallery-icon landscape'>\n\t\t\t\t<a href='https:\/\/gilfuentes.com.br\/novo\/marilia-e-nilva-comandam-o-cha-da-rede-feminina\/fam6_5-maria-aparecida-leal-gava-alzira-gomes-mano-e-angela-de-oliveira-ok'><img loading=\"lazy\" decoding=\"async\" width=\"150\" height=\"150\" src=\"https:\/\/gilfuentes.com.br\/novo\/wp-content\/uploads\/2014\/04\/Fam6_5-Maria-Aparecida-Leal-Gava-Alzira-Gomes-Mano-e-\u00c2ngela-de-Oliveira-ok-150x150.jpg\" class=\"attachment-thumbnail size-thumbnail\" alt=\"\" aria-describedby=\"gallery-1-13738\" \/><\/a>\n\t\t\t<\/dt>\n\t\t\t\t<dd class='wp-caption-text gallery-caption' id='gallery-1-13738'>\n\t\t\t\tMaria Aparecida Leal Gava, Alzira Gomes Mano e \u00c2ngela de Oliveira\n\t\t\t\t<\/dd><\/dl><dl class='gallery-item'>\n\t\t\t<dt class='gallery-icon landscape'>\n\t\t\t\t<a href='https:\/\/gilfuentes.com.br\/novo\/marilia-e-nilva-comandam-o-cha-da-rede-feminina\/fam6_6-tiyoko-luzia-abe-diniz-e-gildete-oliveira-gouveia-ok'><img loading=\"lazy\" decoding=\"async\" width=\"150\" height=\"150\" src=\"https:\/\/gilfuentes.com.br\/novo\/wp-content\/uploads\/2014\/04\/Fam6_6-Tiyoko-Luzia-Abe-Diniz-e-Gildete-Oliveira-Gouveia-ok-150x150.jpg\" class=\"attachment-thumbnail size-thumbnail\" alt=\"\" aria-describedby=\"gallery-1-13739\" \/><\/a>\n\t\t\t<\/dt>\n\t\t\t\t<dd class='wp-caption-text gallery-caption' id='gallery-1-13739'>\n\t\t\t\tTiyoko Luzia Abe Diniz e Gildete Oliveira Gouveia\n\t\t\t\t<\/dd><\/dl><dl class='gallery-item'>\n\t\t\t<dt class='gallery-icon landscape'>\n\t\t\t\t<a href='https:\/\/gilfuentes.com.br\/novo\/marilia-e-nilva-comandam-o-cha-da-rede-feminina\/fam6_7-durvalina-prado-satie-mendonca-pacheco-e-valentim-pacheco-goncalves-ok'><img loading=\"lazy\" decoding=\"async\" width=\"150\" height=\"150\" src=\"https:\/\/gilfuentes.com.br\/novo\/wp-content\/uploads\/2014\/04\/Fam6_7-Durvalina-Prado-Satie-Mendon\u00e7a-Pacheco-e-Valentim-Pacheco-Gon\u00e7alves-ok-150x150.jpg\" class=\"attachment-thumbnail size-thumbnail\" alt=\"\" aria-describedby=\"gallery-1-13740\" \/><\/a>\n\t\t\t<\/dt>\n\t\t\t\t<dd class='wp-caption-text gallery-caption' id='gallery-1-13740'>\n\t\t\t\tDurvalina Prado, Satie Mendon\u00e7a Pacheco e Valentim Pacheco Gon\u00e7alves\n\t\t\t\t<\/dd><\/dl><br style=\"clear: both\" \/><dl class='gallery-item'>\n\t\t\t<dt class='gallery-icon landscape'>\n\t\t\t\t<a href='https:\/\/gilfuentes.com.br\/novo\/marilia-e-nilva-comandam-o-cha-da-rede-feminina\/fam6_8-maria-aparecida-costa-lima-maria-lidia-nascimento-costa-e-raquel-ferreira-diniz-costa-ok'><img loading=\"lazy\" decoding=\"async\" width=\"150\" height=\"150\" src=\"https:\/\/gilfuentes.com.br\/novo\/wp-content\/uploads\/2014\/04\/Fam6_8-Maria-Aparecida-Costa-Lima-Maria-Lidia-Nascimento-Costa-e-Raquel-Ferreira-Diniz-Costa-ok-150x150.jpg\" class=\"attachment-thumbnail size-thumbnail\" alt=\"\" aria-describedby=\"gallery-1-13741\" \/><\/a>\n\t\t\t<\/dt>\n\t\t\t\t<dd class='wp-caption-text gallery-caption' id='gallery-1-13741'>\n\t\t\t\tMaria Aparecida Costa Lima, Maria Lidia  Nascimento Costa e Raquel Ferreira Diniz Costa\n\t\t\t\t<\/dd><\/dl><dl class='gallery-item'>\n\t\t\t<dt class='gallery-icon landscape'>\n\t\t\t\t<a href='https:\/\/gilfuentes.com.br\/novo\/marilia-e-nilva-comandam-o-cha-da-rede-feminina\/fam6_9-lydia-cunha-kitakawa-e-odete-koyama-ok'><img loading=\"lazy\" decoding=\"async\" width=\"150\" height=\"150\" src=\"https:\/\/gilfuentes.com.br\/novo\/wp-content\/uploads\/2014\/04\/Fam6_9-Lydia-Cunha-Kitakawa-e-Odete-Koyama-ok-150x150.jpg\" class=\"attachment-thumbnail size-thumbnail\" alt=\"\" aria-describedby=\"gallery-1-13742\" \/><\/a>\n\t\t\t<\/dt>\n\t\t\t\t<dd class='wp-caption-text gallery-caption' id='gallery-1-13742'>\n\t\t\t\tLydia Cunha Kitakawa e Odete Koyama\n\t\t\t\t<\/dd><\/dl>\n\t\t\t<br style='clear: both' \/>\n\t\t<\/div>\n\n<p>&nbsp;<\/p>\n<p>&nbsp;<\/p>\n","protected":false},"excerpt":{"rendered":"<p>Mar\u00edlia Gomes Mathias e Nilva Alves Pacheco comandaram o Ch\u00e1 Beneficente da Rede Feminina de Combate ao C\u00e2ncer na \u00faltima [&hellip;]<\/p>\n","protected":false},"author":1,"featured_media":13734,"comment_status":"closed","ping_status":"closed","sticky":false,"template":"","format":"standard","meta":{"footnotes":""},"categories":[5,8],"tags":[],"class_list":["post-13733","post","type-post","status-publish","format-standard","has-post-thumbnail","hentry","category-coluna","category-noticias"],"_links":{"self":[{"href":"https:\/\/gilfuentes.com.br\/novo\/wp-json\/wp\/v2\/posts\/13733","targetHints":{"allow":["GET"]}}],"collection":[{"href":"https:\/\/gilfuentes.com.br\/novo\/wp-json\/wp\/v2\/posts"}],"about":[{"href":"https:\/\/gilfuentes.com.br\/novo\/wp-json\/wp\/v2\/types\/post"}],"author":[{"embeddable":true,"href":"https:\/\/gilfuentes.com.br\/novo\/wp-json\/wp\/v2\/users\/1"}],"replies":[{"embeddable":true,"href":"https:\/\/gilfuentes.com.br\/novo\/wp-json\/wp\/v2\/comments?post=13733"}],"version-history":[{"count":2,"href":"https:\/\/gilfuentes.com.br\/novo\/wp-json\/wp\/v2\/posts\/13733\/revisions"}],"predecessor-version":[{"id":13744,"href":"https:\/\/gilfuentes.com.br\/novo\/wp-json\/wp\/v2\/posts\/13733\/revisions\/13744"}],"wp:featuredmedia":[{"embeddable":true,"href":"https:\/\/gilfuentes.com.br\/novo\/wp-json\/wp\/v2\/media\/13734"}],"wp:attachment":[{"href":"https:\/\/gilfuentes.com.br\/novo\/wp-json\/wp\/v2\/media?parent=13733"}],"wp:term":[{"taxonomy":"category","embeddable":true,"href":"https:\/\/gilfuentes.com.br\/novo\/wp-json\/wp\/v2\/categories?post=13733"},{"taxonomy":"post_tag","embeddable":true,"href":"https:\/\/gilfuentes.com.br\/novo\/wp-json\/wp\/v2\/tags?post=13733"}],"curies":[{"name":"wp","href":"https:\/\/api.w.org\/{rel}","templated":true}]}}