{"id":13822,"date":"2014-05-06T16:01:36","date_gmt":"2014-05-06T19:01:36","guid":{"rendered":"https:\/\/gilfuentes.com.br\/novo\/?p=13822"},"modified":"2014-05-06T16:06:55","modified_gmt":"2014-05-06T19:06:55","slug":"clovis-catharino-conta-sua-trajetoria-de-vida","status":"publish","type":"post","link":"https:\/\/gilfuentes.com.br\/novo\/clovis-catharino-conta-sua-trajetoria-de-vida","title":{"rendered":"Cl\u00f3vis Catharino conta sua trajet\u00f3ria de vida"},"content":{"rendered":"<p>\u201c<strong>Se o dia tem 24 horas, tem oito para descansar e ainda 16 horas para as atividades. Tem de ficar sentado o menor tempo poss\u00edvel, se puder fazer tudo de p\u00e9 \u00e9 ainda melhor<\/strong>\u201d.<\/p>\n<p>&nbsp;<\/p>\n<p>Fotos: Eduardo Romano<\/p>\n<p>&nbsp;<\/p>\n<p><a href=\"https:\/\/gilfuentes.com.br\/novo\/wp-content\/uploads\/2014\/05\/Cl\u00f3vis-Catharino-1.jpg\"><img loading=\"lazy\" decoding=\"async\" class=\"alignnone  wp-image-13817\" alt=\"Cl\u00f3vis Catharino 1\" src=\"https:\/\/gilfuentes.com.br\/novo\/wp-content\/uploads\/2014\/05\/Cl\u00f3vis-Catharino-1.jpg\" width=\"393\" height=\"305\" srcset=\"https:\/\/gilfuentes.com.br\/novo\/wp-content\/uploads\/2014\/05\/Cl\u00f3vis-Catharino-1.jpg 1091w, https:\/\/gilfuentes.com.br\/novo\/wp-content\/uploads\/2014\/05\/Cl\u00f3vis-Catharino-1-322x250.jpg 322w, https:\/\/gilfuentes.com.br\/novo\/wp-content\/uploads\/2014\/05\/Cl\u00f3vis-Catharino-1-1024x794.jpg 1024w\" sizes=\"auto, (max-width: 393px) 100vw, 393px\" \/><\/a><\/p>\n<p>&nbsp;<\/p>\n<p><strong>Qual sua forma\u00e7\u00e3o?<\/strong><\/p>\n<p><strong>Cl\u00f3vis Catharino \u2013<\/strong> Eu comecei a minha carreira estagiando como contador. Sou da \u00faltima turma formada em contabilidade que vale como ci\u00eancias econ\u00f4micas. Mas queria ser professor e n\u00e3o contador. E depois de trabalhar em S\u00e3o Paulo at\u00e9 1954 fui para o interior come\u00e7ando a carreira como professor prim\u00e1rio lecionando em comunidades pobres perto de Oswaldo Cruz, Paranapu\u00e3. Em 1960\u00a0 vim para Suzano para prestar concurso como diretor, e em 61 passei no concurso e em 63 fui diretor em Bananal no Vale do Para\u00edba, depois de longa trajet\u00f3ria como diretor, em 1969 voltei para Suzano.<\/p>\n<p>&nbsp;<\/p>\n<p><strong>Nunca quis ser pol\u00edtico?<\/strong><\/p>\n<p><strong>Cl\u00f3vis \u2013<\/strong> N\u00e3o, nunca participei da pol\u00edtica. Eu at\u00e9 hoje n\u00e3o sou filiado a partido nenhum,Sou um pol\u00edtico n\u00e3o partid\u00e1rio. Meu partido sou eu, minha democracia. Sempre atuei na minha t\u00e9cnica, da educa\u00e7\u00e3o. Em 1975 come\u00e7ou o movimento para formar a escola de oito anos, pois antes s\u00f3 tinhamos o gin\u00e1sio. Eu participei da montagem da escola de oito anos e coordenei a\u00a0 Rede Fisica. Coordenei toda a regi\u00e3o do Vale do Para\u00edba, e fiquei em S\u00e3o Paulo na cordenaria de ensino como assistente t\u00e9cnico, no gabinete da cordenaria at\u00e9 1982, trabalhando como cordenador de planejamento.<\/p>\n<p>&nbsp;<\/p>\n<p><strong>Quais as causas que mais defendeu como suzanense?<\/strong><\/p>\n<p><strong>Cl\u00f3vis \u2013<\/strong> Quando me aposentei em 85, ou seja, h\u00e1 30 anos, trabalhando todos os dias, fui trabalhar no orfanato, que se chamava ASA &#8211; Associa\u00e7\u00e3o Suzanense de Assist\u00eancia. Fiz parte da diretoria, e logo depois, em 1985, virei diretor do orfanato. Tomei conta dele por oito anos. Sempre como volunt\u00e1rio. O orfanato era dirigido pelo Padre Bernardo. E eu sempre fui ligado em educa\u00e7\u00e3o. Na d\u00e9cada de 60 ensinei patina\u00e7\u00e3o no Sal\u00e3o Paloquial. Fiquei anos fazendo isso, para meninos e meninas e at\u00e9 adultos. Sempre estudando e me envolvendo no meio do ensino, para aprender a cuidar das crian\u00e7as. Quando saiu o ECA, o prefeito da \u00e9poca &#8211; Estevam Galv\u00e3o de Oliveira &#8211; me chamou para montar a secretaria para cuidar de crian\u00e7as, ent\u00e3o nessa \u00e9poca junto de uma equipe criamos o CONDICAS de Suzano (Conselho Municipal dos Direitos da Crian\u00e7a e do Adolescente de Suzano), em 1992. Em 1993 o Paulo Tokuzumi assumiu a prefeitura. Fui o primeiro presidente do Condicas.<\/p>\n<p>&nbsp;<\/p>\n<p><strong>O que te fez mudar da \u00e1rea das ci\u00eancias cont\u00e1beis para a educa\u00e7\u00e3o?<\/strong><\/p>\n<p><strong>Cl\u00f3vis \u2013<\/strong> Sempre acreditei na educa\u00e7\u00e3o, a chave de tudo para mim \u00e9 a educa\u00e7\u00e3o. Quando lecionei sempre falei para meus alunos que nunca podem perder a vontade de aprender, nunca podem perder a vontade de ter novos objetivos.<\/p>\n<p>&nbsp;<\/p>\n<p><strong>Qual sua fun\u00e7\u00e3o hoje na Prefeitura de Suzano?<\/strong><\/p>\n<p><strong>Cl\u00f3vis \u2013<\/strong> Eu assessoro a dona Nilce Ramos Tokuzumi, a primeira-dama e presidente do Fundo Social de Solidariedade de Suzano. E o entusiasmo dela \u00e9 t\u00e3o grande que parece que ela nasce para a vida todos dias, e juntos defendemos o que vamos fazer em Suzano, o que pretende ser feito, a melhoria da condi\u00e7\u00e3o das crian\u00e7as e das m\u00e3es com diversos projetos e analisando tudo detalhadamente.<\/p>\n<p>&nbsp;<\/p>\n<p><a href=\"https:\/\/gilfuentes.com.br\/novo\/wp-content\/uploads\/2014\/05\/Cl\u00f3vis-Catharino-2.jpg\"><img loading=\"lazy\" decoding=\"async\" class=\"alignnone  wp-image-13818\" alt=\"Cl\u00f3vis Catharino 2\" src=\"https:\/\/gilfuentes.com.br\/novo\/wp-content\/uploads\/2014\/05\/Cl\u00f3vis-Catharino-2.jpg\" width=\"432\" height=\"288\" srcset=\"https:\/\/gilfuentes.com.br\/novo\/wp-content\/uploads\/2014\/05\/Cl\u00f3vis-Catharino-2.jpg 2000w, https:\/\/gilfuentes.com.br\/novo\/wp-content\/uploads\/2014\/05\/Cl\u00f3vis-Catharino-2-375x250.jpg 375w, https:\/\/gilfuentes.com.br\/novo\/wp-content\/uploads\/2014\/05\/Cl\u00f3vis-Catharino-2-1024x682.jpg 1024w\" sizes=\"auto, (max-width: 432px) 100vw, 432px\" \/><\/a><\/p>\n<p>&nbsp;<\/p>\n<p><strong>Como \u00e9 chegar aos 85 anos trabalhando com vigor?<\/strong><\/p>\n<p><strong>Cl\u00f3vis \u2013<\/strong> Se o dia tem 24 horas, tem oito para descansar ainda 16 horas para as atividades. Tem de ficar sentado o menor tempo poss\u00edvel, se puder fazer tudo de p\u00e9 \u00e9 ainda melhor, porque quando voc\u00ea fica em atividade o seu corpo responde e o seu c\u00e9rebro tamb\u00e9m. N\u00e3o se deve ficar ocioso, pois o \u00f3cio \u00e9 a oficina do diabo. Eu gosto de trabalhar.<\/p>\n<p>&nbsp;<\/p>\n<p><strong>Como v\u00ea a vida de um aposentado inativo?<\/strong><\/p>\n<p><strong>Cl\u00f3vis \u2013<\/strong> Para mim um aposentado inativo \u00e9 aquele que se aposenta e fica sentado na porta da venda, e fica l\u00e1 com os companheiros conversando sobre a vida, a mente vai deixando de pensar cada vez menos. Tem outros que se aposentam mas procuram atividades, como pescar, cuidar de uma horta entre outras coisas. O inativo \u00e9 aquele que se aposenta e fica em um s\u00edtio deitado na rede.<\/p>\n<p>&nbsp;<\/p>\n<p><strong>Imaginava chegar nessa idade em pleno vigor?<\/strong><\/p>\n<p><strong>Cl\u00f3vis \u2013<\/strong> Como disse, eu gosto de trabalhar e enquanto fa\u00e7o isso, pesco, re\u00fano minha fam\u00edlia, eu me sinto com energia para trabalhar.<\/p>\n<p>&nbsp;<\/p>\n<p><strong>O que falta para a classe que entra na terceira idade?<\/strong><\/p>\n<p><strong>Cl\u00f3vis \u2013<\/strong> Bom, a terceira idade est\u00e1 sendo entendida totalmente diferente de como era antes, pois ela traz uma experi\u00eancia, uma bagagem que est\u00e1 sendo trazida de volta para o mercado de trabalho por sua experi\u00eancia. A terceira idade hoje est\u00e1 come\u00e7ando a ter est\u00edmulos, cabe a eles aproveitar a experi\u00eancia que tem, e ingressar\u00a0 nesse movimento. O lazer tamb\u00e9m \u00e9 encontrado, como o baile da terceira idade que acontece todos os meses em Suzano. Este \u00faltimo tivemos 700 idosos participando, ent\u00e3o oportunidades est\u00e3o acontecendo, cabe a eles usarem isso.<\/p>\n<p>&nbsp;<\/p>\n<p><strong>O senhor acompanhou todas as fases da cidade de Suzano. Era isso que queria para sua cidade?<\/strong><\/p>\n<p><strong>Cl\u00f3vis \u2013<\/strong> Suzano n\u00e3o estava crescendo. \u00c9 at\u00e9 dif\u00edcil a coloca\u00e7\u00e3o, pois hoje a cidade tem 75 escolas estaduais e 83 municipais, ou seja, 158 escolas e antigamente tinha uma. Este crescimento veio de 1975 a 2014. \u00c9 um crescimento fabuloso, j\u00e1 que hoje temos praticamente 300 mil habitantes na nossa cidade. O problema \u00e9 que nessa evolu\u00e7\u00e3o Suzano fez tudo crescer em quantidade e n\u00e3o em qualidade, ningu\u00e9m mais chama Suzano de Cidade das Flores. Mas o nosso esfor\u00e7o de cada dia \u00e9 tentar melhorar mais e mais.<\/p>\n<p>&nbsp;<\/p>\n<p align=\"left\"><span style=\"text-decoration: underline;\"><strong>JOGO R\u00c1PIDO<\/strong><\/span><\/p>\n<p align=\"left\">\n<p><strong>Um lugar<\/strong><\/p>\n<p>Pantanal<\/p>\n<p>&nbsp;<\/p>\n<p><strong>Um cheiro<\/strong><\/p>\n<p>Do mar e da mata<\/p>\n<p>&nbsp;<\/p>\n<p><strong>Uma cor<\/strong><\/p>\n<p>Branco<\/p>\n<p>&nbsp;<\/p>\n<p><strong>Um livro<\/strong><\/p>\n<p>Educa\u00e7\u00e3o para uma civiliza\u00e7\u00e3o em mudan\u00e7a de W.H. Kilpatrick<\/p>\n<p>&nbsp;<\/p>\n<p><strong>Um filme<\/strong><\/p>\n<p>Uma Linda Mulher<\/p>\n<p><strong>\u00a0<\/strong><\/p>\n<p><strong>Uma m\u00fasica<\/strong><\/p>\n<p>As m\u00fasicas dos anos 60<\/p>\n<p><strong>\u00a0<\/strong><\/p>\n<p><strong>Um momento<\/strong><\/p>\n<p>Fam\u00edlia reunida<\/p>\n<p>&nbsp;<\/p>\n<p><strong>Um homem<\/strong><\/p>\n<p>Winston Churchill<\/p>\n<p>&nbsp;<\/p>\n<p><strong>Uma mulher<\/strong><\/p>\n<p>Minha m\u00e3e<\/p>\n<p>&nbsp;<\/p>\n<p><strong>Deus<\/strong><\/p>\n<p>F\u00e9<\/p>\n","protected":false},"excerpt":{"rendered":"<p>\u201cSe o dia tem 24 horas, tem oito para descansar e ainda 16 horas para as atividades. Tem de ficar [&hellip;]<\/p>\n","protected":false},"author":1,"featured_media":13819,"comment_status":"closed","ping_status":"closed","sticky":false,"template":"","format":"standard","meta":{"footnotes":""},"categories":[5,8],"tags":[],"class_list":["post-13822","post","type-post","status-publish","format-standard","has-post-thumbnail","hentry","category-coluna","category-noticias"],"_links":{"self":[{"href":"https:\/\/gilfuentes.com.br\/novo\/wp-json\/wp\/v2\/posts\/13822","targetHints":{"allow":["GET"]}}],"collection":[{"href":"https:\/\/gilfuentes.com.br\/novo\/wp-json\/wp\/v2\/posts"}],"about":[{"href":"https:\/\/gilfuentes.com.br\/novo\/wp-json\/wp\/v2\/types\/post"}],"author":[{"embeddable":true,"href":"https:\/\/gilfuentes.com.br\/novo\/wp-json\/wp\/v2\/users\/1"}],"replies":[{"embeddable":true,"href":"https:\/\/gilfuentes.com.br\/novo\/wp-json\/wp\/v2\/comments?post=13822"}],"version-history":[{"count":9,"href":"https:\/\/gilfuentes.com.br\/novo\/wp-json\/wp\/v2\/posts\/13822\/revisions"}],"predecessor-version":[{"id":13836,"href":"https:\/\/gilfuentes.com.br\/novo\/wp-json\/wp\/v2\/posts\/13822\/revisions\/13836"}],"wp:featuredmedia":[{"embeddable":true,"href":"https:\/\/gilfuentes.com.br\/novo\/wp-json\/wp\/v2\/media\/13819"}],"wp:attachment":[{"href":"https:\/\/gilfuentes.com.br\/novo\/wp-json\/wp\/v2\/media?parent=13822"}],"wp:term":[{"taxonomy":"category","embeddable":true,"href":"https:\/\/gilfuentes.com.br\/novo\/wp-json\/wp\/v2\/categories?post=13822"},{"taxonomy":"post_tag","embeddable":true,"href":"https:\/\/gilfuentes.com.br\/novo\/wp-json\/wp\/v2\/tags?post=13822"}],"curies":[{"name":"wp","href":"https:\/\/api.w.org\/{rel}","templated":true}]}}